{"id":10557,"date":"2024-08-06T20:35:55","date_gmt":"2024-08-06T18:35:55","guid":{"rendered":"https:\/\/vizum.sk\/?p=10557"},"modified":"2024-08-06T20:49:30","modified_gmt":"2024-08-06T18:49:30","slug":"vypadok-terminov-rezervacneho-systemu","status":"publish","type":"post","link":"https:\/\/vizum.sk\/de\/ausfall-des-reservierungssystems\/","title":{"rendered":"Ausfall der Termine des Reservierungssystems"},"content":{"rendered":"<div data-elementor-type=\"wp-post\" data-elementor-id=\"10557\" class=\"elementor elementor-10557\">\n\t\t\t\t\t\t<section class=\"elementor-section elementor-top-section elementor-element elementor-element-2814606 elementor-section-boxed elementor-section-height-default elementor-section-height-default\" data-id=\"2814606\" data-element_type=\"section\">\n\t\t\t\t\t\t<div class=\"elementor-container elementor-column-gap-default\">\n\t\t\t\t\t<div class=\"elementor-column elementor-col-100 elementor-top-column elementor-element elementor-element-29f5854\" data-id=\"29f5854\" data-element_type=\"column\">\n\t\t\t<div class=\"elementor-widget-wrap elementor-element-populated\">\n\t\t\t\t\t\t<div class=\"elementor-element elementor-element-fab7851 elementor-widget elementor-widget-text-editor\" data-id=\"fab7851\" data-element_type=\"widget\" data-widget_type=\"text-editor.default\">\n\t\t\t\t<div class=\"elementor-widget-container\">\n\t\t\t\t\t\t\t<p>Liebe Kunden,\u00a0<\/p><p>auf diesem Weg m\u00f6chten wir Sie \u00fcber die derzeit fehlenden Termine im Reservierungssystem des Innenministeriums f\u00fcr Ma\u00dfnahmen im Zusammenhang mit der Ausl\u00e4nderpolizei informieren, <strong>wo derzeit ab dem 01.08.2024 eine Frist\u00fcberschreitung vorliegt und es h\u00e4ufig zu einem Ereignis kommt, bei dem das System bei keiner Dienststelle der ausl\u00e4ndischen Polizei eine Frist vorsieht.<\/strong>\u00a0<br \/><br \/>Gleichzeitig weist das Innenministerium auf seiner Website darauf hin, dass Ausnahmen zur Fristgew\u00e4hrung derzeit nicht bearbeitet werden.\u00a0<br \/><br \/><em>\u201eAufgrund des gro\u00dfen Interesses von Ausl\u00e4ndern an der Gew\u00e4hrung\/Erneuerung des Aufenthalts auf dem Territorium der Slowakischen Republik stehen im Reservierungssystem des Innenministeriums der Slowakischen Republik derzeit keine Termine f\u00fcr die betreffenden Lebenssituationen zur Verf\u00fcgung. Aus diesem Grund ist es notwendig, die Verf\u00fcgbarkeit der Termine kontinuierlich zu \u00fcberwachen. Staatsangeh\u00f6rige von Drittstaaten, die eine (erste) Aufenthaltserlaubnis auf dem Gebiet der Slowakischen Republik und der von ihnen gew\u00e4hlten Dienststelle der Auslandspolizei beantragen, haben keinen freien Termin f\u00fcr die Antragstellung. Wir empfehlen Ihnen, einen Termin zu vereinbaren bei der Abteilung der Ausw\u00e4rtigen Polizei der Polizei, die einen freien Termin hat. IN<strong> Im Falle einer Kontaktaufnahme mit der Grenz- und Ausl\u00e4nderpolizeidirektion wegen einer Ausnahme von der Frist aus dem oben genannten Grund wird Ihnen diese M\u00f6glichkeit verweigert.<\/strong>\u201d informiert das Innenministerium der Slowakischen Republik.<\/em><\/p><p>Aufgrund der Schlie\u00dfung des Gro\u00dfraumzentrums in der Bottov\u00e1-Stra\u00dfe 7 in Bratislava ab dem 6. August 2024 werden Antr\u00e4ge auf vor\u00fcbergehende Unterbringung in allen ausl\u00e4ndischen Polizeidienststellen der Polizei bearbeitet. <br \/><br \/><strong>Ab dem 5. August 2024 ist eine Reservierung \u00fcber das Reservierungssystem f\u00fcr die verschiedenen Situationen Tempor\u00e4rer Zufluchtsort obligatorisch. <\/strong>Nicht \u00fcber das Standardreservierungssystem f\u00fcr Ma\u00dfnahmen im Zusammenhang mit der Agenda f\u00fcr Aufenthaltsgenehmigungen.<\/p><p><strong>Gleichzeitig m\u00f6chten wir darauf hinweisen, dass unser Unternehmen keine anderen als die im Reservierungssystem des Innenministeriums der Slowakischen Republik vorgesehenen Termine zur Verf\u00fcgung stellt. Au\u00dferdem k\u00f6nnen wir Ihnen ohne zus\u00e4tzliche Geb\u00fchr keinen Termin au\u00dferhalb des Reservierungssystems anbieten.\u00a0<br \/><\/strong><\/p><p><strong>Dieses Ph\u00e4nomen tritt nicht zum ersten Mal auf und wir sind fest davon \u00fcberzeugt, dass sich die Situation in naher Zukunft verbessern wird.<\/strong><\/p><p>Danke f\u00fcr dein Verst\u00e4ndnis.<\/p>\t\t\t\t\t\t<\/div>\n\t\t\t\t<\/div>\n\t\t\t\t\t<\/div>\n\t\t<\/div>\n\t\t\t\t\t<\/div>\n\t\t<\/section>\n\t\t\t\t<\/div>","protected":false},"excerpt":{"rendered":"<p>Sehr geehrte Kunden, wir m\u00f6chten Sie \u00fcber den aktuellen Terminmangel im Reservierungssystem des Innenministeriums f\u00fcr Ma\u00dfnahmen im Zusammenhang mit der Ausl\u00e4nderpolizei informieren, bei dem seit dem 01.08.2024 ein Terminmangel besteht und es h\u00e4ufig m\u00f6glich ist auf ein Ereignis sto\u00dfen, wenn das System bei keiner Dienststelle der ausl\u00e4ndischen Polizei einen Termin vorsieht. Gleichzeitig informiert das Innenministerium [\u2026]<\/p>","protected":false},"author":1,"featured_media":10558,"comment_status":"open","ping_status":"open","sticky":false,"template":"","format":"standard","meta":{"footnotes":"","iawp_total_views":1602},"categories":[52],"tags":[],"acf":[],"_links":{"self":[{"href":"https:\/\/vizum.sk\/de\/wp-json\/wp\/v2\/posts\/10557"}],"collection":[{"href":"https:\/\/vizum.sk\/de\/wp-json\/wp\/v2\/posts"}],"about":[{"href":"https:\/\/vizum.sk\/de\/wp-json\/wp\/v2\/types\/post"}],"author":[{"embeddable":true,"href":"https:\/\/vizum.sk\/de\/wp-json\/wp\/v2\/users\/1"}],"replies":[{"embeddable":true,"href":"https:\/\/vizum.sk\/de\/wp-json\/wp\/v2\/comments?post=10557"}],"version-history":[{"count":0,"href":"https:\/\/vizum.sk\/de\/wp-json\/wp\/v2\/posts\/10557\/revisions"}],"wp:featuredmedia":[{"embeddable":true,"href":"https:\/\/vizum.sk\/de\/wp-json\/wp\/v2\/media\/10558"}],"wp:attachment":[{"href":"https:\/\/vizum.sk\/de\/wp-json\/wp\/v2\/media?parent=10557"}],"wp:term":[{"taxonomy":"category","embeddable":true,"href":"https:\/\/vizum.sk\/de\/wp-json\/wp\/v2\/categories?post=10557"},{"taxonomy":"post_tag","embeddable":true,"href":"https:\/\/vizum.sk\/de\/wp-json\/wp\/v2\/tags?post=10557"}],"curies":[{"name":"wp","href":"https:\/\/api.w.org\/{rel}","templated":true}]}}