{"id":3534,"date":"2023-01-01T19:55:52","date_gmt":"2023-01-01T18:55:52","guid":{"rendered":"https:\/\/vizum.sk\/?p=3534"},"modified":"2023-01-07T21:14:25","modified_gmt":"2023-01-07T20:14:25","slug":"vstup-chorvatska-do-schengenu","status":"publish","type":"post","link":"https:\/\/vizum.sk\/de\/kroatiens-beitritt-zum-schengen-raum\/","title":{"rendered":"Beitritt Kroatiens zum Schengen-Raum"},"content":{"rendered":"<div data-elementor-type=\"wp-post\" data-elementor-id=\"3534\" class=\"elementor elementor-3534\">\n\t\t\t\t\t\t<section class=\"elementor-section elementor-top-section elementor-element elementor-element-b5fc0e7 elementor-section-boxed elementor-section-height-default elementor-section-height-default\" data-id=\"b5fc0e7\" data-element_type=\"section\">\n\t\t\t\t\t\t<div class=\"elementor-container elementor-column-gap-default\">\n\t\t\t\t\t<div class=\"elementor-column elementor-col-100 elementor-top-column elementor-element elementor-element-7256eab\" data-id=\"7256eab\" data-element_type=\"column\">\n\t\t\t<div class=\"elementor-widget-wrap elementor-element-populated\">\n\t\t\t\t\t\t<div class=\"elementor-element elementor-element-1287647 elementor-widget elementor-widget-text-editor\" data-id=\"1287647\" data-element_type=\"widget\" data-widget_type=\"text-editor.default\">\n\t\t\t\t<div class=\"elementor-widget-container\">\n\t\t\t\t\t\t\t<h4><strong>Kroatien hat seine Schengen-Grenzen ge\u00f6ffnet<\/strong><\/h4><h6><strong>Kroatien wurde drei Jahre, nachdem die Europ\u00e4ische Kommission erstmals festgestellt hatte, dass das Land die Voraussetzungen f\u00fcr den Beitritt zu einer Zone ohne klassische Grenzen erf\u00fcllt, aufgenommen. Dies wird schlie\u00dflich Wirklichkeit werden, zeitgleich mit einem weiteren wichtigen Schritt in der europ\u00e4ischen Integration des Landes, n\u00e4mlich der Einf\u00fchrung des Euro. Die Einf\u00fchrung einer gemeinsamen W\u00e4hrung in Kroatien wurde im Juli von den Finanzministern der Union vereinbart.<\/strong><\/h6><p>Am Sonntag empfing der kroatische Premierminister Andrej Plenkovi\u0107 die Pr\u00e4sidentin der Europ\u00e4ischen Kommission, Ursula von der Leyen, am Grenz\u00fcbergang zu Slowenien, um den Beitritt Kroatiens zum Schengen-Raum der Freiz\u00fcgigkeit zu feiern. P\u00fcnktlich um Mitternacht wurden die Absperrungen an den Grenz\u00fcberg\u00e4ngen aufgehoben.<\/p><p>Das Land feiert auch seinen Beitritt zur Eurozone, und der Finanzminister und der Chef der Zentralbank haben symbolisch Euro an einem Geldautomaten in Zagreb abgehoben, berichteten kroatische Medien.<\/p><h5><strong>Im Kroatien-Urlaub mit EURO und ohne Warteschlangen an Grenz\u00fcberg\u00e4ngen<\/strong><\/h5><p>Am Sonntag begann auch in Kroatien die Einf\u00fchrung der einheitlichen europ\u00e4ischen W\u00e4hrung, des Euro. Finanzminister Marko Primorac feierte diesen Schritt mit Gouverneur Vuj\u010di\u010d und beide hoben 50 Euro vom Geldautomaten ab.\u00a0<strong>&#8220;<\/strong><strong>\u201eIch bin stolz darauf, dass wir in weniger als zehn Jahren seit dem Beitritt zur Europ\u00e4ischen Union ein weiteres strategisches Ziel erreicht haben und dass Kroatien ab heute auch Mitglied der Eurozone ist\u201c,<\/strong>\u00a0Er sagte laut Sender N1 Primorac, dass der Euro ein Symbol sei\u00a0<strong>\u201eFestes Fundament der Stabilit\u00e4t\u201c\u00a0<\/strong>in der Gegenwart\u00a0<strong>\u201eturbulente Zeiten\u201c.<\/strong>\u00a0Vuj\u010di\u0107 beschrieb die M\u00f6glichkeit, Euro an einem kroatischen Geldautomaten abzuheben, als\u00a0<strong>\u201eTolles Gef\u00fchl\u201c<\/strong>.\u00a0<strong>\u201eWir werden krisenfester und attraktiver f\u00fcr Investitionen und Gesch\u00e4fte\u201c,<\/strong>\u00a0f\u00fcgte er hinzu.<\/p><div class=\"headline-meta-source\">Quelle: ta3 tasr chtk<\/div><div class=\"headline-meta-source\">Fotoquelle: TASR\/AP<\/div>\t\t\t\t\t\t<\/div>\n\t\t\t\t<\/div>\n\t\t\t\t\t<\/div>\n\t\t<\/div>\n\t\t\t\t\t<\/div>\n\t\t<\/section>\n\t\t\t\t<\/div>","protected":false},"excerpt":{"rendered":"<p>Kroatien \u00f6ffnete seine Grenzen f\u00fcr den Schengen-Raum. Kroatien wurde drei Jahre, nachdem die Europ\u00e4ische Kommission erstmals festgestellt hatte, dass das Land die Bedingungen f\u00fcr den Beitritt zur Zone ohne klassische Grenzen erf\u00fcllt, aufgenommen. Dies wird schlie\u00dflich Wirklichkeit werden, zeitgleich mit einem weiteren wichtigen Schritt in der europ\u00e4ischen Integration des Landes, n\u00e4mlich der Einf\u00fchrung des Euro. Die Einf\u00fchrung einer gemeinsamen W\u00e4hrung in Kroatien wurde von den Finanzministern der Union vereinbart.<\/p>","protected":false},"author":1,"featured_media":3795,"comment_status":"open","ping_status":"open","sticky":false,"template":"","format":"standard","meta":{"footnotes":"","iawp_total_views":17},"categories":[50],"tags":[],"acf":[],"_links":{"self":[{"href":"https:\/\/vizum.sk\/de\/wp-json\/wp\/v2\/posts\/3534"}],"collection":[{"href":"https:\/\/vizum.sk\/de\/wp-json\/wp\/v2\/posts"}],"about":[{"href":"https:\/\/vizum.sk\/de\/wp-json\/wp\/v2\/types\/post"}],"author":[{"embeddable":true,"href":"https:\/\/vizum.sk\/de\/wp-json\/wp\/v2\/users\/1"}],"replies":[{"embeddable":true,"href":"https:\/\/vizum.sk\/de\/wp-json\/wp\/v2\/comments?post=3534"}],"version-history":[{"count":0,"href":"https:\/\/vizum.sk\/de\/wp-json\/wp\/v2\/posts\/3534\/revisions"}],"wp:featuredmedia":[{"embeddable":true,"href":"https:\/\/vizum.sk\/de\/wp-json\/wp\/v2\/media\/3795"}],"wp:attachment":[{"href":"https:\/\/vizum.sk\/de\/wp-json\/wp\/v2\/media?parent=3534"}],"wp:term":[{"taxonomy":"category","embeddable":true,"href":"https:\/\/vizum.sk\/de\/wp-json\/wp\/v2\/categories?post=3534"},{"taxonomy":"post_tag","embeddable":true,"href":"https:\/\/vizum.sk\/de\/wp-json\/wp\/v2\/tags?post=3534"}],"curies":[{"name":"wp","href":"https:\/\/api.w.org\/{rel}","templated":true}]}}