{"id":8332,"date":"2024-01-24T14:54:32","date_gmt":"2024-01-24T13:54:32","guid":{"rendered":"https:\/\/vizum.sk\/?p=8332"},"modified":"2024-01-24T15:41:34","modified_gmt":"2024-01-24T14:41:34","slug":"planovana-odstavka-rezervacneho-systemu","status":"publish","type":"post","link":"https:\/\/vizum.sk\/de\/geplanter-abschnitt-des-reservierungssystems\/","title":{"rendered":"Geplante Abschaltung des Reservierungssystems"},"content":{"rendered":"<div data-elementor-type=\"wp-post\" data-elementor-id=\"8332\" class=\"elementor elementor-8332\">\n\t\t\t\t\t\t<section class=\"elementor-section elementor-top-section elementor-element elementor-element-f48d50a elementor-section-boxed elementor-section-height-default elementor-section-height-default\" data-id=\"f48d50a\" data-element_type=\"section\">\n\t\t\t\t\t\t<div class=\"elementor-container elementor-column-gap-default\">\n\t\t\t\t\t<div class=\"elementor-column elementor-col-100 elementor-top-column elementor-element elementor-element-e455f7d\" data-id=\"e455f7d\" data-element_type=\"column\">\n\t\t\t<div class=\"elementor-widget-wrap elementor-element-populated\">\n\t\t\t\t\t\t<div class=\"elementor-element elementor-element-67801ed elementor-widget elementor-widget-text-editor\" data-id=\"67801ed\" data-element_type=\"widget\" data-widget_type=\"text-editor.default\">\n\t\t\t\t<div class=\"elementor-widget-container\">\n\t\t\t\t\t\t\t<p>Liebe Kunden,<br \/>wir m\u00f6chten Sie mit der Pressemitteilung des Innenministeriums \u00fcber die geplante technische Abschaltung des Reservierungssystems des Innenministeriums informieren.<\/p><p><strong>Aufgrund des unvermeidlichen geplanten technischen Stillstands\u00a0<a href=\"https:\/\/portal.minv.sk\/wps\/wcm\/connect\/sk\/site\/main\/Rezervacny-system\/\" target=\"_blank\" rel=\"noopener\">Reservierungssystem<\/a>Die M\u00f6glichkeit zur Terminvereinbarung bei Urkunden\u00e4mtern, der Ausl\u00e4nderpolizei oder dem Katasteramt ist am Donnerstag, 25.01.2024, von 9.00 bis ca. 13.00 Uhr nicht erreichbar.\u00a0<br \/><\/strong><strong><br \/>Wir entschuldigen uns bei allen Nutzern von E-Services f\u00fcr etwaige Probleme.<br \/><br \/><br \/><\/strong>Quelle: Pressemitteilungen des Innenministeriums der Slowakischen Republik<\/p><div class=\"a2a_kit a2a_kit_size_32 a2a_default_style\" aria-label=\"Teilen Sie den Artikel\">\u00a0<\/div>\t\t\t\t\t\t<\/div>\n\t\t\t\t<\/div>\n\t\t\t\t\t<\/div>\n\t\t<\/div>\n\t\t\t\t\t<\/div>\n\t\t<\/section>\n\t\t\t\t<\/div>","protected":false},"excerpt":{"rendered":"<p>Liebe Kunden, wir m\u00f6chten Sie mit der Pressemitteilung des Innenministeriums \u00fcber die geplante technische Abschaltung des Reservierungssystems des Innenministeriums informieren. Aufgrund des unumg\u00e4nglichen geplanten technischen Stillstands ist das Reservierungssystem, mit dem Sie einen Termin f\u00fcr Ger\u00e4te bei Urkunden\u00e4mtern, der Ausl\u00e4nderpolizei oder dem Kataster vereinbaren k\u00f6nnen, am Donnerstag, 25.01.2024, von 9.00 Uhr bis ca 13 Uhr An alle Nutzer von E-Services [...]<\/p>","protected":false},"author":1,"featured_media":8333,"comment_status":"open","ping_status":"open","sticky":false,"template":"","format":"standard","meta":{"footnotes":"","iawp_total_views":26},"categories":[70],"tags":[],"acf":[],"_links":{"self":[{"href":"https:\/\/vizum.sk\/de\/wp-json\/wp\/v2\/posts\/8332"}],"collection":[{"href":"https:\/\/vizum.sk\/de\/wp-json\/wp\/v2\/posts"}],"about":[{"href":"https:\/\/vizum.sk\/de\/wp-json\/wp\/v2\/types\/post"}],"author":[{"embeddable":true,"href":"https:\/\/vizum.sk\/de\/wp-json\/wp\/v2\/users\/1"}],"replies":[{"embeddable":true,"href":"https:\/\/vizum.sk\/de\/wp-json\/wp\/v2\/comments?post=8332"}],"version-history":[{"count":0,"href":"https:\/\/vizum.sk\/de\/wp-json\/wp\/v2\/posts\/8332\/revisions"}],"wp:featuredmedia":[{"embeddable":true,"href":"https:\/\/vizum.sk\/de\/wp-json\/wp\/v2\/media\/8333"}],"wp:attachment":[{"href":"https:\/\/vizum.sk\/de\/wp-json\/wp\/v2\/media?parent=8332"}],"wp:term":[{"taxonomy":"category","embeddable":true,"href":"https:\/\/vizum.sk\/de\/wp-json\/wp\/v2\/categories?post=8332"},{"taxonomy":"post_tag","embeddable":true,"href":"https:\/\/vizum.sk\/de\/wp-json\/wp\/v2\/tags?post=8332"}],"curies":[{"name":"wp","href":"https:\/\/api.w.org\/{rel}","templated":true}]}}