{"id":9485,"date":"2024-03-22T07:20:33","date_gmt":"2024-03-22T06:20:33","guid":{"rendered":"https:\/\/vizum.sk\/?p=9485"},"modified":"2024-03-26T12:03:00","modified_gmt":"2024-03-26T11:03:00","slug":"kuba-cestovne-odporucanie","status":"publish","type":"post","link":"https:\/\/vizum.sk\/de\/kuba-reiseempfehlungen\/","title":{"rendered":"Kuba \u2013 Reiseempfehlung"},"content":{"rendered":"<div data-elementor-type=\"wp-post\" data-elementor-id=\"9485\" class=\"elementor elementor-9485\">\n\t\t\t\t\t\t<section class=\"elementor-section elementor-top-section elementor-element elementor-element-2856085 elementor-section-boxed elementor-section-height-default elementor-section-height-default\" data-id=\"2856085\" data-element_type=\"section\">\n\t\t\t\t\t\t<div class=\"elementor-container elementor-column-gap-default\">\n\t\t\t\t\t<div class=\"elementor-column elementor-col-100 elementor-top-column elementor-element elementor-element-a37685c\" data-id=\"a37685c\" data-element_type=\"column\">\n\t\t\t<div class=\"elementor-widget-wrap elementor-element-populated\">\n\t\t\t\t\t\t<div class=\"elementor-element elementor-element-27904e6 elementor-widget elementor-widget-text-editor\" data-id=\"27904e6\" data-element_type=\"widget\" data-widget_type=\"text-editor.default\">\n\t\t\t\t<div class=\"elementor-widget-container\">\n\t\t\t\t\t\t\t<div class=\"ap-prdt-sub-content-area ap-prdt-perex-content-area\">\n<p>In j\u00fcngster Zeit kam es in Kuba zu Unzufriedenheit der Bev\u00f6lkerung mit dem Mangel an Grundnahrungsmitteln und Strom. In diesem Zusammenhang empfehlen wir den B\u00fcrgern, bei gr\u00f6\u00dferen Versammlungen und Demonstrationen vorsichtiger zu sein.<\/p>\n<\/div>\n<div class=\"ap-prdt-sub-content-area ap-prdt-image-content-area\">\n<p>Kuba erlebt die schlimmste Wirtschaftskrise seit drei Jahrzehnten. Zum ersten Mal in seiner Geschichte bat das Land das Weltern\u00e4hrungsprogramm unter der F\u00fchrung der Vereinten Nationen um Hilfe. Dies ist ein beispielloser Schritt.<\/p>\n<p>Es geht um Lieferungen von Milchpulver f\u00fcr Kinder unter sieben Jahren, aber Kuba ist auch mit Treibstoff- und Medikamentenknappheit konfrontiert. Die Leitung des WPF best\u00e4tigte gegen\u00fcber der spanischen Nachrichtenagentur Efe, dass Kuba sie gebeten habe, die Hilfe in Form von Lieferungen von 1 Kilogramm Milchpulver pro Monat f\u00fcr Kinder unter 7 Jahren fortzusetzen. Nach Angaben der Organisation haben die Lieferungen bereits begonnen.<\/p>\n<p>Die Versorgung der kubanischen Bev\u00f6lkerung mit Grundnahrungsmitteln erfolgt auf Basis von Lebensmittelkarten. Das System wurde 1962 unter Fidel Castro eingef\u00fchrt, zu einer Zeit, als die Vereinigten Staaten Sanktionen gegen Kuba verh\u00e4ngten, die die Nahrungsmittelknappheit versch\u00e4rften. Allerdings hat dieses System seine T\u00fccken, die gerade in Krisenzeiten deutlich werden, wenn es h\u00e4ufig zu Engp\u00e4ssen kommt.<\/p>\n<p>Obwohl die Regierung die Vereinigten Staaten, deren Sanktionen gegen Kuba immer noch in Kraft sind, f\u00fcr die ernste Wirtschaftslage verantwortlich macht, die die schlimmste seit drei Jahrzehnten ist. Kritiker sehen jedoch die Schuld bei der kubanischen Regierung und ihrem Missmanagement.<\/p>\n<p>Der Vizepr\u00e4sident der kubanischen Regierung, Jorge Luis Tapia Fonseca, gab letztes Jahr zu, dass Kuba im Prozess der zunehmenden Selbstversorgung im R\u00fcckstand sei, machte jedoch die kubanischen Arbeiter f\u00fcr den mangelnden Fortschritt verantwortlich, weil ihnen seiner Meinung nach eine \u201e Kultur der Produktivit\u00e4t.\u201c \u201eEs braucht Arbeit, um Lebensmittel zu produzieren. \u201eWir alle erwarten, dass sie uns Lebensmittel schicken, aber wir tun nichts, um sie zu produzieren\u201c, wurde er im Juli letzten Jahres zitiert.<\/p>\n<p>Seitdem hat sich der Mangel an Milch und anderen Nahrungsmitteln versch\u00e4rft. Handelsministerin Betsy D\u00edaz warnte Anfang des Monats vor einem Mangel an Babynahrung. Damals erkl\u00e4rte sie, dass die Regierung \u201ejeden Tag daran arbeitet, Alternativen zu finden\u201c.<\/p>\n<\/div>\n<div class=\"ap-prdt-sub-content-area ap-prdt-text-content-area\">\n<p><strong>Generell gilt es, die Grundregeln der pers\u00f6nlichen Sicherheit zu beachten und Konfliktsituationen zu vermeiden. Im Notfall k\u00f6nnen sich B\u00fcrger der Slowakischen Republik an die Notrufnummer der Botschaft der Slowakischen Republik in Havanna wenden: +5352630584 oder an das Ministerium f\u00fcr ausw\u00e4rtige und europ\u00e4ische Angelegenheiten der Slowakischen Republik: +421 2 5978 5978. Unter der Gleichzeitig empfehlen wir slowakischen Staatsb\u00fcrgern bei Reisen ins Ausland, diese zu nutzen&nbsp;<a href=\"https:\/\/www.mzv.sk\/web\/sk\/sluzby\/ak-cestujete-do-zahranicia\/registracia-pred-cestou-do-zahranicia\" target=\"_blank\" rel=\"noopener\">freiwilliger Registrierungsdienst auf der Website des Ministeriums<\/a>&nbsp;oder \u00fcber die mobile Anwendung Svetobe\u017eka.<\/strong><\/p>\n<\/div>\n<p>Quelle: <br>\u2013 MZVaEZ SR Pressemitteilungen&nbsp;<br>\u2013 Liste der Nachrichten&nbsp;<\/p>\t\t\t\t\t\t<\/div>\n\t\t\t\t<\/div>\n\t\t\t\t\t<\/div>\n\t\t<\/div>\n\t\t\t\t\t<\/div>\n\t\t<\/section>\n\t\t\t\t<\/div>","protected":false},"excerpt":{"rendered":"<p>In j\u00fcngster Zeit kam es in Kuba zu Unzufriedenheit der Bev\u00f6lkerung mit dem Mangel an Grundnahrungsmitteln und Strom. In diesem Zusammenhang empfehlen wir den B\u00fcrgern, bei gr\u00f6\u00dferen Versammlungen und Demonstrationen vorsichtiger zu sein. Kuba durchlebt die schlimmste Wirtschaftskrise seit drei Jahrzehnten. Zum ersten Mal in seiner Geschichte bat das Land das Weltern\u00e4hrungsprogramm unter der F\u00fchrung der Vereinten Nationen um Hilfe. Dies ist ein beispielloser Schritt. Der Antrag betrifft [...]<\/p>","protected":false},"author":1,"featured_media":9486,"comment_status":"open","ping_status":"open","sticky":false,"template":"","format":"standard","meta":{"footnotes":"","iawp_total_views":44},"categories":[81,63],"tags":[],"acf":[],"_links":{"self":[{"href":"https:\/\/vizum.sk\/de\/wp-json\/wp\/v2\/posts\/9485"}],"collection":[{"href":"https:\/\/vizum.sk\/de\/wp-json\/wp\/v2\/posts"}],"about":[{"href":"https:\/\/vizum.sk\/de\/wp-json\/wp\/v2\/types\/post"}],"author":[{"embeddable":true,"href":"https:\/\/vizum.sk\/de\/wp-json\/wp\/v2\/users\/1"}],"replies":[{"embeddable":true,"href":"https:\/\/vizum.sk\/de\/wp-json\/wp\/v2\/comments?post=9485"}],"version-history":[{"count":0,"href":"https:\/\/vizum.sk\/de\/wp-json\/wp\/v2\/posts\/9485\/revisions"}],"wp:featuredmedia":[{"embeddable":true,"href":"https:\/\/vizum.sk\/de\/wp-json\/wp\/v2\/media\/9486"}],"wp:attachment":[{"href":"https:\/\/vizum.sk\/de\/wp-json\/wp\/v2\/media?parent=9485"}],"wp:term":[{"taxonomy":"category","embeddable":true,"href":"https:\/\/vizum.sk\/de\/wp-json\/wp\/v2\/categories?post=9485"},{"taxonomy":"post_tag","embeddable":true,"href":"https:\/\/vizum.sk\/de\/wp-json\/wp\/v2\/tags?post=9485"}],"curies":[{"name":"wp","href":"https:\/\/api.w.org\/{rel}","templated":true}]}}