{"id":9861,"date":"2024-06-11T10:00:47","date_gmt":"2024-06-11T08:00:47","guid":{"rendered":"https:\/\/vizum.sk\/?p=9861"},"modified":"2024-06-11T10:57:24","modified_gmt":"2024-06-11T08:57:24","slug":"lex-ukrajina-zmena-v-poskytovani-prispevkov-odidencom","status":"publish","type":"post","link":"https:\/\/vizum.sk\/de\/anderung-des-ukrainischen-gesetzes-hinsichtlich-der-beitragszahlungen-an-auslander\/","title":{"rendered":"Lex Ukraine \u2013 \u00c4nderung bei der Gew\u00e4hrung von Zulagen f\u00fcr Ausw\u00e4rtige"},"content":{"rendered":"<div data-elementor-type=\"wp-post\" data-elementor-id=\"9861\" class=\"elementor elementor-9861\">\n\t\t\t\t\t\t<section class=\"elementor-section elementor-top-section elementor-element elementor-element-11fcc9e elementor-section-boxed elementor-section-height-default elementor-section-height-default\" data-id=\"11fcc9e\" data-element_type=\"section\">\n\t\t\t\t\t\t<div class=\"elementor-container elementor-column-gap-default\">\n\t\t\t\t\t<div class=\"elementor-column elementor-col-100 elementor-top-column elementor-element elementor-element-0e69dd9\" data-id=\"0e69dd9\" data-element_type=\"column\">\n\t\t\t<div class=\"elementor-widget-wrap elementor-element-populated\">\n\t\t\t\t\t\t<div class=\"elementor-element elementor-element-e236b47 elementor-widget elementor-widget-text-editor\" data-id=\"e236b47\" data-element_type=\"widget\" data-widget_type=\"text-editor.default\">\n\t\t\t\t<div class=\"elementor-widget-container\">\n\t\t\t\t\t\t\t<p><strong>Die Regierung hat am Mittwoch, 5. Juni 2024, zugestimmt\u00a0<a title=\"Entwurf eines Gesetzes zur \u00c4nderung des Gesetzes Nr. 480\/2002 Slg. \u00fcber Asyl und \u00fcber die \u00c4nderung bestimmter Gesetze in der jeweils geltenden Fassung und durch die bestimmte Gesetze ge\u00e4ndert werden\" href=\"https:\/\/rokovania.gov.sk\/RVL\/Material\/29644\/1\" target=\"_blank\" rel=\"noopener\">Vorschlag des Innenministeriums zur \u00c4nderung des Gesetzes Nr. 480\/2002 Slg. \u00fcber Asyl<\/a>, die sich auf das Asylverfahren und die Bereitstellung von Notunterk\u00fcnften beziehen. Laut Minister Mat\u00fa\u0161 \u0160utaj E\u0161tok besteht das Ziel darin, die Prozesse im Zusammenhang mit der Gew\u00e4hrung von Schutz f\u00fcr Staatsangeh\u00f6rige aus Drittstaaten auf dem Territorium der Slowakischen Republik zu verbessern und zu rationalisieren.<\/strong><\/p><p><em>\u201eAuswanderern, die zum ersten Mal eine vor\u00fcbergehende Unterkunft in unserem Gebiet gefunden haben, wird 120 Tage lang eine kostenlose Unterkunft zur Verf\u00fcgung gestellt. Nach diesem Zeitraum wird es nur noch schutzbed\u00fcrftigen Personen zur Verf\u00fcgung gestellt. Die H\u00f6he der gew\u00e4hrten Zulage\u00a0<a href=\"https:\/\/www.minv.sk\/?tlacove-spravy-6&amp;sprava=vlada-schvalila-zmeny-v-poskytovani-prispevku-za-ubytovanie-odidencov-z-ukrajiny\" target=\"_blank\" rel=\"noopener\">\u00e4ndert sich nicht<\/a><\/em><em>&quot;<\/em><strong><em>\u00a0<\/em>sagte der Innenminister<\/strong>. In solchen F\u00e4llen wird die Regierung neu verhandeln\u00a0<strong>nur \u00fcber die H\u00f6he des geleisteten Beitrags<\/strong>, nicht um eine Ausweitung seiner Bestimmung.\u00a0<\/p><p><strong>Bereitstellung eines Zuschusses f\u00fcr die Unterbringung von Ausw\u00e4rtigen<\/strong>:<\/p><p>Der Zuschuss wird nur unter bestimmten Bedingungen gew\u00e4hrt, einschlie\u00dflich Einschr\u00e4nkungen hinsichtlich der famili\u00e4ren Beziehungen und des Eigentums an Immobilien in der Slowakischen Republik. Es wird zur Verf\u00fcgung gestellt\u00a0<strong>120 Tage ab der ersten Gew\u00e4hrung einer vor\u00fcbergehenden Zuflucht auf dem Territorium der Slowakischen Republik<\/strong>. F\u00fcr einen l\u00e4ngeren Zeitraum besteht die M\u00f6glichkeit, den Zuschuss zur Unterbringung des Auswanderers zu gew\u00e4hren bei Unterbringung:<\/p><ul><li>Mitglieder eines Haushaltes, der Hilfe in materieller Not erh\u00e4lt,<\/li><li>eine Person mit einer schweren Behinderung, die einen Zuschuss zur Unterst\u00fctzung humanit\u00e4rer Hilfe erh\u00e4lt,<\/li><li>Personen, die das 65. Lebensjahr vollendet haben,<\/li><li>ein Kind bis 5 Jahre,<\/li><li>ein alleinerziehender Elternteil, der sich um ein Kind unter 5 Jahren k\u00fcmmert, oder eine Person, die aufgrund einer gerichtlichen Entscheidung pers\u00f6nlich f\u00fcr ein Kind unter 5 Jahren sorgt.<\/li><\/ul><p class=\"p2\"><span class=\"s1\">\u00c4hnliche Regelungen werden f\u00fcr die Unterbringung von Auswanderern in den Asyleinrichtungen des Migrationsamtes des Innenministeriums der Slowakischen Republik vorgeschlagen, sie gelten jedoch f\u00fcr einen engeren Personenkreis.<\/span><\/p><p>Das Verkehrsministerium gew\u00e4hrt keine Zusch\u00fcsse mehr f\u00fcr Unterk\u00fcnfte gem\u00e4\u00df dem Tourismusf\u00f6rderungsgesetz.<\/p><p><strong>Das Verfahren zur Gew\u00e4hrung von vor\u00fcbergehendem Asyl wird auch dann vereinfacht, wenn das Verfahren mit der Geburt eines Kindes auf dem Territorium der Slowakischen Republik eingeleitet wird<\/strong>\u00a0an einen Migranten oder Ausl\u00e4nder, der vor\u00fcbergehend Asyl beantragt. Sie erg\u00e4nzen sich auch gegenseitig\u00a0<strong>neue Gr\u00fcnde f\u00fcr die Einstellung des Verfahrens<\/strong>\u00a0f\u00fcr die Bereitstellung von Notunterk\u00fcnften und Asylverfahren. Falls\u00a0<strong>wiederholte Anfragen<\/strong>\u00a0Mit der Asylgew\u00e4hrung wird auch eine \u201eerhebliche \u00c4nderung des Sachverhalts\u201c bezeichnet.<\/p><p><span class=\"s1\">Ein auf dem Territorium der Slowakischen Republik geborenes Kind eines Antragstellers, eines Asylbewerbers oder eines Ausl\u00e4nders, dem erg\u00e4nzender Schutz gew\u00e4hrt wurde und der bei der Geburt die Staatsb\u00fcrgerschaft eines anderen Mitgliedsstaats der Europ\u00e4ischen Union erwirbt, gilt nicht mehr<strong>er wird von Rechts wegen direkt als Antragsteller betrachtet und das Verfahren zur Gew\u00e4hrung von Asyl wird erst gar nicht eingeleitet.<\/strong><\/span><\/p><p><strong>Der Gesetzentwurf wird Gegenstand eines beschleunigten Gesetzgebungsverfahrens sein, seine Wirksamkeit wird ab dem 1. Juli 2024 gepr\u00fcft.\u00a0<\/strong><\/p><p>Quelle: Pressemitteilungen des Innenministeriums der Slowakischen Republik [minv.sk]<\/p>\t\t\t\t\t\t<\/div>\n\t\t\t\t<\/div>\n\t\t\t\t\t<\/div>\n\t\t<\/div>\n\t\t\t\t\t<\/div>\n\t\t<\/section>\n\t\t\t\t<\/div>","protected":false},"excerpt":{"rendered":"<p>Am Mittwoch, 5. Juni 2024, genehmigte die Regierung den Vorschlag des Innenministeriums zur \u00c4nderung des Gesetzes Nr. 480\/2002 Slg. zum Thema Asyl, die sich auf das Asylverfahren und die Bereitstellung von Notunterk\u00fcnften beziehen. Laut Minister Mat\u00fa\u0161 \u0160utaj E\u0161tok besteht das Ziel darin, die Prozesse im Zusammenhang mit der Gew\u00e4hrung von Schutz f\u00fcr Staatsangeh\u00f6rige aus Drittstaaten auf dem Territorium der Slowakischen Republik zu verbessern und zu rationalisieren. \u201eKostenlose Unterkunft wird [...]<\/p>","protected":false},"author":1,"featured_media":9862,"comment_status":"open","ping_status":"open","sticky":false,"template":"","format":"standard","meta":{"footnotes":"","iawp_total_views":80},"categories":[46],"tags":[],"acf":[],"_links":{"self":[{"href":"https:\/\/vizum.sk\/de\/wp-json\/wp\/v2\/posts\/9861"}],"collection":[{"href":"https:\/\/vizum.sk\/de\/wp-json\/wp\/v2\/posts"}],"about":[{"href":"https:\/\/vizum.sk\/de\/wp-json\/wp\/v2\/types\/post"}],"author":[{"embeddable":true,"href":"https:\/\/vizum.sk\/de\/wp-json\/wp\/v2\/users\/1"}],"replies":[{"embeddable":true,"href":"https:\/\/vizum.sk\/de\/wp-json\/wp\/v2\/comments?post=9861"}],"version-history":[{"count":0,"href":"https:\/\/vizum.sk\/de\/wp-json\/wp\/v2\/posts\/9861\/revisions"}],"wp:featuredmedia":[{"embeddable":true,"href":"https:\/\/vizum.sk\/de\/wp-json\/wp\/v2\/media\/9862"}],"wp:attachment":[{"href":"https:\/\/vizum.sk\/de\/wp-json\/wp\/v2\/media?parent=9861"}],"wp:term":[{"taxonomy":"category","embeddable":true,"href":"https:\/\/vizum.sk\/de\/wp-json\/wp\/v2\/categories?post=9861"},{"taxonomy":"post_tag","embeddable":true,"href":"https:\/\/vizum.sk\/de\/wp-json\/wp\/v2\/tags?post=9861"}],"curies":[{"name":"wp","href":"https:\/\/api.w.org\/{rel}","templated":true}]}}