{"id":14417,"date":"2025-11-27T10:49:31","date_gmt":"2025-11-27T09:49:31","guid":{"rendered":"https:\/\/vizum.sk\/?p=14417"},"modified":"2025-11-27T13:37:29","modified_gmt":"2025-11-27T12:37:29","slug":"cudzinecka-policia-planuje-zvysit-kapcity","status":"publish","type":"post","link":"https:\/\/vizum.sk\/es\/la-policia-de-extranjeria-planea-aumentar-su-capacidad\/","title":{"rendered":"La Polic\u00eda Exterior planea aumentar su capacidad"},"content":{"rendered":"<div data-elementor-type=\"wp-post\" data-elementor-id=\"14417\" class=\"elementor elementor-14417\">\n\t\t\t\t\t\t<section class=\"elementor-section elementor-top-section elementor-element elementor-element-90ecb45 elementor-section-boxed elementor-section-height-default elementor-section-height-default\" data-id=\"90ecb45\" data-element_type=\"section\">\n\t\t\t\t\t\t<div class=\"elementor-container elementor-column-gap-default\">\n\t\t\t\t\t<div class=\"elementor-column elementor-col-100 elementor-top-column elementor-element elementor-element-75b750f\" data-id=\"75b750f\" data-element_type=\"column\">\n\t\t\t<div class=\"elementor-widget-wrap elementor-element-populated\">\n\t\t\t\t\t\t<div class=\"elementor-element elementor-element-6e6adba elementor-widget elementor-widget-text-editor\" data-id=\"6e6adba\" data-element_type=\"widget\" data-widget_type=\"text-editor.default\">\n\t\t\t\t<div class=\"elementor-widget-container\">\n\t\t\t\t\t\t\t<p data-start=\"370\" data-end=\"854\">El Ministerio del Interior de la Rep\u00fablica Eslovaca ha publicado una propuesta que puede afectar fundamentalmente al funcionamiento de la polic\u00eda extranjera en Eslovaquia. El mi\u00e9rcoles 12 de noviembre de 2025, el ministro del Interior, Mat\u00fa\u0161 \u0160utaj E\u0161tok, present\u00f3 al Gobierno un material que responde a la sobrecarga que sufre desde hace tiempo la polic\u00eda de extranjer\u00eda y al creciente n\u00famero de extranjeros que viven en Eslovaquia. Seg\u00fan el ministerio, las capacidades actuales de personal son insuficientes y no cubren las necesidades del programa de residencia a gran escala, que est\u00e1 creciendo m\u00e1s r\u00e1pido que nunca en el pasado. La Polic\u00eda de Extranjer\u00eda tiene previsto aumentar la capacidad de su personal y las horas de atenci\u00f3n.<\/p>\n<p data-start=\"370\" data-end=\"854\">Nuestra agencia lleva tiempo advirtiendo de las complicaciones que se esperan en caso de que se levante la situaci\u00f3n de emergencia relacionada con la guerra en Ucrania, ya que cientos de extranjeros -especialmente los que tienen permiso de residencia por motivos profesionales- llevan m\u00e1s de tres a\u00f1os sin renovar sus estancias, lo que supone un problema puntual e inevitable que la Polic\u00eda de Extranjer\u00eda deber\u00e1 abordar sin demora.<\/p>\n<h4><strong data-start=\"859\" data-end=\"914\">Aumento din\u00e1mico del n\u00famero de extranjeros en Eslovaquia<\/strong><\/h4>\n<p data-start=\"916\" data-end=\"1301\">A finales de 2024, ten\u00edan residencia v\u00e1lida en Eslovaquia <strong data-start=\"966\" data-end=\"987\">337 140 extranjeros<\/strong>. Se trata de la cifra m\u00e1s alta de la historia. Diez a\u00f1os antes, en 2014, solo hab\u00eda <strong data-start=\"1067\" data-end=\"1082\">84 787 personas<\/strong>. En el transcurso de una d\u00e9cada, ha habido casi <strong data-start=\"1128\" data-end=\"1155\">Aumento del 300<\/strong>. Esta tendencia es una prueba clara de que Eslovaquia se est\u00e1 convirtiendo en un pa\u00eds importante para empleados, inversores, estudiantes y familias de distintas partes del mundo.<\/p>\n<p data-start=\"1303\" data-end=\"1600\">El Departamento ha registrado un aumento a\u00fan m\u00e1s significativo del n\u00famero de solicitudes de residencia: hasta un <strong data-start=\"1392\" data-end=\"1401\">320 %<\/strong>. Esto significa que la Polic\u00eda de Extranjer\u00eda tramita en la pr\u00e1ctica un n\u00famero extremadamente elevado de procedimientos, muchos de los cuales requieren mucho tiempo, son complejos desde el punto de vista administrativo y van acompa\u00f1ados de constantes cambios legislativos.<\/p>\n<h4><strong data-start=\"1605\" data-end=\"1674\">La guerra en Ucrania ha afectado considerablemente a la capacidad de la polic\u00eda extranjera<\/strong><\/h4>\n<p data-start=\"1676\" data-end=\"1985\">Uno de los factores clave que han contribuido al enorme aumento de la carga de trabajo de la polic\u00eda extranjera es <strong data-start=\"1781\" data-end=\"1802\">guerra en Ucrania<\/strong>. Desde 2022, Eslovaquia ha recibido a cientos de miles de personas en busca de refugio temporal. Miles de ellas llevan mucho tiempo en Eslovaquia y siguen necesitando ayuda en el \u00e1mbito de la agenda de residencia.<\/p>\n<p data-start=\"1987\" data-end=\"2172\">Seg\u00fan el Ministerio del Interior, es probable que el estado de excepci\u00f3n relacionado con el conflicto en Ucrania termine en un futuro pr\u00f3ximo. Esto tendr\u00e1 un impacto significativo en la agenda de residencia:<\/p>\n<ul data-start=\"2174\" data-end=\"2390\">\n<li data-start=\"2174\" data-end=\"2280\">\n<p data-start=\"2176\" data-end=\"2280\">aproximadamente <strong data-start=\"2186\" data-end=\"2206\">60 000 extranjeros<\/strong>que hayan disfrutado anteriormente de una exenci\u00f3n legal tendr\u00e1n que renovar su residencia,<\/p>\n<\/li>\n<li data-start=\"2281\" data-end=\"2390\">\n<p data-start=\"2283\" data-end=\"2390\">siguiente <strong data-start=\"2291\" data-end=\"2340\">130 000 personas acogidas temporalmente<\/strong> tendr\u00e1 que cambiar a otro tipo de estatuto de residencia.<\/p>\n<\/li>\n<\/ul>\n<p data-start=\"2392\" data-end=\"2606\">Este proceso provocar\u00e1 una de las mayores oleadas administrativas de la historia de la Polic\u00eda de Extranjer\u00eda. Si no hay personal suficiente, esto podr\u00eda provocar tiempos de espera extremos y un deterioro de la disponibilidad de los servicios.<\/p>\n<h4><strong data-start=\"2611\" data-end=\"2689\">Los inversores, la migraci\u00f3n laboral y los estudiantes internacionales aumentan la presi\u00f3n sobre el sistema<\/strong><\/h4>\n<p data-start=\"2691\" data-end=\"2831\">Eslovaquia tambi\u00e9n se enfrenta a un creciente inter\u00e9s de los inversores extranjeros, que traen al pa\u00eds nuevos proyectos y puestos de trabajo. Se trata principalmente de los sectores de:<\/p>\n<ul data-start=\"2833\" data-end=\"2971\">\n<li data-start=\"2833\" data-end=\"2860\">\n<p data-start=\"2835\" data-end=\"2860\">industria del autom\u00f3vil,<\/p>\n<\/li>\n<li data-start=\"2833\" data-end=\"2860\">\n<p data-start=\"2835\" data-end=\"2860\"><span style=\"background-color: transparent;\">transporte y log\u00edstica,<\/span><\/p>\n<\/li>\n<li data-start=\"2886\" data-end=\"2928\">\n<p data-start=\"2888\" data-end=\"2928\">enfermer\u00eda y servicios sanitarios,<\/p>\n<\/li>\n<li data-start=\"2929\" data-end=\"2945\">\n<p data-start=\"2931\" data-end=\"2945\">gastronom\u00eda,<\/p>\n<\/li>\n<li data-start=\"2929\" data-end=\"2945\">\n<p data-start=\"2931\" data-end=\"2945\"><span style=\"background-color: transparent;\">industrias tecnol\u00f3gicas.<\/span><\/p>\n<\/li>\n<\/ul>\n<p data-start=\"2973\" data-end=\"3214\">Muchas de estas empresas anticipan la llegada de trabajadores de terceros pa\u00edses que necesitan conceder o renovar su residencia. Tambi\u00e9n est\u00e1n llegando muchas solicitudes de <strong data-start=\"3144\" data-end=\"3170\">estudiantes internacionales<\/strong>que acuden a las universidades eslovacas.<\/p>\n<p data-start=\"3216\" data-end=\"3340\">El Ministerio del Interior se\u00f1ala que la capacidad actual de la polic\u00eda de extranjer\u00eda no est\u00e1 preparada para tal escala de flujos migratorios.<\/p>\n<h4><strong data-start=\"3345\" data-end=\"3422\">Medidas previstas: nuevos centros de extranjeros y aumento de personal<\/strong><\/h4>\n<p data-start=\"3424\" data-end=\"3520\">El ministro Mat\u00fa\u0161 \u0160utaj E\u0161tok ha declarado que el refuerzo de la polic\u00eda de extranjer\u00eda debe aplicarse en forma de:<\/p>\n<ol data-start=\"3522\" data-end=\"3673\">\n<li data-start=\"3522\" data-end=\"3579\">\n<p data-start=\"3525\" data-end=\"3579\"><strong data-start=\"3525\" data-end=\"3576\">creaci\u00f3n de centros de extranjeros de gran capacidad<\/strong>,<\/p>\n<\/li>\n<li data-start=\"3580\" data-end=\"3673\">\n<p data-start=\"3583\" data-end=\"3673\"><strong data-start=\"3583\" data-end=\"3644\">aumento del n\u00famero de agentes de polic\u00eda y personal administrativo<\/strong> en los departamentos existentes.<\/p>\n<\/li>\n<\/ol>\n<p data-start=\"3675\" data-end=\"3860\">El Departamento ya ha identificado locales adecuados que permitir\u00edan el establecimiento de dichos centros. Su objetivo es acelerar el proceso de tramitaci\u00f3n y reducir la carga de los distintos departamentos de la Polic\u00eda de Extranjer\u00eda.<\/p>\n<h4><strong data-start=\"3866\" data-end=\"3915\">Fortalecimiento de capacidades propuesto por regi\u00f3n<\/strong><\/h4>\n<ul data-start=\"3917\" data-end=\"4131\">\n<li data-start=\"3917\" data-end=\"3988\">\n<p data-start=\"3919\" data-end=\"3988\"><strong data-start=\"3919\" data-end=\"3950\">Direcci\u00f3n HCP Bratislava<\/strong> - fortalecimiento mediante <strong data-start=\"3966\" data-end=\"3985\">50 empleados<\/strong>,<\/p>\n<\/li>\n<li data-start=\"3989\" data-end=\"4065\">\n<p data-start=\"3991\" data-end=\"4065\"><strong data-start=\"3991\" data-end=\"4027\">Direcci\u00f3n de HCP Bansk\u00e1 Bystrica<\/strong> - fortalecimiento mediante <strong data-start=\"4043\" data-end=\"4062\">25 empleados<\/strong>,<\/p>\n<\/li>\n<li data-start=\"4066\" data-end=\"4131\">\n<p data-start=\"4068\" data-end=\"4131\"><strong data-start=\"4068\" data-end=\"4095\">Direcci\u00f3n de HCP Pre\u0161ov<\/strong> - fortalecimiento mediante <strong data-start=\"4111\" data-end=\"4130\">25 empleados<\/strong>.<\/p>\n<\/li>\n<\/ul>\n<p data-start=\"4133\" data-end=\"4365\">La mayor presi\u00f3n a largo plazo la sufren <strong data-start=\"4165\" data-end=\"4183\">OCP Bratislava<\/strong>que tramita el mayor n\u00famero de solicitudes de Eslovaquia. Adem\u00e1s, sufre una importante tasa de vacantes: en lugar de los 57 polic\u00edas previstos, actualmente solo trabajan 37.<\/p>\n<h4><strong data-start=\"4370\" data-end=\"4444\">Mejorar los servicios p\u00fablicos: m\u00e1s puestos de trabajo, horarios m\u00e1s amplios<\/strong><\/h4>\n<p data-start=\"4446\" data-end=\"4600\">Adem\u00e1s de los refuerzos de personal, el material tambi\u00e9n prev\u00e9 una serie de medidas pr\u00e1cticas para mejorar directamente la comodidad de los solicitantes. El Ministerio propone:<\/p>\n<ul data-start=\"4602\" data-end=\"4813\">\n<li data-start=\"4602\" data-end=\"4671\">\n<p data-start=\"4604\" data-end=\"4671\">Aumentar el n\u00famero de ventanillas de tramitaci\u00f3n en las oficinas web,<\/p>\n<\/li>\n<li data-start=\"4672\" data-end=\"4735\">\n<p data-start=\"4674\" data-end=\"4735\">cuando esto no sea posible, <strong data-start=\"4700\" data-end=\"4732\">ampliaci\u00f3n del horario de la p\u00e1gina<\/strong>,<\/p>\n<\/li>\n<li data-start=\"4736\" data-end=\"4813\">\n<p data-start=\"4738\" data-end=\"4813\">optimizar los procesos administrativos para reducir los tiempos de espera.<\/p>\n<\/li>\n<\/ul>\n<p data-start=\"4815\" data-end=\"4957\">El objetivo es aumentar la eficacia y disponibilidad de los servicios para que los solicitantes no tengan que enfrentarse a colas de varias horas o a citas no disponibles.<\/p>\n<p data-start=\"4815\" data-end=\"4957\">Fuente.<\/p>\t\t\t\t\t\t<\/div>\n\t\t\t\t<\/div>\n\t\t\t\t\t<\/div>\n\t\t<\/div>\n\t\t\t\t\t<\/div>\n\t\t<\/section>\n\t\t\t\t<\/div>","protected":false},"excerpt":{"rendered":"<p>El Ministerio del Interior de la Rep\u00fablica Eslovaca ha publicado una propuesta que puede afectar fundamentalmente al funcionamiento de la polic\u00eda extranjera en Eslovaquia. El mi\u00e9rcoles 12 de noviembre de 2025, el ministro del Interior, Mat\u00fa\u0161 \u0160utaj E\u0161tok, present\u00f3 al Gobierno un material que responde a la sobrecarga que sufre desde hace tiempo la polic\u00eda extranjera y al creciente n\u00famero de extranjeros que viven en Eslovaquia. Seg\u00fan el ministerio, las capacidades actuales de personal son insuficientes y no responden a las necesidades [...]<\/p>","protected":false},"author":1,"featured_media":14419,"comment_status":"open","ping_status":"open","sticky":false,"template":"","format":"standard","meta":{"footnotes":"","iawp_total_views":318},"categories":[70,52],"tags":[],"acf":[],"_links":{"self":[{"href":"https:\/\/vizum.sk\/es\/wp-json\/wp\/v2\/posts\/14417"}],"collection":[{"href":"https:\/\/vizum.sk\/es\/wp-json\/wp\/v2\/posts"}],"about":[{"href":"https:\/\/vizum.sk\/es\/wp-json\/wp\/v2\/types\/post"}],"author":[{"embeddable":true,"href":"https:\/\/vizum.sk\/es\/wp-json\/wp\/v2\/users\/1"}],"replies":[{"embeddable":true,"href":"https:\/\/vizum.sk\/es\/wp-json\/wp\/v2\/comments?post=14417"}],"version-history":[{"count":26,"href":"https:\/\/vizum.sk\/es\/wp-json\/wp\/v2\/posts\/14417\/revisions"}],"predecessor-version":[{"id":14446,"href":"https:\/\/vizum.sk\/es\/wp-json\/wp\/v2\/posts\/14417\/revisions\/14446"}],"wp:featuredmedia":[{"embeddable":true,"href":"https:\/\/vizum.sk\/es\/wp-json\/wp\/v2\/media\/14419"}],"wp:attachment":[{"href":"https:\/\/vizum.sk\/es\/wp-json\/wp\/v2\/media?parent=14417"}],"wp:term":[{"taxonomy":"category","embeddable":true,"href":"https:\/\/vizum.sk\/es\/wp-json\/wp\/v2\/categories?post=14417"},{"taxonomy":"post_tag","embeddable":true,"href":"https:\/\/vizum.sk\/es\/wp-json\/wp\/v2\/tags?post=14417"}],"curies":[{"name":"wp","href":"https:\/\/api.w.org\/{rel}","templated":true}]}}