{"id":14512,"date":"2026-01-15T21:20:19","date_gmt":"2026-01-15T20:20:19","guid":{"rendered":"https:\/\/vizum.sk\/?p=14512"},"modified":"2026-01-15T21:29:47","modified_gmt":"2026-01-15T20:29:47","slug":"upozornenie-cudzinecka-policia-bude-19-01-2026-zatvorena","status":"publish","type":"post","link":"https:\/\/vizum.sk\/es\/aviso-la-policia-de-extranjeria-permanecera-cerrada-el-19-01-2026\/","title":{"rendered":"Nota: La Polic\u00eda de Extranjer\u00eda permanecer\u00e1 cerrada el 19.01.2026"},"content":{"rendered":"<div data-elementor-type=\"wp-post\" data-elementor-id=\"14512\" class=\"elementor elementor-14512\">\n\t\t\t\t\t\t<section class=\"elementor-section elementor-top-section elementor-element elementor-element-438ec30 elementor-section-boxed elementor-section-height-default elementor-section-height-default\" data-id=\"438ec30\" data-element_type=\"section\">\n\t\t\t\t\t\t<div class=\"elementor-container elementor-column-gap-default\">\n\t\t\t\t\t<div class=\"elementor-column elementor-col-100 elementor-top-column elementor-element elementor-element-59f369f\" data-id=\"59f369f\" data-element_type=\"column\">\n\t\t\t<div class=\"elementor-widget-wrap elementor-element-populated\">\n\t\t\t\t\t\t<div class=\"elementor-element elementor-element-03b3608 elementor-widget elementor-widget-text-editor\" data-id=\"03b3608\" data-element_type=\"widget\" data-widget_type=\"text-editor.default\">\n\t\t\t\t<div class=\"elementor-widget-container\">\n\t\t\t\t\t\t\t<p>El Ministerio del Interior de la Rep\u00fablica Eslovaca avisa a los ciudadanos de una reducci\u00f3n de servicios prevista que afectar\u00e1 a los centros de trabajo de toda Eslovaquia. El lunes <b data-path-to-node=\"4\" data-index-in-node=\"156\">19 de enero de 2026<\/b> los servicios no estar\u00e1n disponibles en los departamentos clave por razones t\u00e9cnicas. Todas las citas existentes se han trasladado a <b>21 de enero de 2026 <\/b>con la hora original, tambi\u00e9n sigue siendo v\u00e1lido el mismo c\u00f3digo PIN que se le envi\u00f3. <b>Mant\u00e9ngase atento a su buz\u00f3n de correo electr\u00f3nico para obtener informaci\u00f3n exacta sobre la reprogramaci\u00f3n.<\/b><\/p><h3 data-path-to-node=\"5\">Alcance del cierre<\/h3><p data-path-to-node=\"6\">La interrupci\u00f3n afecta a todos los centros de la Rep\u00fablica Eslovaca, a saber:<\/p><p data-path-to-node=\"6\"><b style=\"background-color: transparent;\" data-path-to-node=\"7,0,0\" data-index-in-node=\"0\">Departamentos de documentos<\/b><span style=\"background-color: transparent;\"> (expedici\u00f3n de documentos de identidad, pasaportes, permisos de conducir).<br \/><\/span><b style=\"background-color: transparent;\" data-path-to-node=\"7,1,0\" data-index-in-node=\"0\">Inspecciones de tr\u00e1fico<\/b><span style=\"background-color: transparent;\"> (matriculaci\u00f3n de veh\u00edculos y operaciones conexas).<br \/><\/span><b style=\"background-color: transparent;\" data-path-to-node=\"7,2,0\" data-index-in-node=\"0\">Departamentos de polic\u00eda extranjeros<\/b><span style=\"background-color: transparent;\"> PZ.<\/span><\/p><h3 data-path-to-node=\"8\">Motivo de la interrupci\u00f3n de los servicios<\/h3><p data-path-to-node=\"9\">El motivo de esta restricci\u00f3n es <b data-path-to-node=\"9\" data-index-in-node=\"28\">intervenci\u00f3n t\u00e9cnica prevista en la infraestructura de comunicaci\u00f3n<\/b> Ministerio del Interior de la Rep\u00fablica Eslovaca. Debido a la complejidad y naturaleza de los trabajos, no es posible realizar esta intervenci\u00f3n durante el funcionamiento normal sin una parada completa de los sistemas.<\/p><blockquote data-path-to-node=\"10\"><p data-path-to-node=\"10,0\"><b data-path-to-node=\"10,0\" data-index-in-node=\"0\">Aviso importante:<\/b> Los ciudadanos que hayan hecho una reserva en l\u00ednea para esta cita recibir\u00e1n un aviso de cancelaci\u00f3n. Podr\u00e1n utilizar las pr\u00f3ximas fechas disponibles en los d\u00edas siguientes para tramitar sus solicitudes.<\/p><\/blockquote><h3 data-path-to-node=\"11\">Recomendaciones al p\u00fablico<\/h3><ul data-path-to-node=\"12\"><li><p data-path-to-node=\"12,0,0\"><b data-path-to-node=\"12,0,0\" data-index-in-node=\"0\">Planifica con antelaci\u00f3n:<\/b> Si necesita tratar asuntos urgentes, le recomendamos que acuda a las oficinas antes del viernes 16 de enero o, posteriormente, a partir del martes 20 de enero.<\/p><\/li><li><p data-path-to-node=\"12,1,0\"><b data-path-to-node=\"12,1,0\" data-index-in-node=\"0\">Servicios electr\u00f3nicos:<\/b> Algunos servicios electr\u00f3nicos del Ministerio del Interior de la Rep\u00fablica Eslovaca vinculados a la infraestructura afectada tambi\u00e9n pueden no estar disponibles durante la intervenci\u00f3n t\u00e9cnica.<\/p><\/li><\/ul><p data-path-to-node=\"13\">El Ministerio del Interior pide disculpas por las molestias ocasionadas y agradece su comprensi\u00f3n. El objetivo de la modernizaci\u00f3n t\u00e9cnica es garantizar una mayor estabilidad y seguridad de los sistemas estatales.<\/p><p data-path-to-node=\"13\">Fuente.<\/p>\t\t\t\t\t\t<\/div>\n\t\t\t\t<\/div>\n\t\t\t\t\t<\/div>\n\t\t<\/div>\n\t\t\t\t\t<\/div>\n\t\t<\/section>\n\t\t\t\t<\/div>","protected":false},"excerpt":{"rendered":"<p>El Ministerio del Interior de la Rep\u00fablica Eslovaca avisa a los ciudadanos de una reducci\u00f3n prevista de los servicios que afectar\u00e1 a los centros de trabajo de toda Eslovaquia. El lunes 19 de enero de 2026, los servicios no estar\u00e1n disponibles en los departamentos clave por razones t\u00e9cnicas. Todas las citas existentes se han trasladado al 21 de enero de 2026 con la hora original, tambi\u00e9n sigue vigente el mismo c\u00f3digo PIN que se le envi\u00f3. Mantenga [...]<\/p>","protected":false},"author":1,"featured_media":14521,"comment_status":"open","ping_status":"open","sticky":false,"template":"","format":"standard","meta":{"footnotes":"","iawp_total_views":69},"categories":[70],"tags":[],"acf":[],"_links":{"self":[{"href":"https:\/\/vizum.sk\/es\/wp-json\/wp\/v2\/posts\/14512"}],"collection":[{"href":"https:\/\/vizum.sk\/es\/wp-json\/wp\/v2\/posts"}],"about":[{"href":"https:\/\/vizum.sk\/es\/wp-json\/wp\/v2\/types\/post"}],"author":[{"embeddable":true,"href":"https:\/\/vizum.sk\/es\/wp-json\/wp\/v2\/users\/1"}],"replies":[{"embeddable":true,"href":"https:\/\/vizum.sk\/es\/wp-json\/wp\/v2\/comments?post=14512"}],"version-history":[{"count":7,"href":"https:\/\/vizum.sk\/es\/wp-json\/wp\/v2\/posts\/14512\/revisions"}],"predecessor-version":[{"id":14519,"href":"https:\/\/vizum.sk\/es\/wp-json\/wp\/v2\/posts\/14512\/revisions\/14519"}],"wp:featuredmedia":[{"embeddable":true,"href":"https:\/\/vizum.sk\/es\/wp-json\/wp\/v2\/media\/14521"}],"wp:attachment":[{"href":"https:\/\/vizum.sk\/es\/wp-json\/wp\/v2\/media?parent=14512"}],"wp:term":[{"taxonomy":"category","embeddable":true,"href":"https:\/\/vizum.sk\/es\/wp-json\/wp\/v2\/categories?post=14512"},{"taxonomy":"post_tag","embeddable":true,"href":"https:\/\/vizum.sk\/es\/wp-json\/wp\/v2\/tags?post=14512"}],"curies":[{"name":"wp","href":"https:\/\/api.w.org\/{rel}","templated":true}]}}