{"id":14588,"date":"2026-03-01T20:16:27","date_gmt":"2026-03-01T19:16:27","guid":{"rendered":"https:\/\/vizum.sk\/?p=14588"},"modified":"2026-03-01T20:26:25","modified_gmt":"2026-03-01T19:26:25","slug":"aktualna-situacia-na-blizkom-vychode","status":"publish","type":"post","link":"https:\/\/vizum.sk\/es\/situacion-actual-en-oriente-medio\/","title":{"rendered":"Situaci\u00f3n actual en Oriente Medio"},"content":{"rendered":"<div data-elementor-type=\"wp-post\" data-elementor-id=\"14588\" class=\"elementor elementor-14588\">\n\t\t\t\t\t\t<section class=\"elementor-section elementor-top-section elementor-element elementor-element-a8d9c32 elementor-section-boxed elementor-section-height-default elementor-section-height-default\" data-id=\"a8d9c32\" data-element_type=\"section\">\n\t\t\t\t\t\t<div class=\"elementor-container elementor-column-gap-default\">\n\t\t\t\t\t<div class=\"elementor-column elementor-col-100 elementor-top-column elementor-element elementor-element-3565ef0\" data-id=\"3565ef0\" data-element_type=\"column\">\n\t\t\t<div class=\"elementor-widget-wrap elementor-element-populated\">\n\t\t\t\t\t\t<div class=\"elementor-element elementor-element-27e472d elementor-widget elementor-widget-text-editor\" data-id=\"27e472d\" data-element_type=\"widget\" data-widget_type=\"text-editor.default\">\n\t\t\t\t<div class=\"elementor-widget-container\">\n\t\t\t\t\t\t\t<h3 data-path-to-node=\"3\"><b data-path-to-node=\"3\" data-index-in-node=\"0\">An\u00e1lisis exhaustivo y orientaci\u00f3n en materia de seguridad en relaci\u00f3n con la escalada de tensiones en la regi\u00f3n de Oriente Medio.<\/b><\/h3><p data-path-to-node=\"4\"><b data-path-to-node=\"4\" data-index-in-node=\"0\">Bratislava, 1 de marzo de 2026<\/b> El Ministerio de Asuntos Exteriores y Europeos de la Rep\u00fablica Eslovaca (MZVEZ SR), en estrecha colaboraci\u00f3n con el Ministerio del Interior y socios internacionales, est\u00e1 monitoreando el grave deterioro de la situaci\u00f3n de seguridad en la regi\u00f3n de Oriente Medio. Tras la confirmaci\u00f3n de la muerte del l\u00edder supremo de Ir\u00e1n, Ali Khamenei, y la eliminaci\u00f3n de varios miembros del alto mando de la Rep\u00fablica Isl\u00e1mica de Ir\u00e1n, se ha producido una escalada incontrolada de la tensi\u00f3n, que repercute directamente en la seguridad de los ciudadanos eslovacos y en la estabilidad de los mercados globales.<\/p><h4 data-path-to-node=\"5\"><b data-path-to-node=\"5\" data-index-in-node=\"0\">An\u00e1lisis de los riesgos de seguridad y la situaci\u00f3n militar.<\/b><\/h4><p data-path-to-node=\"6\">La actual ola de violencia ha trascendido los l\u00edmites de un conflicto local y se ha convertido en una confrontaci\u00f3n regional. Los ataques de represalia iran\u00edes contra importantes aglomeraciones urbanas en los Emiratos \u00c1rabes Unidos (Abu Dabi, Dub\u00e1i), Catar y Bar\u00e9in representan un riesgo inmediato para la poblaci\u00f3n civil. Resulta especialmente preocupante el primer ataque directo contra territorio oman\u00ed, que confirma la expansi\u00f3n de las zonas de conflicto hacia \u00e1reas previamente estables.<\/p><p data-path-to-node=\"7\">En el marco de las operaciones de defensa, se elimin\u00f3 un n\u00famero significativo de misiles bal\u00edsticos y veh\u00edculos a\u00e9reos no tripulados sobre el Golfo P\u00e9rsico. En este sentido, el Ministerio de Asuntos Exteriores de la Rep\u00fablica Eslovaca advierte del peligro secundario que supone el impacto de los restos y fragmentos de munici\u00f3n derribada. Estos objetos pueden presentar un alto grado de inestabilidad y contener componentes t\u00f3xicos o mecanismos de detonaci\u00f3n sin explotar. Por consiguiente, el Ministerio de Diplomacia insta a la ciudadan\u00eda a no manipular objetos desconocidos bajo ninguna circunstancia y a mantener una distancia de seguridad.<\/p><h4 data-path-to-node=\"8\"><b data-path-to-node=\"8\" data-index-in-node=\"0\">Mecanismos planificados de repatriaci\u00f3n y evacuaci\u00f3n<\/b><\/h4><p data-path-to-node=\"9\">Debido al cierre de facto del espacio a\u00e9reo sobre varios pa\u00edses y la par\u00e1lisis del transporte a\u00e9reo comercial, el Ministerio del Interior de la Rep\u00fablica Eslovaca decidi\u00f3 desplegar los recursos del Departamento de Aviaci\u00f3n del Ministerio del Interior de la Rep\u00fablica Eslovaca. El d\u00eda <b data-path-to-node=\"9\" data-index-in-node=\"203\">3 de marzo de 2026<\/b> Est\u00e1n previstos los primeros vuelos de repatriaci\u00f3n en aviones especiales del gobierno, cuyo objetivo es transportar a los ciudadanos eslovacos desde las zonas de riesgo a su patria.<\/p><p data-path-to-node=\"10\">La operaci\u00f3n log\u00edstica se coordina a trav\u00e9s de las embajadas en El Cairo, Tel Aviv y Beirut. Se da prioridad en el transporte a las familias con ni\u00f1os, las personas con problemas de salud y los ciudadanos que se encuentran en zonas de tr\u00e1nsito de aeropuertos internacionales sin posibilidad de trasladarse. El Ministerio de Asuntos Exteriores de la Rep\u00fablica Eslovaca insta a todos los ciudadanos de la regi\u00f3n a actualizar de inmediato sus datos en el sistema de registro voluntario, ya que esta informaci\u00f3n es fundamental para la elaboraci\u00f3n de las listas de evacuaci\u00f3n.<\/p><p data-path-to-node=\"11\"><b data-path-to-node=\"11\" data-index-in-node=\"0\">Consecuencias econ\u00f3micas y estrat\u00e9gicas del bloqueo del estrecho de Ormuz<\/b><\/p><p data-path-to-node=\"12\">Parte de la estrategia militar de Ir\u00e1n ha consistido en bloquear por completo el estrecho de Ormuz, la ruta mar\u00edtima m\u00e1s importante para el transporte de materias primas energ\u00e9ticas. La interrupci\u00f3n del tr\u00e1fico de buques cisterna en este punto ha provocado una conmoci\u00f3n inmediata en los mercados mundiales de materias primas. El precio del crudo Brent ha alcanzado los 100 d\u00f3lares por barril, lo que presagia un impacto dr\u00e1stico en los precios minoristas de los combustibles en Europa.<\/p><p data-path-to-node=\"13\">Seg\u00fan an\u00e1lisis preliminares de expertos en energ\u00eda, el bloqueo del estrecho podr\u00eda provocar un fuerte aumento de los precios en las gasolineras eslovacas. El aumento estimado en los precios de la gasolina y el di\u00e9sel ronda los <b data-path-to-node=\"13\" data-index-in-node=\"201\">0,60 euros por litro<\/b>Esto supone una seria amenaza para la estabilidad inflacionaria y los costes log\u00edsticos en toda la Rep\u00fablica Eslovaca. Por consiguiente, el Gobierno eslovaco est\u00e1 analizando la posibilidad de recurrir a las reservas de petr\u00f3leo de emergencia para mitigar las fluctuaciones de precios en el mercado interno.<\/p><h4 data-path-to-node=\"14\"><b data-path-to-node=\"14\" data-index-in-node=\"0\">Recomendaciones para los ciudadanos y la comunicaci\u00f3n de emergencia<\/b><\/h4><p data-path-to-node=\"15\">El Ministerio de Asuntos Exteriores y Comercio de la Rep\u00fablica Eslovaca recomienda a los ciudadanos eslovacos que se encuentren en las zonas afectadas que activen el r\u00e9gimen de confinamiento domiciliario. Los espacios adecuados son habitaciones interiores sin ventanas, idealmente con el menor n\u00famero posible de paredes exteriores. Es fundamental seguir los canales oficiales de las autoridades locales, como la Autoridad Nacional de Gesti\u00f3n de Emergencias, Crisis y Desastres (NCEMA) en los Emiratos \u00c1rabes Unidos, y acatar estrictamente sus instrucciones.<\/p><p data-path-to-node=\"16\">En caso de emergencia, el Centro Internacional de Operaciones de Crisis en Bratislava y la red de embajadas est\u00e1n disponibles:<\/p><ul data-path-to-node=\"17\"><li><p data-path-to-node=\"17,0,0\"><b data-path-to-node=\"17,0,0\" data-index-in-node=\"0\">Centro Internacional de Crisis Operacional (24\/7):<\/b> +421 2 5978 5978 \/ +421 906 07 5978<\/p><\/li><li><p data-path-to-node=\"17,1,0\"><b data-path-to-node=\"17,1,0\" data-index-in-node=\"0\">Universidad de Tel Aviv (Israel):<\/b> +972 544 556 640<\/p><\/li><li><p data-path-to-node=\"17,2,0\"><b data-path-to-node=\"17,2,0\" data-index-in-node=\"0\">Aeropuerto Internacional de Abu Dhabi (EAU):<\/b> +971 2 594 9130<\/p><\/li><li><p data-path-to-node=\"17,3,0\"><b data-path-to-node=\"17,3,0\" data-index-in-node=\"0\">VZU Beirut (L\u00edbano, Jordania, Irak):<\/b> +961 1 216 808<\/p><\/li><li><p data-path-to-node=\"17,4,0\"><b data-path-to-node=\"17,4,0\" data-index-in-node=\"0\">VZU Teher\u00e1n (Ir\u00e1n):<\/b> +98 912 215 5727<\/p><\/li><li><p data-path-to-node=\"17,5,0\"><b data-path-to-node=\"17,5,0\" data-index-in-node=\"0\">Universidad de El Cairo (Egipto, Om\u00e1n):<\/b> +20 122 216 8086<\/p><\/li><li><p data-path-to-node=\"17,6,0\"><b data-path-to-node=\"17,6,0\" data-index-in-node=\"0\">Riad (Arabia Saudita):<\/b> +966 11 488 2269<\/p><\/li><li><p data-path-to-node=\"17,7,0\"><b data-path-to-node=\"17,7,0\" data-index-in-node=\"0\">VZU Kuwait (Kuwait, Bar\u00e9in, Catar):<\/b> +965 2531 4530<\/p><\/li><\/ul><p data-path-to-node=\"18\">El Ministerio de Asuntos Exteriores de la Rep\u00fablica Eslovaca recuerda que las recomendaciones de viaje son una importante herramienta informativa y que cada ciudadano en el extranjero es personalmente responsable de sus decisiones, mientras que el Ministerio de Diplomacia est\u00e1 haciendo todo lo posible para mitigar el impacto de la crisis actual en la vida y los bienes de los ciudadanos eslovacos.<\/p><hr data-path-to-node=\"19\" \/><p data-path-to-node=\"20\"><b data-path-to-node=\"20\" data-index-in-node=\"0\">Fuente:<\/b> Ministerio de Asuntos Exteriores y Europeos de la Rep\u00fablica Eslovaca \/ vizum.sk <b data-path-to-node=\"20\" data-index-in-node=\"77\">Fecha:<\/b> 01. 03. 2026<\/p>\t\t\t\t\t\t<\/div>\n\t\t\t\t<\/div>\n\t\t\t\t\t<\/div>\n\t\t<\/div>\n\t\t\t\t\t<\/div>\n\t\t<\/section>\n\t\t\t\t<\/div>","protected":false},"excerpt":{"rendered":"<p>An\u00e1lisis exhaustivo y directrices de seguridad en relaci\u00f3n con la escalada en la regi\u00f3n de Oriente Medio Bratislava, 1 de marzo de 2026 \u2013 El Ministerio de Asuntos Exteriores y Europeos de la Rep\u00fablica Eslovaca (MZVEZ SR), en estrecha colaboraci\u00f3n con el Ministerio del Interior y socios internacionales, est\u00e1 supervisando el grave deterioro de la situaci\u00f3n de seguridad en la regi\u00f3n de Oriente Medio. Tras la confirmaci\u00f3n del fallecimiento del m\u00e1ximo funcionario iran\u00ed [\u2026]<\/p>","protected":false},"author":1,"featured_media":14589,"comment_status":"open","ping_status":"open","sticky":false,"template":"","format":"standard","meta":{"footnotes":"","iawp_total_views":56},"categories":[81,70],"tags":[],"acf":[],"_links":{"self":[{"href":"https:\/\/vizum.sk\/es\/wp-json\/wp\/v2\/posts\/14588"}],"collection":[{"href":"https:\/\/vizum.sk\/es\/wp-json\/wp\/v2\/posts"}],"about":[{"href":"https:\/\/vizum.sk\/es\/wp-json\/wp\/v2\/types\/post"}],"author":[{"embeddable":true,"href":"https:\/\/vizum.sk\/es\/wp-json\/wp\/v2\/users\/1"}],"replies":[{"embeddable":true,"href":"https:\/\/vizum.sk\/es\/wp-json\/wp\/v2\/comments?post=14588"}],"version-history":[{"count":6,"href":"https:\/\/vizum.sk\/es\/wp-json\/wp\/v2\/posts\/14588\/revisions"}],"predecessor-version":[{"id":14595,"href":"https:\/\/vizum.sk\/es\/wp-json\/wp\/v2\/posts\/14588\/revisions\/14595"}],"wp:featuredmedia":[{"embeddable":true,"href":"https:\/\/vizum.sk\/es\/wp-json\/wp\/v2\/media\/14589"}],"wp:attachment":[{"href":"https:\/\/vizum.sk\/es\/wp-json\/wp\/v2\/media?parent=14588"}],"wp:term":[{"taxonomy":"category","embeddable":true,"href":"https:\/\/vizum.sk\/es\/wp-json\/wp\/v2\/categories?post=14588"},{"taxonomy":"post_tag","embeddable":true,"href":"https:\/\/vizum.sk\/es\/wp-json\/wp\/v2\/tags?post=14588"}],"curies":[{"name":"wp","href":"https:\/\/api.w.org\/{rel}","templated":true}]}}