{"id":6494,"date":"2023-09-07T11:09:42","date_gmt":"2023-09-07T09:09:42","guid":{"rendered":"https:\/\/vizum.sk\/?p=6494"},"modified":"2024-01-23T18:37:56","modified_gmt":"2024-01-23T17:37:56","slug":"zmena-zakona-o-pobyte-cudzincov-c-404-2011","status":"publish","type":"post","link":"https:\/\/vizum.sk\/es\/zmena-zakona-o-pobyte-cudzincov-c-404-2011\/","title":{"rendered":"Modificaci\u00f3n de la Ley de Residencia de Extranjeros n\u00ba 404\/2011"},"content":{"rendered":"<div data-elementor-type=\"wp-post\" data-elementor-id=\"6494\" class=\"elementor elementor-6494\">\n\t\t\t\t\t\t<section class=\"elementor-section elementor-top-section elementor-element elementor-element-c8f43ac elementor-section-boxed elementor-section-height-default elementor-section-height-default\" data-id=\"c8f43ac\" data-element_type=\"section\">\n\t\t\t\t\t\t<div class=\"elementor-container elementor-column-gap-default\">\n\t\t\t\t\t<div class=\"elementor-column elementor-col-100 elementor-top-column elementor-element elementor-element-b57f167\" data-id=\"b57f167\" data-element_type=\"column\">\n\t\t\t<div class=\"elementor-widget-wrap elementor-element-populated\">\n\t\t\t\t\t\t<div class=\"elementor-element elementor-element-4432eab elementor-widget elementor-widget-text-editor\" data-id=\"4432eab\" data-element_type=\"widget\" data-widget_type=\"text-editor.default\">\n\t\t\t\t<div class=\"elementor-widget-container\">\n\t\t\t\t\t\t\t<p>Estimados clientes,<\/p>\n<p>les traemos informaci\u00f3n sobre la aprobaci\u00f3n de la modificaci\u00f3n de la Ley de Residencia de Extranjeros n\u00ba 404\/2011 Coll. El 06.09.2023, el Gobierno de la Rep\u00fablica Eslovaca aprob\u00f3 un cambio sustancial relativo en particular a la migraci\u00f3n ilegal de personas a trav\u00e9s del territorio de la Rep\u00fablica Eslovaca, cuando la Oficina de Polic\u00eda de Fronteras y Extranjer\u00eda ya no estar\u00e1 obligada a iniciar procedimientos administrativos formales en materia de expulsi\u00f3n administrativa de extranjeros. En general, este cambio deber\u00eda significar una aceleraci\u00f3n sustancial de los procesos en el procedimiento de expulsi\u00f3n administrativa de migrantes y, al mismo tiempo, aliviar el trabajo de la Oficina y de la Unidad de Lucha contra la Migraci\u00f3n Ilegal.<\/p>\n<p>En el siguiente art\u00edculo se ofrece m\u00e1s informaci\u00f3n de la exposici\u00f3n de motivos y la exposici\u00f3n de motivos. Al mismo tiempo, el Gobierno aprob\u00f3 un procedimiento legislativo abreviado, lo que en t\u00e9rminos llanos significa la aceleraci\u00f3n de la entrada en vigor y el efecto de la modificaci\u00f3n de esta ley. Los documentos originales pueden descargarse al final del art\u00edculo.&nbsp;<\/p>\n<p><strong>Otros cambios en la ley, concretamente en los casos de migraci\u00f3n legal, no se realizan modificando esta ley.<\/strong><\/p>\n<p>Debido al aumento de la migraci\u00f3n ilegal en el territorio de la Rep\u00fablica Eslovaca, se propone adoptar medidas eficaces para reducir el n\u00famero de migrantes ilegales y restablecer inmediatamente la posibilidad de expulsi\u00f3n administrativa de estas personas. La migraci\u00f3n ilegal en el territorio de la Rep\u00fablica Eslovaca aumenta constantemente, con 17 529 extranjeros detenidos en el territorio de la Rep\u00fablica Eslovaca entre enero de 2023 y julio de 2023, lo que representa un aumento de 15 611 extranjeros detenidos en el per\u00edodo comparable de 2022. Dentro de esta tendencia de enorme crecimiento, sigue dominando la migraci\u00f3n de tr\u00e1nsito secundario ilegal procedente de la ruta de los Balcanes Occidentales, que registra un aumento de 1 062,3 %, lo que representa hasta 16 934 extranjeros detenidos.<\/p>\n<p>La primera medida es una modificaci\u00f3n de la disposici\u00f3n que obliga al departamento de polic\u00eda a expedir un certificado de estancia en Eslovaquia en determinados casos a un nacional de un tercer pa\u00eds que no pueda ser deportado debido a un obst\u00e1culo a su expulsi\u00f3n administrativa, lo que act\u00faa como factor de atracci\u00f3n para los migrantes irregulares que viajan por la ruta de los Balcanes. La nueva legislaci\u00f3n propone la posibilidad de expedir dicho documento, que ya no se expedir\u00e1 a todos los extranjeros, en particular a los que s\u00f3lo migran a trav\u00e9s del territorio de la Rep\u00fablica Eslovaca hacia otro pa\u00eds. Esto har\u00e1 que la Rep\u00fablica Eslovaca sea menos atractiva en t\u00e9rminos de migraci\u00f3n, lo que deber\u00eda reducir el n\u00famero de extranjeros ilegales.<\/p>\n<p>El proyecto de ley tambi\u00e9n prev\u00e9 los casos en los que no se iniciar\u00e1 un procedimiento administrativo formal de expulsi\u00f3n. Se trata de casos en los que la decisi\u00f3n de expulsi\u00f3n administrativa no puede ejecutarse de forma realista, por ejemplo debido a obst\u00e1culos a la expulsi\u00f3n administrativa. Esta medida reducir\u00e1 significativamente el n\u00famero de procedimientos administrativos y liberar\u00e1 capacidad para luchar contra la inmigraci\u00f3n ilegal.<\/p>\n<p>Tras el estallido de la situaci\u00f3n de emergencia provocada por la enfermedad COVID-19, se adopt\u00f3 una modificaci\u00f3n de la Ley de Residencia de Extranjeros, que en la disposici\u00f3n del art\u00edculo 131i, apartado 9, de la Ley n.\u00ba 404\/2011 de Residencia de Extranjeros y de Modificaci\u00f3n y Adici\u00f3n de Determinadas Leyes, en su versi\u00f3n modificada, aplaza la ejecuci\u00f3n de la decisi\u00f3n de expulsi\u00f3n administrativa de nacionales de terceros pa\u00edses de nuestro territorio o del territorio de los Estados miembros de la Uni\u00f3n Europea mientras dure la situaci\u00f3n de emergencia. Tambi\u00e9n establece que este aplazamiento no es motivo de excarcelaci\u00f3n en virtud del art\u00edculo 90, apartado 2, letra b), p\u00e1rrafo primero, de la Ley sobre la residencia de extranjeros.<\/p>\n<p>La disposici\u00f3n mencionada se introdujo en la Ley de Residencia de Extranjeros debido a la restricci\u00f3n de los viajes o el traslado de personas a terceros pa\u00edses durante la pandemia de COVID-9 (principalmente por transporte a\u00e9reo) y las medidas antipand\u00e9micas conexas, que impidieron la ejecuci\u00f3n de la decisi\u00f3n de expulsi\u00f3n administrativa a los pa\u00edses de retorno. Cuando se introdujo esta disposici\u00f3n en la Ley de Residencia de Extranjeros, no era posible prever cu\u00e1nto durar\u00eda la situaci\u00f3n de emergencia.<\/p>\n<p>La situaci\u00f3n de emergencia asociada al COVID-19 no se ha levantado en la Rep\u00fablica Eslovaca hasta la fecha, pero la situaci\u00f3n de la pandemia es actualmente favorable 2 y permite viajar sin restricciones. De ah\u00ed el aumento de la afluencia de extranjeros a nuestro territorio y tambi\u00e9n del n\u00famero de decisiones administrativas de expulsi\u00f3n dictadas pero no ejecutables. Por este motivo, tambi\u00e9n resulta inoportuno e ineficaz seguir retrasando la ejecuci\u00f3n de la expulsi\u00f3n administrativa; por lo tanto, como una de las medidas, se propone suprimir la disposici\u00f3n en cuesti\u00f3n de la Ley de residencia de extranjeros.<\/p>\n<p>El proyecto de ley no prev\u00e9 ning\u00fan impacto en el presupuesto de la administraci\u00f3n p\u00fablica, en el entorno empresarial, impactos sociales, impactos medioambientales, impactos en la informatizaci\u00f3n de la sociedad, impactos en los servicios de la administraci\u00f3n p\u00fablica para el ciudadano, o impactos en el matrimonio, la paternidad y la familia.<\/p>\n<p>El proyecto de ley es conforme con la Constituci\u00f3n de la Rep\u00fablica Eslovaca, las leyes constitucionales y las sentencias del Tribunal Constitucional, otras leyes y tratados internacionales y otros documentos internacionales a los que est\u00e1 vinculada la Rep\u00fablica Eslovaca, as\u00ed como con el Derecho de la Uni\u00f3n Europea.<\/p>\n<p><strong>Fuente:<\/strong> <a href=\"https:\/\/rokovania.gov.sk\/RVL\/Material\/28753\/1\" target=\"_blank\" rel=\"noopener\">https:\/\/rokovania.gov.sk\/RVL\/Material\/28753\/1 (direcci\u00f3n segura)<\/a><\/p>\t\t\t\t\t\t<\/div>\n\t\t\t\t<\/div>\n\t\t\t\t<div class=\"elementor-element elementor-element-32db86e elementor-tabs-view-horizontal elementor-widget elementor-widget-tabs\" data-id=\"32db86e\" data-element_type=\"widget\" data-widget_type=\"tabs.default\">\n\t\t\t\t<div class=\"elementor-widget-container\">\n\t\t\t\t\t<div class=\"elementor-tabs\">\n\t\t\t<div class=\"elementor-tabs-wrapper\" role=\"tablist\" >\n\t\t\t\t\t\t\t\t\t<div id=\"elementor-tab-title-5331\" class=\"elementor-tab-title elementor-tab-desktop-title\" aria-selected=\"true\" data-tab=\"1\" role=\"tab\" tabindex=\"0\" aria-controls=\"elementor-tab-content-5331\" aria-expanded=\"false\">Descargar<\/div>\n\t\t\t\t\t\t\t<\/div>\n\t\t\t<div class=\"elementor-tabs-content-wrapper\" role=\"tablist\" aria-orientation=\"vertical\">\n\t\t\t\t\t\t\t\t\t<div class=\"elementor-tab-title elementor-tab-mobile-title\" aria-selected=\"true\" data-tab=\"1\" role=\"tab\" tabindex=\"0\" aria-controls=\"elementor-tab-content-5331\" aria-expanded=\"false\">Descargar<\/div>\n\t\t\t\t\t<div id=\"elementor-tab-content-5331\" class=\"elementor-tab-content elementor-clearfix\" data-tab=\"1\" role=\"tabpanel\" aria-labelledby=\"elementor-tab-title-5331\" tabindex=\"0\" hidden=\"false\"><p><a href=\"https:\/\/vizum.sk\/wp-content\/uploads\/2023\/09\/dovodova_A.pdf\" target=\"_blank\" rel=\"noopener\">Exposici\u00f3n de motivos Parte A. (366 kB)<\/a><\/p><p><a href=\"https:\/\/vizum.sk\/wp-content\/uploads\/2023\/09\/uznesenie.docx\" target=\"_blank\" rel=\"noopener\">Resoluci\u00f3n (26 kB)<\/a><\/p><p><a href=\"https:\/\/vizum.sk\/wp-content\/uploads\/2023\/09\/predkladacia.pdf\" target=\"_blank\" rel=\"noopener\">Informe de presentaci\u00f3n (178 kB)<\/a><\/p><p><a href=\"https:\/\/vizum.sk\/wp-content\/uploads\/2023\/09\/dovodova_B.pdf\" target=\"_blank\" rel=\"noopener\">Exposici\u00f3n de motivos Parte B. (191 kB)<\/a><\/p><\/div>\n\t\t\t\t\t\t\t<\/div>\n\t\t<\/div>\n\t\t\t\t<\/div>\n\t\t\t\t<\/div>\n\t\t\t\t\t<\/div>\n\t\t<\/div>\n\t\t\t\t\t<\/div>\n\t\t<\/section>\n\t\t\t\t<\/div>","protected":false},"excerpt":{"rendered":"<p>Estimados clientes, les traemos informaci\u00f3n sobre la aprobaci\u00f3n de la modificaci\u00f3n de la Ley de Residencia de Extranjeros n\u00ba 404\/2011 Coll. El 06.09.2023 el Gobierno de la Rep\u00fablica Eslovaca aprob\u00f3 un cambio significativo, principalmente relacionado con la migraci\u00f3n ilegal de personas a trav\u00e9s del territorio de la Rep\u00fablica Eslovaca, cuando la Oficina de la Polic\u00eda de Fronteras y Extranjer\u00eda ya no estar\u00e1 obligada a iniciar procedimientos administrativos formales en materia de expulsi\u00f3n administrativa de extranjeros. As\u00ed pues, en general, este cambio deber\u00eda [...]<\/p>","protected":false},"author":1,"featured_media":8328,"comment_status":"open","ping_status":"open","sticky":false,"template":"","format":"standard","meta":{"footnotes":"","iawp_total_views":184},"categories":[46,70],"tags":[],"acf":[],"_links":{"self":[{"href":"https:\/\/vizum.sk\/es\/wp-json\/wp\/v2\/posts\/6494"}],"collection":[{"href":"https:\/\/vizum.sk\/es\/wp-json\/wp\/v2\/posts"}],"about":[{"href":"https:\/\/vizum.sk\/es\/wp-json\/wp\/v2\/types\/post"}],"author":[{"embeddable":true,"href":"https:\/\/vizum.sk\/es\/wp-json\/wp\/v2\/users\/1"}],"replies":[{"embeddable":true,"href":"https:\/\/vizum.sk\/es\/wp-json\/wp\/v2\/comments?post=6494"}],"version-history":[{"count":0,"href":"https:\/\/vizum.sk\/es\/wp-json\/wp\/v2\/posts\/6494\/revisions"}],"wp:featuredmedia":[{"embeddable":true,"href":"https:\/\/vizum.sk\/es\/wp-json\/wp\/v2\/media\/8328"}],"wp:attachment":[{"href":"https:\/\/vizum.sk\/es\/wp-json\/wp\/v2\/media?parent=6494"}],"wp:term":[{"taxonomy":"category","embeddable":true,"href":"https:\/\/vizum.sk\/es\/wp-json\/wp\/v2\/categories?post=6494"},{"taxonomy":"post_tag","embeddable":true,"href":"https:\/\/vizum.sk\/es\/wp-json\/wp\/v2\/tags?post=6494"}],"curies":[{"name":"wp","href":"https:\/\/api.w.org\/{rel}","templated":true}]}}