{"id":6545,"date":"2023-09-08T11:15:18","date_gmt":"2023-09-08T09:15:18","guid":{"rendered":"https:\/\/vizum.sk\/?p=6545"},"modified":"2023-10-06T13:54:15","modified_gmt":"2023-10-06T11:54:15","slug":"uzatvorenie-strankovych-pracovisk-ocp-pz","status":"publish","type":"post","link":"https:\/\/vizum.sk\/es\/cierre-fiesta-centros-de-trabajo-ocp-pz\/","title":{"rendered":"Cierre de los centros OCP PZ"},"content":{"rendered":"<div data-elementor-type=\"wp-post\" data-elementor-id=\"6545\" class=\"elementor elementor-6545\">\n\t\t\t\t\t\t<section class=\"elementor-section elementor-top-section elementor-element elementor-element-356a210 elementor-section-boxed elementor-section-height-default elementor-section-height-default\" data-id=\"356a210\" data-element_type=\"section\">\n\t\t\t\t\t\t<div class=\"elementor-container elementor-column-gap-default\">\n\t\t\t\t\t<div class=\"elementor-column elementor-col-100 elementor-top-column elementor-element elementor-element-957c5c0\" data-id=\"957c5c0\" data-element_type=\"column\">\n\t\t\t<div class=\"elementor-widget-wrap elementor-element-populated\">\n\t\t\t\t\t\t<div class=\"elementor-element elementor-element-7fd9330 elementor-widget elementor-widget-text-editor\" data-id=\"7fd9330\" data-element_type=\"widget\" data-widget_type=\"text-editor.default\">\n\t\t\t\t<div class=\"elementor-widget-container\">\n\t\t\t\t\t\t\t<p>Estimados clientes,\u00a0<br \/>le traemos un art\u00edculo actualizado sobre la situaci\u00f3n actual relacionada con el cierre del Departamento de Polic\u00eda de Extranjer\u00eda. Consulte este art\u00edculo con regularidad para obtener la informaci\u00f3n m\u00e1s reciente.<\/p><p><span style=\"text-decoration: underline;\"><strong>Actualizado el 06.10.2023:<\/strong><\/span><\/p><p><strong>La Oficina de Polic\u00eda de Fronteras y Extranjer\u00eda del Presidium del Cuerpo de Polic\u00eda prorroga la restricci\u00f3n de funcionamiento de todas las sedes de los Departamentos de Polic\u00eda de Extranjer\u00eda del Cuerpo de Polic\u00eda hasta el 15 de octubre de 2023.\u00a0<\/strong><strong>Esto se debe a la persistente necesidad de hacer frente a los retos relacionados con el aumento de la inmigraci\u00f3n ilegal en el territorio de la Rep\u00fablica Eslovaca y la reanudaci\u00f3n de los controles fronterizos con Hungr\u00eda.<\/strong><\/p><p>Dentro de una semana, la polic\u00eda anunciar\u00e1 una revisi\u00f3n de la continuidad de los centros.<\/p><p><br \/><strong>No obstante, en relaci\u00f3n con lo anterior, los siguientes grupos de extranjeros seguir\u00e1n tramit\u00e1ndose en la OCP PZ:<\/strong><\/p><ol><li>Estudiantes que inician su primer a\u00f1o de ense\u00f1anza secundaria o universitaria y ya est\u00e1n inscritos a trav\u00e9s del sistema de reservas,<\/li><li>solicitantes de visados nacionales en inter\u00e9s de la Rep\u00fablica Eslovaca que ya est\u00e9n reservados a trav\u00e9s del sistema de reservas,<\/li><li>solicitantes de residencia temporal por motivos de empleo en el territorio de la Rep\u00fablica Eslovaca reservados a trav\u00e9s del sistema de reservas,<\/li><li>solicitantes de refugio temporal en la Rep\u00fablica Eslovaca.<\/li><\/ol><p class=\"Default\">Podr\u00e1 darse cabida a otros solicitantes,\u00a0<strong>si ya est\u00e1n reservados a trav\u00e9s del sistema de reservas y solicitan una exenci\u00f3n a la Direcci\u00f3n de Polic\u00eda de Fronteras y Extranjer\u00eda competente del Presidium de la PZ<\/strong>\u00a0para equipos y\u00a0<strong>tienen razones objetivas para hacerlo.<\/strong>\u00a0Por ejemplo, pueden estar implicadas las siguientes categor\u00edas de personas:<\/p><ul><li class=\"Default\">extranjeros que necesitan un nuevo permiso de residencia,<\/li><li class=\"Default\">extranjeros cuyos visados D expiran en el momento de la restricci\u00f3n de puestos de trabajo en relaci\u00f3n con sus solicitudes de residencia en la Rep\u00fablica Eslovaca,<\/li><li class=\"Default\">personas que residan legalmente en el territorio de la Rep\u00fablica Eslovaca en virtud de las disposiciones del\u00a0<em>\u00a7 131j(2) de la Ley sobre residencia de extranjeros<\/em>\u00a0relacionados con la situaci\u00f3n de crisis provocada por el COVID-19, han sido reservados hasta el 15 de octubre de 2023 y necesitan solicitar una estancia,<\/li><li class=\"Default\">casos de reagrupaci\u00f3n familiar a personas que ya han recibido una exenci\u00f3n,<\/li><li class=\"Default\">otros casos en los que existan razones objetivas para ello.<\/li><\/ul><p>\u00a0<\/p><p><span style=\"text-decoration: underline;\"><strong>Actualizado el 28.09.2023:<\/strong><\/span><\/p><p><strong>La Oficina de Polic\u00eda de Fronteras y Extranjer\u00eda del Presidium del Cuerpo de Polic\u00eda prorroga la restricci\u00f3n del funcionamiento de todas las sedes de los Departamentos de Polic\u00eda de Extranjer\u00eda del Cuerpo de Polic\u00eda hasta el 8 de octubre de 2023 debido a la persistente necesidad de realizar tareas relacionadas con el enorme aumento de la migraci\u00f3n ilegal en el territorio de la Rep\u00fablica Eslovaca.<\/strong><\/p><p>No obstante, en relaci\u00f3n con lo anterior, los siguientes grupos de extranjeros seguir\u00e1n tramit\u00e1ndose en la OCP PZ:<\/p><ol><li>Estudiantes de primer curso de secundaria o universidad que ya hayan reservado plaza a trav\u00e9s del sistema de reservas,<\/li><li>solicitantes de visados nacionales en inter\u00e9s de la Rep\u00fablica Eslovaca que ya est\u00e9n reservados a trav\u00e9s del sistema de reservas,<\/li><li>solicitantes de refugio temporal en la Rep\u00fablica Eslovaca.<\/li><\/ol><p>La Oficina de la Polic\u00eda de Fronteras y Extranjer\u00eda del Presidium del Cuerpo de Polic\u00eda seguir\u00e1 ocup\u00e1ndose de las siguientes categor\u00edas de personas\u00a0<strong>se expande por otra categor\u00eda,<\/strong>\u00a0m\u00e1s o menos:<\/p><p>&#8211;<strong>\u00a0solicitantes de residencia temporal por motivos de empleo en el territorio de la Rep\u00fablica Eslovaca<\/strong><strong>\u00a0y ya est\u00e1n reservadas a trav\u00e9s del sistema de reservas<\/strong>.<\/p><p>Oficina de Polic\u00eda de Fronteras y Extranjer\u00eda del Presidium del Cuerpo de Polic\u00eda\u00a0<strong>llama la atenci\u00f3n sobre la disposici\u00f3n\u00a0<\/strong><strong>\u00a7 131k (1) de la Ley de Residencia de Extranjeros<\/strong>\u00a0\"la validez de la estancia se prorroga autom\u00e1ticamente hasta la expiraci\u00f3n de dos meses a partir de la retirada de la situaci\u00f3n de emergencia en relaci\u00f3n con la afluencia masiva de extranjeros al territorio de la Rep\u00fablica Eslovaca causada por el conflicto armado en el territorio de Ucrania\".  En relaci\u00f3n con esta disposici\u00f3n, queremos pedir a los extranjeros que esperen antes de solicitar la renovaci\u00f3n de la residencia temporal en el territorio de la Rep\u00fablica Eslovaca. Al mismo tiempo, pedimos a los extranjeros que tengan paciencia con esta situaci\u00f3n y les instamos a no sobrecargar a las Direcciones de Polic\u00eda de Fronteras y Extranjer\u00eda del Presidium del Cuerpo de Polic\u00eda con solicitudes de exenci\u00f3n a menos que sea realmente necesario.<\/p><p>Nos gustar\u00eda llamar especialmente su atenci\u00f3n sobre el hecho de que debido a las obras de construcci\u00f3n en el Departamento de Polic\u00eda de Extranjer\u00eda del Cuerpo de Polic\u00eda\u00a0<strong>Ruzomberok<\/strong>\u00a0este departamento estar\u00e1 del 2 al 4 de octubre de 2023\u00a0<strong>completamente cerrado<\/strong>. Los grupos de personas a los que se apliquen excepciones para la tramitaci\u00f3n y que tengan reservada cita en estos d\u00edas, ser\u00e1n tramitados \u00fanicamente los d\u00edas 5 y 6 de octubre de 2023, siendo necesario ponerse en contacto con la Direcci\u00f3n de Polic\u00eda de Fronteras y Extranjer\u00eda del Presidium del Cuerpo de Polic\u00eda de Bansk\u00e1 bystrica por correo electr\u00f3nico (<a class=\"\" href=\"mailto:rcpbb@minv.sk\">rcpbb@minv.sk<\/a>) para una fecha alternativa.<\/p><p><span style=\"text-decoration: underline;\"><strong>Informe original:<\/strong><\/span><\/p><p><strong>Del 11 al 30 de septiembre de 2023, la Oficina de la Polic\u00eda de Fronteras y Extranjer\u00eda del Presidium del Cuerpo de Polic\u00eda cerrar\u00e1 los lugares de trabajo de todos los departamentos de la Polic\u00eda de Extranjer\u00eda del Cuerpo de Polic\u00eda debido a la necesidad de realizar tareas relacionadas con el enorme aumento de la migraci\u00f3n ilegal en el territorio de la Rep\u00fablica Eslovaca.<\/strong><\/p><p>No obstante, en relaci\u00f3n con lo anterior, la OCP PZ seguir\u00e1 ocup\u00e1ndose de\u00a0<strong>los siguientes grupos de extranjeros:<\/strong><\/p><ul><li>Estudiantes de primer curso de secundaria o universidad que ya hayan reservado plaza a trav\u00e9s del sistema de reservas,<\/li><li>solicitantes de visados nacionales en inter\u00e9s de la Rep\u00fablica Eslovaca que ya est\u00e9n reservados a trav\u00e9s del sistema de reservas,<\/li><li>solicitantes de refugio temporal en el territorio de la Rep\u00fablica Eslovaca.<\/li><\/ul><p>El resto de extranjeros que ya tengan reserva a trav\u00e9s del sistema de reservas y para los que existan razones de especial consideraci\u00f3n por las que ser\u00e1 necesario solicitar un permiso de residencia o un nuevo permiso de residencia, podr\u00e1n solicitar por correo electr\u00f3nico a la Direcci\u00f3n de Polic\u00eda de Fronteras e Inmigraci\u00f3n correspondiente\u00a0<strong>concesi\u00f3n de una exenci\u00f3n<\/strong>\u00a0para la presentaci\u00f3n de la solicitud. De lo contrario, tendr\u00e1n que volver a reservar a trav\u00e9s del sistema de reservas en l\u00ednea para nuevas citas. No es necesario cancelar las fechas originales por separado, esto se har\u00e1 autom\u00e1ticamente.<\/p><p><strong>Aviso<\/strong><\/p><p>Posible\u00a0<strong>fin de estancia<\/strong>\u00a0durante el cierre previsto de los departamentos de Polic\u00eda Exterior de PZ\u00a0<strong>no es motivo de preocupaci\u00f3n<\/strong>ya que seg\u00fan la disposici\u00f3n<em>\u00a0\u00a7 131k (1) de la Ley de Residencia de Extranjeros\u00a0<\/em>la validez de la estancia se prorroga autom\u00e1ticamente hasta la expiraci\u00f3n de dos meses despu\u00e9s de que se levante la situaci\u00f3n de emergencia en relaci\u00f3n con la afluencia masiva de extranjeros al territorio de la Rep\u00fablica Eslovaca causada por el conflicto armado en el territorio de Ucrania.\u00a0\u00a0<\/p><p>Si no se reduce la inmigraci\u00f3n irregular despu\u00e9s del 30 de septiembre de 2023, informaremos oportunamente a los ciudadanos sobre nuevas medidas.<\/p><p><strong>Mantendremos el informe actualizado.<\/strong><\/p><p>Fuente : https:\/\/www.minv.sk\/?tlacove-spravy-2&amp;sprava=strankove-pracoviska-cudzineckej-policie-od-11-do-30-septembra-budu-poskytovat-sluzby-v-obmedzenom-rezime<\/p>\t\t\t\t\t\t<\/div>\n\t\t\t\t<\/div>\n\t\t\t\t\t<\/div>\n\t\t<\/div>\n\t\t\t\t\t<\/div>\n\t\t<\/section>\n\t\t\t\t<\/div>","protected":false},"excerpt":{"rendered":"<p>Estimados clientes, les traemos un art\u00edculo actualizado sobre la situaci\u00f3n actual relacionada con el cierre del Departamento de Polic\u00eda Extranjera. Consulte este art\u00edculo con regularidad para obtener la informaci\u00f3n m\u00e1s reciente. Actualizado el 06.10.2023: La Oficina de la Polic\u00eda de Fronteras y Extranjer\u00eda del Presidium del Cuerpo de Polic\u00eda prorroga la restricci\u00f3n de funcionamiento de todas las sedes de los Departamentos de la Polic\u00eda de Extranjer\u00eda del Cuerpo de Polic\u00eda hasta el 15 de octubre de 2023. La raz\u00f3n es la continua necesidad de cumplir con las tareas relacionadas con el aumento de la migraci\u00f3n ilegal en [...].<\/p>","protected":false},"author":1,"featured_media":6847,"comment_status":"open","ping_status":"open","sticky":false,"template":"","format":"standard","meta":{"footnotes":"","iawp_total_views":146},"categories":[70,52],"tags":[],"acf":[],"_links":{"self":[{"href":"https:\/\/vizum.sk\/es\/wp-json\/wp\/v2\/posts\/6545"}],"collection":[{"href":"https:\/\/vizum.sk\/es\/wp-json\/wp\/v2\/posts"}],"about":[{"href":"https:\/\/vizum.sk\/es\/wp-json\/wp\/v2\/types\/post"}],"author":[{"embeddable":true,"href":"https:\/\/vizum.sk\/es\/wp-json\/wp\/v2\/users\/1"}],"replies":[{"embeddable":true,"href":"https:\/\/vizum.sk\/es\/wp-json\/wp\/v2\/comments?post=6545"}],"version-history":[{"count":0,"href":"https:\/\/vizum.sk\/es\/wp-json\/wp\/v2\/posts\/6545\/revisions"}],"wp:featuredmedia":[{"embeddable":true,"href":"https:\/\/vizum.sk\/es\/wp-json\/wp\/v2\/media\/6847"}],"wp:attachment":[{"href":"https:\/\/vizum.sk\/es\/wp-json\/wp\/v2\/media?parent=6545"}],"wp:term":[{"taxonomy":"category","embeddable":true,"href":"https:\/\/vizum.sk\/es\/wp-json\/wp\/v2\/categories?post=6545"},{"taxonomy":"post_tag","embeddable":true,"href":"https:\/\/vizum.sk\/es\/wp-json\/wp\/v2\/tags?post=6545"}],"curies":[{"name":"wp","href":"https:\/\/api.w.org\/{rel}","templated":true}]}}