{"id":7862,"date":"2023-12-07T10:47:03","date_gmt":"2023-12-07T09:47:03","guid":{"rendered":"https:\/\/vizum.sk\/?p=7862"},"modified":"2023-12-07T12:35:48","modified_gmt":"2023-12-07T11:35:48","slug":"zmena-obchodnych-podmienok","status":"publish","type":"post","link":"https:\/\/vizum.sk\/es\/cambio-de-condiciones-comerciales\/","title":{"rendered":"Cambio de condiciones comerciales."},"content":{"rendered":"<div data-elementor-type=\"wp-post\" data-elementor-id=\"7862\" class=\"elementor elementor-7862\">\n\t\t\t\t\t\t<section class=\"elementor-section elementor-top-section elementor-element elementor-element-65993ec elementor-section-boxed elementor-section-height-default elementor-section-height-default\" data-id=\"65993ec\" data-element_type=\"section\">\n\t\t\t\t\t\t<div class=\"elementor-container elementor-column-gap-default\">\n\t\t\t\t\t<div class=\"elementor-column elementor-col-100 elementor-top-column elementor-element elementor-element-19287b7\" data-id=\"19287b7\" data-element_type=\"column\">\n\t\t\t<div class=\"elementor-widget-wrap elementor-element-populated\">\n\t\t\t\t\t\t<div class=\"elementor-element elementor-element-97b28a7 elementor-widget elementor-widget-text-editor\" data-id=\"97b28a7\" data-element_type=\"widget\" data-widget_type=\"text-editor.default\">\n\t\t\t\t<div class=\"elementor-widget-container\">\n\t\t\t\t\t\t\t<p>Estimados clientes,\u00a0<\/p><p>De esta manera, queremos informarle que a partir de <strong>15.12.2023<\/strong> hay un cambio en las condiciones comerciales y contractuales de la empresa <strong>MTS Consulting, s. r. o.<\/strong>, es decir, seg\u00fan la obligaci\u00f3n del contribuyente del IVA seg\u00fan el \u00a7 4 par. 1 Ley No. 222\/2004 Recop. sobre el impuesto al valor agregado.\u00a0<\/p><p>Con base en lo anterior, nuestra empresa se convierte en contribuyente de IVA con n\u00famero de identificaci\u00f3n a partir del 15.12.2023. <strong>SK2121416231<\/strong>.<\/p><p>A partir de esa fecha, todos los servicios prestados por nosotros estar\u00e1n sujetos al impuesto al valor agregado. <strong>por la cantidad de 20%.<\/strong><\/p><p>Estos cambios estar\u00e1n indicados en la documentaci\u00f3n contractual as\u00ed como en el documento de Condiciones Generales de Contrataci\u00f3n.<\/p><p>Gracias por su comprensi\u00f3n.\u00a0<br \/><br \/>Tuyo sinceramente,\u00a0<br \/>Vizum.sk<\/p>\t\t\t\t\t\t<\/div>\n\t\t\t\t<\/div>\n\t\t\t\t\t<\/div>\n\t\t<\/div>\n\t\t\t\t\t<\/div>\n\t\t<\/section>\n\t\t\t\t<\/div>","protected":false},"excerpt":{"rendered":"<p>Estimados clientes, nos gustar\u00eda informarles que a partir del 15.12.2023 habr\u00e1 un cambio en las condiciones comerciales y contractuales de la empresa MTS Consulting, s.r.o., en forma de obligaci\u00f3n del pagador del IVA seg\u00fan \u00a7 4 par. 1 Ley No. 222\/2004 Recop. sobre el impuesto al valor agregado. Sobre la base de lo anterior, nuestra empresa se convierte en pagador a partir del 15.12.2023 [\u2026]<\/p>","protected":false},"author":1,"featured_media":7869,"comment_status":"open","ping_status":"open","sticky":false,"template":"","format":"standard","meta":{"footnotes":"","iawp_total_views":23},"categories":[51],"tags":[],"acf":[],"_links":{"self":[{"href":"https:\/\/vizum.sk\/es\/wp-json\/wp\/v2\/posts\/7862"}],"collection":[{"href":"https:\/\/vizum.sk\/es\/wp-json\/wp\/v2\/posts"}],"about":[{"href":"https:\/\/vizum.sk\/es\/wp-json\/wp\/v2\/types\/post"}],"author":[{"embeddable":true,"href":"https:\/\/vizum.sk\/es\/wp-json\/wp\/v2\/users\/1"}],"replies":[{"embeddable":true,"href":"https:\/\/vizum.sk\/es\/wp-json\/wp\/v2\/comments?post=7862"}],"version-history":[{"count":0,"href":"https:\/\/vizum.sk\/es\/wp-json\/wp\/v2\/posts\/7862\/revisions"}],"wp:featuredmedia":[{"embeddable":true,"href":"https:\/\/vizum.sk\/es\/wp-json\/wp\/v2\/media\/7869"}],"wp:attachment":[{"href":"https:\/\/vizum.sk\/es\/wp-json\/wp\/v2\/media?parent=7862"}],"wp:term":[{"taxonomy":"category","embeddable":true,"href":"https:\/\/vizum.sk\/es\/wp-json\/wp\/v2\/categories?post=7862"},{"taxonomy":"post_tag","embeddable":true,"href":"https:\/\/vizum.sk\/es\/wp-json\/wp\/v2\/tags?post=7862"}],"curies":[{"name":"wp","href":"https:\/\/api.w.org\/{rel}","templated":true}]}}