{"id":8095,"date":"2024-01-08T10:45:47","date_gmt":"2024-01-08T09:45:47","guid":{"rendered":"https:\/\/vizum.sk\/?p=8095"},"modified":"2024-01-08T21:03:08","modified_gmt":"2024-01-08T20:03:08","slug":"vypadok-elektronickych-sluzieb-mvsr","status":"publish","type":"post","link":"https:\/\/vizum.sk\/es\/interrupcion-de-los-servicios-electronicos-mvsr\/","title":{"rendered":"Interrupci\u00f3n de los servicios electr\u00f3nicos del Ministerio del Interior"},"content":{"rendered":"<div data-elementor-type=\"wp-post\" data-elementor-id=\"8095\" class=\"elementor elementor-8095\">\n\t\t\t\t\t\t<section class=\"elementor-section elementor-top-section elementor-element elementor-element-a7feab8 elementor-section-boxed elementor-section-height-default elementor-section-height-default\" data-id=\"a7feab8\" data-element_type=\"section\">\n\t\t\t\t\t\t<div class=\"elementor-container elementor-column-gap-default\">\n\t\t\t\t\t<div class=\"elementor-column elementor-col-100 elementor-top-column elementor-element elementor-element-a1a78b1\" data-id=\"a1a78b1\" data-element_type=\"column\">\n\t\t\t<div class=\"elementor-widget-wrap elementor-element-populated\">\n\t\t\t\t\t\t<div class=\"elementor-element elementor-element-4553653 elementor-widget elementor-widget-text-editor\" data-id=\"4553653\" data-element_type=\"widget\" data-widget_type=\"text-editor.default\">\n\t\t\t\t<div class=\"elementor-widget-container\">\n\t\t\t\t\t\t\t<p>Estimados clientes,<\/p><p>de esta forma nos gustar\u00eda <strong>inform\u00f3 a trav\u00e9s de un comunicado de prensa del Ministerio del Interior de la Rep\u00fablica Eslovaca sobre la actual interrupci\u00f3n de los servicios electr\u00f3nicos (e-services) del Ministerio del Interior de la Rep\u00fablica Eslovaca.\u00a0<\/strong><\/p><p>Interrupci\u00f3n de los servicios electr\u00f3nicos con <strong>tambi\u00e9n puede aplicarse al sistema de reservas del Departamento de Polic\u00eda de Fronteras y Extranjer\u00eda.\u00a0<\/strong><\/p><p>El Ministerio del Interior informa de que est\u00e1 trabajando intensamente para subsanar el fallo y facilitar\u00e1 m\u00e1s informaci\u00f3n a trav\u00e9s de un comunicado de prensa. Actualizaremos este art\u00edculo cuando el Ministerio del Interior de la Rep\u00fablica Eslovaca haya corregido el fallo.\u00a0<\/p><p><strong>Actualizaci\u00f3n: El fallo t\u00e9cnico se ha resuelto y los servicios electr\u00f3nicos vuelven a funcionar con normalidad.<\/strong><\/p><p>Gracias por su comprensi\u00f3n.\u00a0<\/p><p>Fuente: comunicados de prensa del Ministerio del Interior de la Rep\u00fablica Eslovaca<\/p>\t\t\t\t\t\t<\/div>\n\t\t\t\t<\/div>\n\t\t\t\t\t<\/div>\n\t\t<\/div>\n\t\t\t\t\t<\/div>\n\t\t<\/section>\n\t\t\t\t<\/div>","protected":false},"excerpt":{"rendered":"<p>Estimados clientes, Nos gustar\u00eda informarles mediante un comunicado de prensa del Ministerio del Interior de la Rep\u00fablica Eslovaca sobre la actual interrupci\u00f3n de los servicios electr\u00f3nicos (e-services) del Ministerio del Interior de la Rep\u00fablica Eslovaca.  La interrupci\u00f3n de los servicios electr\u00f3nicos tambi\u00e9n puede afectar al sistema de reservas del Departamento de Polic\u00eda de Fronteras y Extranjer\u00eda.  El Ministerio del Interior informa de que est\u00e1 trabajando intensamente en la [...]<\/p>","protected":false},"author":1,"featured_media":8096,"comment_status":"open","ping_status":"open","sticky":false,"template":"","format":"standard","meta":{"footnotes":"","iawp_total_views":313},"categories":[70],"tags":[],"acf":[],"_links":{"self":[{"href":"https:\/\/vizum.sk\/es\/wp-json\/wp\/v2\/posts\/8095"}],"collection":[{"href":"https:\/\/vizum.sk\/es\/wp-json\/wp\/v2\/posts"}],"about":[{"href":"https:\/\/vizum.sk\/es\/wp-json\/wp\/v2\/types\/post"}],"author":[{"embeddable":true,"href":"https:\/\/vizum.sk\/es\/wp-json\/wp\/v2\/users\/1"}],"replies":[{"embeddable":true,"href":"https:\/\/vizum.sk\/es\/wp-json\/wp\/v2\/comments?post=8095"}],"version-history":[{"count":0,"href":"https:\/\/vizum.sk\/es\/wp-json\/wp\/v2\/posts\/8095\/revisions"}],"wp:featuredmedia":[{"embeddable":true,"href":"https:\/\/vizum.sk\/es\/wp-json\/wp\/v2\/media\/8096"}],"wp:attachment":[{"href":"https:\/\/vizum.sk\/es\/wp-json\/wp\/v2\/media?parent=8095"}],"wp:term":[{"taxonomy":"category","embeddable":true,"href":"https:\/\/vizum.sk\/es\/wp-json\/wp\/v2\/categories?post=8095"},{"taxonomy":"post_tag","embeddable":true,"href":"https:\/\/vizum.sk\/es\/wp-json\/wp\/v2\/tags?post=8095"}],"curies":[{"name":"wp","href":"https:\/\/api.w.org\/{rel}","templated":true}]}}