{"id":8332,"date":"2024-01-24T14:54:32","date_gmt":"2024-01-24T13:54:32","guid":{"rendered":"https:\/\/vizum.sk\/?p=8332"},"modified":"2024-01-24T15:41:34","modified_gmt":"2024-01-24T14:41:34","slug":"planovana-odstavka-rezervacneho-systemu","status":"publish","type":"post","link":"https:\/\/vizum.sk\/es\/seccion-planificada-del-sistema-de-reservas\/","title":{"rendered":"Interrupci\u00f3n programada del sistema de reservas"},"content":{"rendered":"<div data-elementor-type=\"wp-post\" data-elementor-id=\"8332\" class=\"elementor elementor-8332\">\n\t\t\t\t\t\t<section class=\"elementor-section elementor-top-section elementor-element elementor-element-f48d50a elementor-section-boxed elementor-section-height-default elementor-section-height-default\" data-id=\"f48d50a\" data-element_type=\"section\">\n\t\t\t\t\t\t<div class=\"elementor-container elementor-column-gap-default\">\n\t\t\t\t\t<div class=\"elementor-column elementor-col-100 elementor-top-column elementor-element elementor-element-e455f7d\" data-id=\"e455f7d\" data-element_type=\"column\">\n\t\t\t<div class=\"elementor-widget-wrap elementor-element-populated\">\n\t\t\t\t\t\t<div class=\"elementor-element elementor-element-67801ed elementor-widget elementor-widget-text-editor\" data-id=\"67801ed\" data-element_type=\"widget\" data-widget_type=\"text-editor.default\">\n\t\t\t\t<div class=\"elementor-widget-container\">\n\t\t\t\t\t\t\t<p>Estimados clientes,<br \/>A trav\u00e9s de un comunicado de prensa del Ministerio del Interior, le informamos de una interrupci\u00f3n t\u00e9cnica prevista del sistema de reservas del Ministerio del Interior.<\/p><p><strong>Debido a una parada t\u00e9cnica programada inevitable\u00a0<a href=\"https:\/\/portal.minv.sk\/wps\/wcm\/connect\/sk\/site\/main\/Rezervacny-system\/\" target=\"_blank\" rel=\"noopener\">sistema de reservas<\/a>que le permite pedir cita previa en los servicios de documentaci\u00f3n, la Polic\u00eda de Extranjer\u00eda o el Registro de la Propiedad, no estar\u00e1 disponible entre las 9.00 y las 13.00 horas del jueves 25 de enero de 2024.\u00a0<br \/><\/strong><strong><br \/>Pedimos disculpas a todos los usuarios de los servicios electr\u00f3nicos por las molestias ocasionadas.<br \/><br \/><br \/><\/strong>Fuente: comunicados de prensa del Ministerio del Interior de la Rep\u00fablica Eslovaca<\/p><div class=\"a2a_kit a2a_kit_size_32 a2a_default_style\" aria-label=\"Compartir art\u00edculo\">\u00a0<\/div>\t\t\t\t\t\t<\/div>\n\t\t\t\t<\/div>\n\t\t\t\t\t<\/div>\n\t\t<\/div>\n\t\t\t\t\t<\/div>\n\t\t<\/section>\n\t\t\t\t<\/div>","protected":false},"excerpt":{"rendered":"<p>Estimados clientes, Nos gustar\u00eda informarles a trav\u00e9s de un comunicado de prensa del Ministerio del Interior sobre una parada t\u00e9cnica prevista del sistema de reservas del Ministerio del Interior. Debido a la inevitable parada t\u00e9cnica prevista, el sistema de reservas, que le permite concertar una cita en los departamentos de documentaci\u00f3n, Polic\u00eda de Extranjer\u00eda o Catastro, no estar\u00e1 disponible desde las 9 de la ma\u00f1ana hasta aproximadamente las 13 horas del jueves 25 de enero de 2024. Todos los usuarios de los servicios electr\u00f3nicos [...]<\/p>","protected":false},"author":1,"featured_media":8333,"comment_status":"open","ping_status":"open","sticky":false,"template":"","format":"standard","meta":{"footnotes":"","iawp_total_views":26},"categories":[70],"tags":[],"acf":[],"_links":{"self":[{"href":"https:\/\/vizum.sk\/es\/wp-json\/wp\/v2\/posts\/8332"}],"collection":[{"href":"https:\/\/vizum.sk\/es\/wp-json\/wp\/v2\/posts"}],"about":[{"href":"https:\/\/vizum.sk\/es\/wp-json\/wp\/v2\/types\/post"}],"author":[{"embeddable":true,"href":"https:\/\/vizum.sk\/es\/wp-json\/wp\/v2\/users\/1"}],"replies":[{"embeddable":true,"href":"https:\/\/vizum.sk\/es\/wp-json\/wp\/v2\/comments?post=8332"}],"version-history":[{"count":0,"href":"https:\/\/vizum.sk\/es\/wp-json\/wp\/v2\/posts\/8332\/revisions"}],"wp:featuredmedia":[{"embeddable":true,"href":"https:\/\/vizum.sk\/es\/wp-json\/wp\/v2\/media\/8333"}],"wp:attachment":[{"href":"https:\/\/vizum.sk\/es\/wp-json\/wp\/v2\/media?parent=8332"}],"wp:term":[{"taxonomy":"category","embeddable":true,"href":"https:\/\/vizum.sk\/es\/wp-json\/wp\/v2\/categories?post=8332"},{"taxonomy":"post_tag","embeddable":true,"href":"https:\/\/vizum.sk\/es\/wp-json\/wp\/v2\/tags?post=8332"}],"curies":[{"name":"wp","href":"https:\/\/api.w.org\/{rel}","templated":true}]}}