{"id":9861,"date":"2024-06-11T10:00:47","date_gmt":"2024-06-11T08:00:47","guid":{"rendered":"https:\/\/vizum.sk\/?p=9861"},"modified":"2024-06-11T10:57:24","modified_gmt":"2024-06-11T08:57:24","slug":"lex-ukrajina-zmena-v-poskytovani-prispevkov-odidencom","status":"publish","type":"post","link":"https:\/\/vizum.sk\/es\/lex-ucrania-cambia-en-la-prestacion-de-contribuciones-a-extranjeros\/","title":{"rendered":"Lex Ucrania - Modificaci\u00f3n de la concesi\u00f3n de indemnizaciones a los expatriados"},"content":{"rendered":"<div data-elementor-type=\"wp-post\" data-elementor-id=\"9861\" class=\"elementor elementor-9861\">\n\t\t\t\t\t\t<section class=\"elementor-section elementor-top-section elementor-element elementor-element-11fcc9e elementor-section-boxed elementor-section-height-default elementor-section-height-default\" data-id=\"11fcc9e\" data-element_type=\"section\">\n\t\t\t\t\t\t<div class=\"elementor-container elementor-column-gap-default\">\n\t\t\t\t\t<div class=\"elementor-column elementor-col-100 elementor-top-column elementor-element elementor-element-0e69dd9\" data-id=\"0e69dd9\" data-element_type=\"column\">\n\t\t\t<div class=\"elementor-widget-wrap elementor-element-populated\">\n\t\t\t\t\t\t<div class=\"elementor-element elementor-element-e236b47 elementor-widget elementor-widget-text-editor\" data-id=\"e236b47\" data-element_type=\"widget\" data-widget_type=\"text-editor.default\">\n\t\t\t\t<div class=\"elementor-widget-container\">\n\t\t\t\t\t\t\t<p><strong>El mi\u00e9rcoles 5 de junio de 2024, el Gobierno aprob\u00f3\u00a0<a title=\"Proyecto de Ley por la que se modifica la Ley n\u00ba 480\/2002 Recop. sobre asilo y se modifican y completan determinadas leyes, en su versi\u00f3n modificada, y por la que se modifican y completan determinadas leyes\" href=\"https:\/\/rokovania.gov.sk\/RVL\/Material\/29644\/1\" target=\"_blank\" rel=\"noopener\">Propuesta del Ministerio del Interior para modificar la Ley n\u00ba 480\/2002 sobre asilo<\/a>en relaci\u00f3n con los procedimientos de asilo y la provisi\u00f3n de refugio temporal. Seg\u00fan el ministro Mat\u00fa\u0161 \u0160utaj Estok, el objetivo es mejorar y agilizar los procesos relacionados con la concesi\u00f3n de protecci\u00f3n a nacionales de terceros pa\u00edses en el territorio de la Rep\u00fablica Eslovaca.<\/strong><\/p><p><em>\"Se proporcionar\u00e1 alojamiento gratuito durante un periodo de 120 d\u00edas a los refugiados primerizos que hayan recibido refugio temporal en nuestro territorio. Transcurrido este periodo, s\u00f3lo se proporcionar\u00e1 a personas vulnerables. El importe de la prestaci\u00f3n concedida ser\u00e1 de\u00a0<a href=\"https:\/\/www.minv.sk\/?tlacove-spravy-6&amp;sprava=vlada-schvalila-zmeny-v-poskytovani-prispevku-za-ubytovanie-odidencov-z-ukrajiny\" target=\"_blank\" rel=\"noopener\">No cambie<\/a><\/em><em>,\"<\/em><strong><em>\u00a0<\/em>dijo el Ministro del Interior<\/strong>. Por lo tanto, el Gobierno negociar\u00e1 ahora en estos casos\u00a0<strong>s\u00f3lo el importe de la indemnizaci\u00f3n concedida<\/strong>y no sobre la extensi\u00f3n de su disposici\u00f3n.\u00a0<\/p><p><strong>Subsidio de alojamiento para las personas que abandonan los estudios<\/strong>:<\/p><p>La prestaci\u00f3n s\u00f3lo se conceder\u00e1 en determinadas condiciones, incluidas las restricciones de parentesco y propiedad de bienes inmuebles en el territorio de la Rep\u00fablica Eslovaca. Se conceder\u00e1\u00a0<strong>120 d\u00edas desde la primera provisi\u00f3n de alojamiento temporal en la Rep\u00fablica Eslovaca<\/strong>. Para periodos m\u00e1s largos, el expatriado dispondr\u00e1 de la asignaci\u00f3n por alojamiento:<\/p><ul><li>miembros de un hogar que reciben ayuda en caso de necesidad material,<\/li><li>una persona con una discapacidad grave que recibe una subvenci\u00f3n en concepto de ayuda humanitaria,<\/li><li>una persona que ha cumplido 65 a\u00f1os,<\/li><li>de un ni\u00f1o menor de 5 a\u00f1os,<\/li><li>un progenitor soltero a cargo de un ni\u00f1o menor de 5 a\u00f1os o una persona que se ocupe personalmente de un ni\u00f1o menor de 5 a\u00f1os en virtud de una orden judicial.<\/li><\/ul><p class=\"p2\"><span class=\"s1\">Se proponen normas similares para el alojamiento de los deportados en las instalaciones de asilo de la Oficina de Migraci\u00f3n del Ministerio del Interior de la Rep\u00fablica Eslovaca, pero se aplicar\u00e1n a un grupo m\u00e1s reducido de personas.<\/span><\/p><p>El Ministerio de Transportes dejar\u00e1 de conceder ayudas al alojamiento en virtud de la Ley de Promoci\u00f3n del Turismo.<\/p><p><strong>El procedimiento de concesi\u00f3n de refugio temporal tambi\u00e9n se simplifica si el procedimiento se inici\u00f3 por el nacimiento de un hijo en el territorio de la Rep\u00fablica Eslovaca.<\/strong>\u00a0un refugiado o un extranjero que solicite refugio temporal. Adem\u00e1s, se a\u00f1ade lo siguiente\u00a0<strong>nuevos motivos de despido<\/strong>\u00a0procedimientos de refugio temporal y asilo. En el caso de\u00a0<strong>aplicaciones repetidas<\/strong>\u00a0para el asilo tambi\u00e9n especifica un \"cambio sustancial en la situaci\u00f3n de hecho\".<\/p><p><span class=\"s1\">El ni\u00f1o nacido en el territorio de la Rep\u00fablica Eslovaca de un solicitante, asilado o extranjero al que se haya concedido protecci\u00f3n subsidiaria y que adquiera por nacimiento la ciudadan\u00eda de otro Estado miembro de la Uni\u00f3n Europea ya no ser\u00e1<strong>ser\u00e1 considerado solicitante directamente por la ley y ni siquiera se iniciar\u00e1 el procedimiento de asilo.<\/strong><\/span><\/p><p><strong>El proyecto de ley se someter\u00e1 a un procedimiento legislativo acelerado y entrar\u00e1 en vigor el 1 de julio de 2024.\u00a0<\/strong><\/p><p>Fuente: comunicados de prensa del Ministerio del Interior de la Rep\u00fablica Eslovaca [minv.sk].<\/p>\t\t\t\t\t\t<\/div>\n\t\t\t\t<\/div>\n\t\t\t\t\t<\/div>\n\t\t<\/div>\n\t\t\t\t\t<\/div>\n\t\t<\/section>\n\t\t\t\t<\/div>","protected":false},"excerpt":{"rendered":"<p>El mi\u00e9rcoles 5 de junio de 2024, el Gobierno aprob\u00f3 la propuesta del Ministerio del Interior para modificar la Ley n\u00ba 480\/2002 de Asilo en lo relativo al procedimiento de asilo y la provisi\u00f3n de refugio temporal. Seg\u00fan el ministro Mat\u00fa\u0161 \u0160utaj Estok, el objetivo es mejorar y agilizar los procesos relacionados con la concesi\u00f3n de protecci\u00f3n a nacionales de terceros pa\u00edses en el territorio de la Rep\u00fablica Eslovaca. \"El alojamiento gratuito ser\u00e1 [...]<\/p>","protected":false},"author":1,"featured_media":9862,"comment_status":"open","ping_status":"open","sticky":false,"template":"","format":"standard","meta":{"footnotes":"","iawp_total_views":80},"categories":[46],"tags":[],"acf":[],"_links":{"self":[{"href":"https:\/\/vizum.sk\/es\/wp-json\/wp\/v2\/posts\/9861"}],"collection":[{"href":"https:\/\/vizum.sk\/es\/wp-json\/wp\/v2\/posts"}],"about":[{"href":"https:\/\/vizum.sk\/es\/wp-json\/wp\/v2\/types\/post"}],"author":[{"embeddable":true,"href":"https:\/\/vizum.sk\/es\/wp-json\/wp\/v2\/users\/1"}],"replies":[{"embeddable":true,"href":"https:\/\/vizum.sk\/es\/wp-json\/wp\/v2\/comments?post=9861"}],"version-history":[{"count":0,"href":"https:\/\/vizum.sk\/es\/wp-json\/wp\/v2\/posts\/9861\/revisions"}],"wp:featuredmedia":[{"embeddable":true,"href":"https:\/\/vizum.sk\/es\/wp-json\/wp\/v2\/media\/9862"}],"wp:attachment":[{"href":"https:\/\/vizum.sk\/es\/wp-json\/wp\/v2\/media?parent=9861"}],"wp:term":[{"taxonomy":"category","embeddable":true,"href":"https:\/\/vizum.sk\/es\/wp-json\/wp\/v2\/categories?post=9861"},{"taxonomy":"post_tag","embeddable":true,"href":"https:\/\/vizum.sk\/es\/wp-json\/wp\/v2\/tags?post=9861"}],"curies":[{"name":"wp","href":"https:\/\/api.w.org\/{rel}","templated":true}]}}