{"id":10844,"date":"2024-10-16T09:33:52","date_gmt":"2024-10-16T07:33:52","guid":{"rendered":"https:\/\/vizum.sk\/?p=10844"},"modified":"2026-03-14T21:39:30","modified_gmt":"2026-03-14T20:39:30","slug":"pretrvavajuce-komplikacie-s-rezervaciami","status":"publish","type":"post","link":"https:\/\/vizum.sk\/fr\/complications-persistantes-liees-aux-reservations\/","title":{"rendered":"Complications persistantes avec les r\u00e9servations"},"content":{"rendered":"<div data-elementor-type=\"wp-post\" data-elementor-id=\"10844\" class=\"elementor elementor-10844\">\n\t\t\t\t\t\t<section class=\"elementor-section elementor-top-section elementor-element elementor-element-07034d7 elementor-section-boxed elementor-section-height-default elementor-section-height-default\" data-id=\"07034d7\" data-element_type=\"section\">\n\t\t\t\t\t\t<div class=\"elementor-container elementor-column-gap-default\">\n\t\t\t\t\t<div class=\"elementor-column elementor-col-100 elementor-top-column elementor-element elementor-element-9b56eef\" data-id=\"9b56eef\" data-element_type=\"column\">\n\t\t\t<div class=\"elementor-widget-wrap elementor-element-populated\">\n\t\t\t\t\t\t<div class=\"elementor-element elementor-element-389e2ee elementor-widget elementor-widget-text-editor\" data-id=\"389e2ee\" data-element_type=\"widget\" data-widget_type=\"text-editor.default\">\n\t\t\t\t<div class=\"elementor-widget-container\">\n\t\t\t\t\t\t\t<script type=\"application\/ld+json\">{\n    \"@context\": \"https:\\\/\\\/schema.org\",\n    \"@type\": \"VideoObject\",\n    \"name\": \"Probl\\u00e9my s rezerv\\u00e1ciami na cudzineckej pol\\u00edcii - Report\\u00e1\\u017e TV Mark\\u00edza\",\n    \"description\": \"Report\\u00e1\\u017e o pretrv\\u00e1vaj\\u00facich probl\\u00e9moch s rezerva\\u010dn\\u00fdm syst\\u00e9mom na oddeleniach cudzineckej pol\\u00edcie MV SR.\",\n    \"thumbnailUrl\": [\n        \"https:\\\/\\\/img.youtube.com\\\/vi\\\/OrmPCJh2ScY\\\/maxresdefault.jpg\"\n    ],\n    \"uploadDate\": \"2024-10-14T19:00:00+02:00\",\n    \"duration\": \"PT2M13S\",\n    \"embedUrl\": \"https:\\\/\\\/www.youtube.com\\\/embed\\\/OrmPCJh2ScY\",\n    \"publisher\": {\n        \"@type\": \"Organization\",\n        \"name\": \"vizum.sk\",\n        \"logo\": {\n            \"@type\": \"ImageObject\",\n            \"url\": \"https:\\\/\\\/www.vizum.sk\\\/wp-content\\\/uploads\\\/logo.png\"\n        }\n    }\n}<\/script>Chers clients, nous vous transmettons un reportage de la cha\u00eene Mark\u00edza concernant le syst\u00e8me de r\u00e9servation des rendez-vous aupr\u00e8s des services de police pour \u00e9trangers du minist\u00e8re de l&#039;Int\u00e9rieur de la R\u00e9publique slovaque, dont nous vous avions inform\u00e9s dans notre article du 5 ao\u00fbt 2024. Depuis cette date, des probl\u00e8mes persistent avec ce syst\u00e8me, rendant presque impossible l&#039;obtention du rendez-vous dans les d\u00e9lais impartis pour la proc\u00e9dure et le service de police. Le minist\u00e8re de l&#039;Int\u00e9rieur a indiqu\u00e9 travailler \u00e0 la r\u00e9solution de ce probl\u00e8me et des am\u00e9liorations sont attendues prochainement, notamment pour les primo-demandeurs de titre de s\u00e9jour pour motif professionnel. Nous vous tiendrons inform\u00e9s des \u00e9volutions de la situation dans nos articles.\n\n<iframe loading=\"lazy\" title=\"Lecteur vid\u00e9o YouTube\" src=\"https:\/\/www.youtube.com\/embed\/OrmPCJh2ScY?si=-xce3IAsTgg38eka\" width=\"720\" height=\"480\" frameborder=\"0\" allowfullscreen=\"allowfullscreen\"><\/iframe>\n\nSource : TV Markiza [https:\/\/www.markiza.sk\/program?day=14-10-2024#day]\t\t\t\t\t\t<\/div>\n\t\t\t\t<\/div>\n\t\t\t\t\t<\/div>\n\t\t<\/div>\n\t\t\t\t\t<\/div>\n\t\t<\/section>\n\t\t\t\t<\/div>","protected":false},"excerpt":{"rendered":"<p>Chers clients, nous vous pr\u00e9sentons un reportage de la t\u00e9l\u00e9vision Markiza sur la question des r\u00e9servations au D\u00e9partement de la police des \u00e9trangers du minist\u00e8re de l'Int\u00e9rieur de la R\u00e9publique slovaque, dont nous vous avons inform\u00e9 dans l'article dat\u00e9 du 05.08.2024. Depuis lors, le syst\u00e8me de r\u00e9servation pose des probl\u00e8mes de longue date, car il est presque impossible de se rendre au d\u00e9partement concern\u00e9 et au D\u00e9partement de la police des \u00e9trangers \u00e0 la date sp\u00e9cifi\u00e9e. Le minist\u00e8re [...]<\/p>","protected":false},"author":1,"featured_media":10845,"comment_status":"open","ping_status":"open","sticky":false,"template":"","format":"standard","meta":{"footnotes":"","iawp_total_views":163},"categories":[70,85],"tags":[],"acf":[],"_links":{"self":[{"href":"https:\/\/vizum.sk\/fr\/wp-json\/wp\/v2\/posts\/10844"}],"collection":[{"href":"https:\/\/vizum.sk\/fr\/wp-json\/wp\/v2\/posts"}],"about":[{"href":"https:\/\/vizum.sk\/fr\/wp-json\/wp\/v2\/types\/post"}],"author":[{"embeddable":true,"href":"https:\/\/vizum.sk\/fr\/wp-json\/wp\/v2\/users\/1"}],"replies":[{"embeddable":true,"href":"https:\/\/vizum.sk\/fr\/wp-json\/wp\/v2\/comments?post=10844"}],"version-history":[{"count":3,"href":"https:\/\/vizum.sk\/fr\/wp-json\/wp\/v2\/posts\/10844\/revisions"}],"predecessor-version":[{"id":14761,"href":"https:\/\/vizum.sk\/fr\/wp-json\/wp\/v2\/posts\/10844\/revisions\/14761"}],"wp:featuredmedia":[{"embeddable":true,"href":"https:\/\/vizum.sk\/fr\/wp-json\/wp\/v2\/media\/10845"}],"wp:attachment":[{"href":"https:\/\/vizum.sk\/fr\/wp-json\/wp\/v2\/media?parent=10844"}],"wp:term":[{"taxonomy":"category","embeddable":true,"href":"https:\/\/vizum.sk\/fr\/wp-json\/wp\/v2\/categories?post=10844"},{"taxonomy":"post_tag","embeddable":true,"href":"https:\/\/vizum.sk\/fr\/wp-json\/wp\/v2\/tags?post=10844"}],"curies":[{"name":"wp","href":"https:\/\/api.w.org\/{rel}","templated":true}]}}