{"id":11158,"date":"2025-01-14T12:03:45","date_gmt":"2025-01-14T11:03:45","guid":{"rendered":"https:\/\/vizum.sk\/?p=11158"},"modified":"2025-01-14T12:08:10","modified_gmt":"2025-01-14T11:08:10","slug":"cudzinecka-policia-v-novych-zamkoch-ma-nove-priestory","status":"publish","type":"post","link":"https:\/\/vizum.sk\/fr\/la-police-extraterrestre-des-nouveaux-chateaux-a-de-nouveaux-locaux\/","title":{"rendered":"La police des \u00e9trangers de Nov\u00e9 Z\u00e1mky a de nouveaux locaux"},"content":{"rendered":"<div data-elementor-type=\"wp-post\" data-elementor-id=\"11158\" class=\"elementor elementor-11158\">\n\t\t\t\t\t\t<section class=\"elementor-section elementor-top-section elementor-element elementor-element-6aae29d elementor-section-boxed elementor-section-height-default elementor-section-height-default\" data-id=\"6aae29d\" data-element_type=\"section\">\n\t\t\t\t\t\t<div class=\"elementor-container elementor-column-gap-default\">\n\t\t\t\t\t<div class=\"elementor-column elementor-col-100 elementor-top-column elementor-element elementor-element-e6fc94a\" data-id=\"e6fc94a\" data-element_type=\"column\">\n\t\t\t<div class=\"elementor-widget-wrap elementor-element-populated\">\n\t\t\t\t\t\t<div class=\"elementor-element elementor-element-2593f1a elementor-widget elementor-widget-text-editor\" data-id=\"2593f1a\" data-element_type=\"widget\" data-widget_type=\"text-editor.default\">\n\t\t\t\t<div class=\"elementor-widget-container\">\n\t\t\t\t\t\t\t<p data-pm-slice=\"1 1 []\">La police des \u00e9trangers de Nov\u00e9 Z\u00e1mky dispose de nouveaux locaux, qui ont \u00e9t\u00e9 inaugur\u00e9s par le ministre de l'int\u00e9rieur Mat\u00fa\u0161 \u0160utaj E\u0161tok. Ce d\u00e9m\u00e9nagement a \u00e9t\u00e9 motiv\u00e9 par la n\u00e9cessit\u00e9 de r\u00e9pondre \u00e0 la charge administrative croissante li\u00e9e \u00e0 l'augmentation du nombre de demandes de s\u00e9jour et \u00e0 l'\u00e9volution constante de la situation dans le domaine des migrations.<\/p><p>\"Notre priorit\u00e9 est d'am\u00e9liorer les conditions de travail de nos agents et de fournir un meilleur service au public. Les nouveaux locaux de la police des \u00e9trangers \u00e0 Nov\u00e9 Z\u00e1mky sont la preuve de nos efforts pour am\u00e9liorer les conditions de travail et d'accueil des clients. Par cette mesure, nous voulons exprimer non seulement un changement pratique, mais aussi les valeurs que d\u00e9fend la Slovaquie, \u00e0 savoir l'ouverture et la responsabilit\u00e9 dans le domaine de la migration\", a soulign\u00e9 le ministre E\u0161tok.<\/p><h4>Un programme de plus en plus ambitieux<\/h4><p>Au cours des derni\u00e8res ann\u00e9es, le nombre de demandes de r\u00e9sidence \u00e0 Nov\u00e9 Z\u00e1mky a augment\u00e9 \u00e0 plusieurs reprises. Alors qu'en 2012, le d\u00e9partement n'a re\u00e7u que 355 demandes, entre 2022 et 2024, ce nombre a fortement augment\u00e9. En 2022, 6 185 demandes ont \u00e9t\u00e9 re\u00e7ues ; en 2023, 5 995 demandes ont \u00e9t\u00e9 re\u00e7ues ; et en 2024, le nombre de demandes a l\u00e9g\u00e8rement diminu\u00e9 pour atteindre 4 679. Cette augmentation est due non seulement \u00e0 l'agenda actuel, mais aussi \u00e0 l'afflux de personnes quittant l'Ukraine et \u00e0 l'augmentation de la migration de transit secondaire.<\/p><h4>Migration secondaire<\/h4><p>Entre 2016 et 2021, 674 \u00e9trangers ont \u00e9t\u00e9 pris en charge par le service dans le cadre de la migration ill\u00e9gale secondaire. Cependant, la situation a chang\u00e9 radicalement entre 2022 et 2023, lorsque le nombre de migrants irr\u00e9guliers trait\u00e9s a atteint jusqu'\u00e0 1 914, puis 8 861 en 2023. Cette augmentation a n\u00e9cessit\u00e9 un d\u00e9ploiement accru de personnel et une am\u00e9lioration de la capacit\u00e9 organisationnelle.<\/p><h4>La modernisation au service de l'efficacit\u00e9<\/h4><p>Les nouveaux locaux ont \u00e9t\u00e9 con\u00e7us en mettant l'accent sur l'am\u00e9lioration de l'efficacit\u00e9 et du confort pour les clients et le personnel. Une capacit\u00e9 accrue, une technologie moderne et de meilleures solutions organisationnelles devraient permettre de traiter les demandes plus rapidement et plus facilement. La possibilit\u00e9 de traiter des donn\u00e9es sensibles de mani\u00e8re plus s\u00fbre et de communiquer plus facilement entre les bureaux est \u00e9galement un avantage important.<\/p><p>Le ministre E\u0161tok a soulign\u00e9 lors de l'inauguration que l'am\u00e9lioration des conditions de travail n'est pas seulement une n\u00e9cessit\u00e9, mais qu'elle fait \u00e9galement partie de la strat\u00e9gie visant \u00e0 assurer une protection plus efficace des fronti\u00e8res et \u00e0 renforcer les services offerts aux \u00e9trangers qui viennent en Slovaquie.<\/p><p>Outre les am\u00e9liorations techniques, l'accent est \u00e9galement mis sur la professionnalisation et la formation r\u00e9guli\u00e8re du personnel. Les nouveaux locaux de Nov\u00e9 Z\u00e1mky constituent donc une avanc\u00e9e importante pour faire face aux d\u00e9fis actuels dans le domaine de la migration et cr\u00e9ent en m\u00eame temps de meilleures conditions pour le travail de la police des \u00e9trangers.<\/p>\t\t\t\t\t\t<\/div>\n\t\t\t\t<\/div>\n\t\t\t\t\t<\/div>\n\t\t<\/div>\n\t\t\t\t\t<\/div>\n\t\t<\/section>\n\t\t\t\t<\/div>","protected":false},"excerpt":{"rendered":"<p>La police des \u00e9trangers de Nov\u00e9 Z\u00e1mky dispose de nouveaux locaux, qui ont \u00e9t\u00e9 inaugur\u00e9s par le ministre de l'int\u00e9rieur Mat\u00fa\u0161 \u0160utaj E\u0161tok. Ce d\u00e9m\u00e9nagement a \u00e9t\u00e9 motiv\u00e9 par la n\u00e9cessit\u00e9 de r\u00e9pondre \u00e0 la charge administrative croissante li\u00e9e \u00e0 l'augmentation du nombre de demandes de s\u00e9jour et \u00e0 l'\u00e9volution constante de la situation dans le domaine de la migration. \"Notre priorit\u00e9 est d'am\u00e9liorer les conditions de travail de nos [...]<\/p>","protected":false},"author":1,"featured_media":11157,"comment_status":"open","ping_status":"open","sticky":false,"template":"","format":"standard","meta":{"footnotes":"","iawp_total_views":138},"categories":[52],"tags":[],"acf":[],"_links":{"self":[{"href":"https:\/\/vizum.sk\/fr\/wp-json\/wp\/v2\/posts\/11158"}],"collection":[{"href":"https:\/\/vizum.sk\/fr\/wp-json\/wp\/v2\/posts"}],"about":[{"href":"https:\/\/vizum.sk\/fr\/wp-json\/wp\/v2\/types\/post"}],"author":[{"embeddable":true,"href":"https:\/\/vizum.sk\/fr\/wp-json\/wp\/v2\/users\/1"}],"replies":[{"embeddable":true,"href":"https:\/\/vizum.sk\/fr\/wp-json\/wp\/v2\/comments?post=11158"}],"version-history":[{"count":0,"href":"https:\/\/vizum.sk\/fr\/wp-json\/wp\/v2\/posts\/11158\/revisions"}],"wp:featuredmedia":[{"embeddable":true,"href":"https:\/\/vizum.sk\/fr\/wp-json\/wp\/v2\/media\/11157"}],"wp:attachment":[{"href":"https:\/\/vizum.sk\/fr\/wp-json\/wp\/v2\/media?parent=11158"}],"wp:term":[{"taxonomy":"category","embeddable":true,"href":"https:\/\/vizum.sk\/fr\/wp-json\/wp\/v2\/categories?post=11158"},{"taxonomy":"post_tag","embeddable":true,"href":"https:\/\/vizum.sk\/fr\/wp-json\/wp\/v2\/tags?post=11158"}],"curies":[{"name":"wp","href":"https:\/\/api.w.org\/{rel}","templated":true}]}}