{"id":13475,"date":"2025-05-22T16:28:09","date_gmt":"2025-05-22T14:28:09","guid":{"rendered":"https:\/\/vizum.sk\/?p=13475"},"modified":"2025-05-23T09:07:30","modified_gmt":"2025-05-23T07:07:30","slug":"novela-zakona-o-pobyte-cudzincov-kvoty-na-podnikanie","status":"publish","type":"post","link":"https:\/\/vizum.sk\/fr\/modification-de-la-loi-sur-le-sejour-des-etrangers-et-les-quotas-dentreprises\/","title":{"rendered":"Modification de la loi sur le s\u00e9jour des \u00e9trangers : quotas pour les entreprises"},"content":{"rendered":"<div data-elementor-type=\"wp-post\" data-elementor-id=\"13475\" class=\"elementor elementor-13475\">\n\t\t\t\t\t\t<section class=\"elementor-section elementor-top-section elementor-element elementor-element-75b1052 elementor-section-boxed elementor-section-height-default elementor-section-height-default\" data-id=\"75b1052\" data-element_type=\"section\">\n\t\t\t\t\t\t<div class=\"elementor-container elementor-column-gap-default\">\n\t\t\t\t\t<div class=\"elementor-column elementor-col-100 elementor-top-column elementor-element elementor-element-dc42a79\" data-id=\"dc42a79\" data-element_type=\"column\">\n\t\t\t<div class=\"elementor-widget-wrap elementor-element-populated\">\n\t\t\t\t\t\t<div class=\"elementor-element elementor-element-53400e7 elementor-widget elementor-widget-text-editor\" data-id=\"53400e7\" data-element_type=\"widget\" data-widget_type=\"text-editor.default\">\n\t\t\t\t<div class=\"elementor-widget-container\">\n\t\t\t\t\t\t\t<h4><b>Modification de la loi sur le s\u00e9jour des \u00e9trangers : la Slovaquie risque une fuite des investissements<\/b><\/h4><p>Le 21 mai 2025, le Parlement a approuv\u00e9 un amendement \u00e0 la loi sur le s\u00e9jour des \u00e9trangers, <b>qui entrera en vigueur le 1er juillet 2025.<\/b> <br \/>Cependant, sous couvert d'efficacit\u00e9 et de s\u00e9curit\u00e9, il existe des limitations fondamentales \u00e0 la libert\u00e9 d'entreprise, \u00e0 la s\u00e9curit\u00e9 juridique et \u00e0 l'\u00e9galit\u00e9 d'acc\u00e8s.<strong> Au lieu de simplifier le syst\u00e8me et d'augmenter la capacit\u00e9 des bureaux de la police des \u00e9trangers, cette modification de la loi introduit de nouveaux obstacles qui pourraient d\u00e9courager des milliers de professionnels qualifi\u00e9s et d'entrepreneurs de faire des affaires en Slovaquie.<\/strong><\/p><h4><b>Le visa national est prolong\u00e9, mais ce n'est qu'une solution temporaire<\/b><\/h4><p>L'un des rares changements positifs est <strong data-start=\"881\" data-end=\"936\">prolongation de la validit\u00e9 du visa national de 90 \u00e0 120 jours<\/strong>. Cette mesure devrait donner \u00e0 l'\u00e9tranger plus de temps pour demander la r\u00e9sidence apr\u00e8s son entr\u00e9e en Slovaquie. <strong data-start=\"1046\" data-end=\"1153\">Dans la pratique, cependant, il s'agit plut\u00f4t d'une r\u00e9action \u00e0 l'incapacit\u00e9 de longue date du minist\u00e8re de l'int\u00e9rieur \u00e0 garantir une augmentation du nombre de personnel ou de postes de police \u00e9trangers et, par cons\u00e9quent, \u00e0 assurer la disponibilit\u00e9 des nominations<\/strong>qu'un v\u00e9ritable changement syst\u00e9mique. <strong data-start=\"1187\" data-end=\"1265\">Cela ne fait que repousser le probl\u00e8me d'un mois au lieu de le r\u00e9soudre.<\/strong>.<\/p><h4><b>Introduction de quotas pour les entrepreneurs<\/b><\/h4><p data-start=\"1314\" data-end=\"1604\">Un changement fondamental et en m\u00eame temps tr\u00e8s controvers\u00e9 est <strong data-start=\"1357\" data-end=\"1423\">introduction de quotas pour l'octroi de visas nationaux \u00e0 des fins professionnelles<\/strong>qui sera <strong data-start=\"1436\" data-end=\"1486\">d\u00e9termin\u00e9 s\u00e9par\u00e9ment pour chaque ambassade<\/strong>. <strong data-start=\"1488\" data-end=\"1603\">Le gouvernement aura ainsi le pouvoir de d\u00e9cider de quels pays et en quel nombre les entrepreneurs peuvent venir s'installer en Slovaquie<\/strong>.<\/p><p data-start=\"1314\" data-end=\"1604\"><strong data-start=\"1606\" data-end=\"1687\">Les quotas sont fix\u00e9s \u00e0 700 demandes de r\u00e9sidence d'affaires par an<\/strong>. Toutefois, la r\u00e9partition par ambassade est la suivante <strong data-start=\"1737\" data-end=\"1821\">qui visent de mani\u00e8re suspecte la repr\u00e9sentation d'\u00c9tats proches des int\u00e9r\u00eats du gouvernement de la R\u00e9publique slovaque<\/strong>qui <strong data-start=\"1826\" data-end=\"1915\">\u00e0 notre avis, il ne repr\u00e9sente pas une r\u00e9partition \u00e9quitable pour les candidats des diff\u00e9rents pays du monde<\/strong>.<\/p>\t\t\t\t\t\t<\/div>\n\t\t\t\t<\/div>\n\t\t\t\t<div class=\"elementor-element elementor-element-d48a790 elementor-widget elementor-widget-jkit_accordion\" data-id=\"d48a790\" data-element_type=\"widget\" data-widget_type=\"jkit_accordion.default\">\n\t\t\t\t<div class=\"elementor-widget-container\">\n\t\t\t<div  class=\"jeg-elementor-kit jkit-accordion style-default jeg_module___69ef2357a2610\" ><div class=\"card-wrapper\">\n                <div class=\"card-header\">\n                    <a href=\"#expand-0529c37\" class=\"card-header-button\" aria-expanded=\"false\" data-target=\"#expand-0529c37\" aria-controls=\"expand-0529c37\">\n                        <div class=\"left-icon-group\">\n                <div class=\"normal-icon\"><i aria-hidden=\"true\" class=\"fas fa-chevron-right\"><\/i><\/div>\n                <div class=\"active-icon\"><i aria-hidden=\"true\" class=\"fas fa-chevron-down\"><\/i><\/div>\n            <\/div><span class=\"title\">Liste des ambassades et quotas qui leur sont attribu\u00e9s<\/span>\n                    <\/a>\n                <\/div>\n                <div class=\"card-expand\" id=\"expand-0529c37\" style=\"display:none\"><div class=\"card-body\"><table border=\"1\">\n  <thead>\n    <tr>\n      <th>Bureau de repr\u00e9sentation (pays)<\/th>\n      <th>Nombre de quotas<\/th>\n    <\/tr>\n  <\/thead>\n  <tbody>\n    <tr><td>Uzhhorod\/Kyiv (Ukraine)<\/td><td>190<\/td><\/tr>\n    <tr><td>Tbilissi (G\u00e9orgie)<\/td><td>68<\/td><\/tr>\n    <tr><td>Belgrade (Serbie)<\/td><td>62<\/td><\/tr>\n    <tr><td>Hanoi (Vietnam)<\/td><td>53<\/td><\/tr>\n    <tr><td>Nairobi (Kenya)<\/td><td>23<\/td><\/tr>\n    <tr><td>Moscou (Russie)<\/td><td>22<\/td><\/tr>\n    <tr><td>Shanghai (Chine)<\/td><td>18<\/td><\/tr>\n    <tr><td>P\u00e9kin (Chine)<\/td><td>17<\/td><\/tr>\n    <tr><td>Skopje (Mac\u00e9doine du Nord)<\/td><td>16<\/td><\/tr>\n    <tr><td>Astana (Kazakhstan)<\/td><td>13<\/td><\/tr>\n    <tr><td>Delhi (Inde)<\/td><td>9<\/td><\/tr>\n    <tr><td>Le Caire (\u00c9gypte)<\/td><td>9<\/td><\/tr>\n    <tr><td>Mexique (Mexique)<\/td><td>9<\/td><\/tr>\n    <tr><td>Jakarta (Indon\u00e9sie)<\/td><td>8<\/td><\/tr>\n    <tr><td>Chisinau (Moldavie)<\/td><td>8<\/td><\/tr>\n    <tr><td>Tokyo (Japon)<\/td><td>8<\/td><\/tr>\n    <tr><td>Riyad (Arabie Saoudite)<\/td><td>8<\/td><\/tr>\n    <tr><td>Paris (France)<\/td><td>7<\/td><\/tr>\n    <tr><td>Tachkent (Ouzb\u00e9kistan)<\/td><td>7<\/td><\/tr>\n    <tr><td>Abu Dhabi (\u00c9mirats arabes unis)<\/td><td>6<\/td><\/tr>\n    <tr><td>Br\u00e9sil (Br\u00e9sil)<\/td><td>6<\/td><\/tr>\n    <tr><td>Buenos Aires (Argentine)<\/td><td>6<\/td><\/tr>\n    <tr><td>Vienne (Autriche)<\/td><td>6<\/td><\/tr>\n    <tr><td>Sydney (Australie)<\/td><td>6<\/td><\/tr>\n    <tr><td>Sarajevo (Bosnie-Herz\u00e9govine)<\/td><td>6<\/td><\/tr>\n    <tr><td>Ath\u00e8nes (Gr\u00e8ce)<\/td><td>5<\/td><\/tr>\n    <tr><td>Istanbul (Turquie)<\/td><td>5<\/td><\/tr>\n    <tr><td>Londres (Royaume-Uni)<\/td><td>5<\/td><\/tr>\n    <tr><td>La Havane (Cuba)<\/td><td>5<\/td><\/tr>\n    <tr><td>Bangkok (Tha\u00eflande)<\/td><td>4<\/td><\/tr>\n    <tr><td>Beyrouth (Liban)<\/td><td>4<\/td><\/tr>\n    <tr><td>Bakou (Azerba\u00efdjan)<\/td><td>4<\/td><\/tr>\n    <tr><td>Erevan (Arm\u00e9nie)<\/td><td>4<\/td><\/tr>\n    <tr><td>Madrid (Espagne)<\/td><td>4<\/td><\/tr>\n    <tr><td>Minsk (Belarus)<\/td><td>4<\/td><\/tr>\n    <tr><td>T\u00e9h\u00e9ran (Iran)<\/td><td>4<\/td><\/tr>\n    <tr><td>Varsovie (Pologne)<\/td><td>4<\/td><\/tr>\n    <tr><td>Ankara (Turquie)<\/td><td>3<\/td><\/tr>\n    <tr><td>Ottawa (Canada)<\/td><td>3<\/td><\/tr>\n    <tr><td>Washington (USA)<\/td><td>3<\/td><\/tr>\n    <tr><td>New York (USA)<\/td><td>3<\/td><\/tr>\n    <tr><td>Podgorica (Mont\u00e9n\u00e9gro)<\/td><td>3<\/td><\/tr>\n    <tr><td>Prague (R\u00e9publique tch\u00e8que)<\/td><td>3<\/td><\/tr>\n    <tr><td>S\u00e9oul (Cor\u00e9e du Sud)<\/td><td>3<\/td><\/tr>\n    <tr><td>Berlin (Allemagne)<\/td><td>2<\/td><\/tr>\n    <tr><td>Dublin (Irlande)<\/td><td>2<\/td><\/tr>\n    <tr><td>Bucarest (Roumanie)<\/td><td>1<\/td><\/tr>\n    <tr><td>Nicosie (Chypre)<\/td><td>1<\/td><\/tr>\n    <tr><td>Sofia (Bulgarie)<\/td><td>1<\/td><\/tr>\n    <tr><td>Taipei (Taiwan)<\/td><td>1<\/td><\/tr>\n    <tr><td>Pretoria (Afrique du Sud)<\/td><td>1<\/td><\/tr>\n  <\/tbody>\n<\/table>\n<\/div><\/div>\n            <\/div><\/div>\t\t<\/div>\n\t\t\t\t<\/div>\n\t\t\t\t<div class=\"elementor-element elementor-element-57fbbd8 elementor-widget elementor-widget-text-editor\" data-id=\"57fbbd8\" data-element_type=\"widget\" data-widget_type=\"text-editor.default\">\n\t\t\t\t<div class=\"elementor-widget-container\">\n\t\t\t\t\t\t\t<p>Une telle approche est extr\u00eamement probl\u00e9matique pour les raisons suivantes :<\/p>\n<ul>\n<li>contourne le principe d'\u00e9galit\u00e9 et de non-discrimination,<\/li>\n<li>mine la confiance dans une administration publique transparente,<\/li>\n<li>ouvre la porte \u00e0 des d\u00e9cisions politiques subjectives et \u00e0 des \u00e9changes de termes.<\/li>\n<\/ul>\n<p>En outre, les quotas ne tiennent pas compte de la qualit\u00e9 du plan d'entreprise ou de la contribution \u00e0 l'\u00e9conomie slovaque.<b> Ainsi, la possibilit\u00e9 d'introduire une demande ne sera pas d\u00e9termin\u00e9e par la valeur commerciale du projet, mais par les limites statistiques fix\u00e9es par le gouvernement. <\/b>- ce qui est en contradiction directe avec les objectifs de la politique d'immigration moderne.<\/p>\n<h4><strong>Plan d'entreprise obligatoire pour tous, quelle que soit leur exp\u00e9rience<\/strong><\/h4>\n<p data-start=\"174\" data-end=\"617\">Il y aura \u00e9galement de nouvelles <strong data-start=\"191\" data-end=\"322\">les \u00e9trangers qui ont d\u00e9j\u00e0 une soci\u00e9t\u00e9 ou un commerce enregistr\u00e9 en Slovaquie sont tenus de pr\u00e9senter un plan d'entreprise<\/strong>. En outre, ils seront <strong data-start=\"340\" data-end=\"446\">tous les demandeurs de s\u00e9jour temporaire \u00e0 des fins professionnelles doivent d\u00e9montrer l'existence d'un avantage \u00e9conomique<\/strong> ses activit\u00e9s commerciales sous la forme d'un document \u00e9crit - <strong data-start=\"507\" data-end=\"533\">plan d'entreprise<\/strong>. Ce document sera <span data-start=\"555\" data-end=\"616\">\u00e9valuer le minist\u00e8re de l'\u00e9conomie de la R\u00e9publique slovaque<\/span>.<\/p>\n<p data-start=\"619\" data-end=\"981\">L'introduction de cette obligation semble \u00eatre une r\u00e9ponse aux constatations faites au cours des derni\u00e8res p\u00e9riodes o\u00f9 <span data-start=\"696\" data-end=\"793\">apr\u00e8s la fin de la pand\u00e9mie et dans le contexte de l'arriv\u00e9e massive d'\u00e9trangers en provenance d'Ukraine<\/span><strong data-start=\"696\" data-end=\"793\">&nbsp;il y a eu une cr\u00e9ation massive de m\u00e9tiers et de soci\u00e9t\u00e9s fictifs<\/strong>. Dans de nombreux cas, ces entit\u00e9s <strong data-start=\"830\" data-end=\"895\">n'a pas exerc\u00e9 d'activit\u00e9 \u00e9conomique r\u00e9elle et a cr\u00e9\u00e9 une dette artificielle<\/strong> vers des institutions telles que <strong data-start=\"921\" data-end=\"980\">les autorit\u00e9s fiscales, les compagnies d'assurance maladie ou l'institution d'assurance sociale<\/strong>.<\/p>\n<p data-start=\"983\" data-end=\"1406\">Il s'agit de <strong data-start=\"989\" data-end=\"1018\">un grave probl\u00e8me syst\u00e9mique<\/strong>qui gagne \u00e9galement en importance dans le contexte de l <strong data-start=\"1068\" data-end=\"1127\">par la disposition transitoire de l'article 131k de la loi sur le s\u00e9jour des \u00e9trangers<\/strong>adopt\u00e9e en r\u00e9ponse \u00e0 <strong data-start=\"1151\" data-end=\"1209\">la situation d'urgence provoqu\u00e9e par l'afflux de personnes en provenance d'Ukraine<\/strong>. Selon cette disposition <strong data-start=\"1235\" data-end=\"1335\">les \u00e9trangers qui ont obtenu un permis de s\u00e9jour temporaire pour affaires ne sont pas oblig\u00e9s de le renouveler <\/strong><span data-start=\"1235\" data-end=\"1335\">\u00e0 savoir<\/span> jusqu'\u00e0 la lev\u00e9e de l'\u00e9tat d'urgence et l'abrogation de la disposition transitoire susmentionn\u00e9e.<\/p>\n<p data-start=\"983\" data-end=\"1406\"><b><span data-start=\"1408\" data-end=\"1430\">En pratique, cela signifie<\/span>que <\/b><span data-start=\"1435\" data-end=\"1564\"><b>les \u00e9trangers qui ont obtenu un permis de s\u00e9jour temporaire \u00e0 des fins professionnelles n'ont pas&nbsp;<\/b><\/span><span style=\"font-weight: bolder;\">sur la base de l'article 131k(1)&nbsp;<\/span><strong data-start=\"1435\" data-end=\"1564\">obligation de renouvellement du titre de s\u00e9jour<\/strong>m\u00eame s'ils ont d\u00e9j\u00e0 expir\u00e9. <strong data-start=\"1638\" data-end=\"1674\">Cette situation pr\u00e9sente un risque<\/strong> et doit faire l'objet de mesures syst\u00e9miques, notamment <strong data-start=\"1745\" data-end=\"1794\">obligation de pr\u00e9senter un plan d'entreprise<\/strong>.<\/p>\n<p>L'objectif est soi-disant d'am\u00e9liorer la qualit\u00e9 des s\u00e9jours d'affaires, mais en r\u00e9alit\u00e9 il s'agit de&nbsp;<strong>un m\u00e9canisme d'\u00e9valuation opaque et subjectif<\/strong>qui :<\/p>\n<ul>\n<li>augmente la charge bureaucratique,<\/li>\n<li>n'offre pas de crit\u00e8res d'\u00e9valuation clairs et objectifs,<\/li>\n<li>prolonge le processus d'approbation et augmente le risque de rejet sans justification claire.<\/li>\n<\/ul>\n<h4 data-start=\"107\" data-end=\"201\"><b>Simplifier la preuve de la s\u00e9curit\u00e9 financi\u00e8re ou remonter dans le temps<\/b><\/h4>\n<p data-start=\"203\" data-end=\"739\">En guise d'avantage, l'amendement stipule \u00e9galement <strong data-start=\"236\" data-end=\"297\">simplifier la documentation relative \u00e0 la s\u00e9curit\u00e9 financi\u00e8re de la r\u00e9sidence<\/strong> - il ne sera plus n\u00e9cessaire de soumettre <strong data-start=\"339\" data-end=\"367\">relev\u00e9 bancaire de trois mois<\/strong>mais <strong data-start=\"373\" data-end=\"425\">l\u00e0 encore, seule une confirmation du solde actuel est suffisante<\/strong> dans le compte. Bien que cela soit pr\u00e9sent\u00e9 comme une avanc\u00e9e, il ne s'agit en fait que d'un pas en avant. <strong data-start=\"506\" data-end=\"553\">retour au statut juridique ant\u00e9rieur au 15 juillet 2024<\/strong>lorsque la confirmation du solde \u00e9tait une pratique courante. Ainsi, la loi <strong data-start=\"620\" data-end=\"699\">revient apr\u00e8s que l'amendement pr\u00e9c\u00e9dent a durci les conditions de mani\u00e8re d\u00e9raisonnable<\/strong> ind\u00e9pendamment de leur applicabilit\u00e9 r\u00e9elle, ce qui constitue une charge administrative pour la police des \u00e9trangers.<\/p>\n<p data-start=\"741\" data-end=\"1350\">Dans la pratique, il s'agit de l'un des <strong data-start=\"775\" data-end=\"824\">les plaintes les plus fr\u00e9quentes des \u00e9trangers et des Slovaques<\/strong>qui ont \u00e9t\u00e9 contraints de pr\u00e9senter des relev\u00e9s bancaires des trois derniers mois, exclusivement&nbsp;<strong data-start=\"900\" data-end=\"936\">tamponn\u00e9 et sign\u00e9 par la banque<\/strong>. Cependant, de nombreuses banques <strong data-start=\"955\" data-end=\"994\">a refus\u00e9 de d\u00e9livrer de tels documents<\/strong>ou n'ont \u00e9t\u00e9 d\u00e9livr\u00e9s qu'avec retard. Il en r\u00e9sulte que <strong data-start=\"1054\" data-end=\"1093\">la police a refus\u00e9 d'accepter les demandes<\/strong> sans le document correct, ce qui a conduit \u00e0 <strong data-start=\"1129\" data-end=\"1180\">les retards inutiles, le stress et l'ajournement des proc\u00e9dures<\/strong>. En outre, <strong data-start=\"1190\" data-end=\"1274\">les fonctionnaires ont souvent mal interpr\u00e9t\u00e9 l'obligation d'\"extraire les trois derniers mois\"<\/strong>qui a provoqu\u00e9 <strong data-start=\"1291\" data-end=\"1318\">le chaos et l'incoh\u00e9rence des pratiques<\/strong> entre les d\u00e9partements.<\/p>\n<p data-start=\"1352\" data-end=\"1591\">Ce \"nouveau\" changement <strong data-start=\"1376\" data-end=\"1410\">ne constitue pas une v\u00e9ritable r\u00e9forme<\/strong>mais seulement <strong data-start=\"1420\" data-end=\"1458\">reconnaissance tacite et tardive de l'erreur<\/strong>qui <strong data-start=\"1466\" data-end=\"1528\">au lieu d'am\u00e9liorer le syst\u00e8me, elle l'a mis \u00e0 rude \u00e9preuve<\/strong>. Ainsi, au lieu d'innover, l'\u00c9tat <strong data-start=\"1557\" data-end=\"1590\">ne corrige que son propre \u00e9chec<\/strong>.<\/p>\n<h4><strong>Nouvelles obligations administratives et traductions<\/strong><\/h4>\n<p>Si la loi supprime certaines exigences superflues - comme la pr\u00e9sentation d'une photographie en couleur -, elle&nbsp;<strong>introduit de nouvelles obligations dans le domaine de la traduction de documents<\/strong>. Toutes les annexes aux demandes (y compris les plans d'affaires, les d\u00e9clarations sous serment ou les procurations) devront \u00eatre&nbsp;<strong>dans une traduction officiellement certifi\u00e9e en slovaque<\/strong>. <br><b><br>Dans la pratique, cependant, cette situation ne fait qu'ajouter \u00e0 la rationalit\u00e9 de la loi, puisque la plupart des \u00e9trangers font pr\u00e9parer leur r\u00e9sidence d'affaires par une soci\u00e9t\u00e9 slovaque, en particulier parce que l'entrepreneur qui vient sur le territoire de la R\u00e9publique slovaque n'a pas la connaissance et le savoir de l'environnement commercial du pays dans lequel il vient.&nbsp;<\/b><\/p>\n<p>Cela augmentera consid\u00e9rablement les co\u00fbts et le temps de pr\u00e9paration des demandes. Au lieu de faciliter l'acc\u00e8s des \u00e9trangers qualifi\u00e9s, il s'agit d'un pas de plus vers la mise en place d'un syst\u00e8me de gestion des ressources humaines.&nbsp;<strong>bureaucratisation et formalisme<\/strong>, <b>ce qui disqualifie la Slovaquie en tant que destination attrayante pour les talents \u00e9trangers.<\/b><\/p>\n<h4><strong>Migration s\u00e9lective sans r\u00e8gles<\/strong><\/h4>\n<p>L'amendement \u00e9largit \u00e9galement les pouvoirs du gouvernement dans le domaine de la politique migratoire. Le gouvernement pourra&nbsp;<strong>d\u00e9terminer les ressortissants dont la demande de visa ou le s\u00e9jour peut \u00eatre refus\u00e9 pour des raisons de s\u00e9curit\u00e9<\/strong>m\u00eame sans \u00e9valuation individuelle.<\/p>\n<p>Une telle configuration est juridiquement contestable et cr\u00e9e une marge de man\u0153uvre pour&nbsp;<strong>politisation et discrimination sans protection judiciaire<\/strong>. La politique migratoire de la Slovaquie peut ainsi devenir un instrument du populisme, et non un int\u00e9r\u00eat pragmatique de l'\u00c9tat.<\/p>\n<h4><strong>Un pas risqu\u00e9 dans la mauvaise direction<\/strong><\/h4>\n<p>La modification de 2025 de la loi sur le s\u00e9jour des \u00e9trangers ne constitue pas une modernisation de la politique d'immigration.&nbsp;<strong>il s'agit de mesures centralis\u00e9es, opaques et restrictives<\/strong>qui nuisent \u00e0 la r\u00e9putation de la Slovaquie en tant que pays ouvert et favorable aux affaires.<\/p>\n<p>Si la R\u00e9publique slovaque souhaite r\u00e9ellement promouvoir l'innovation, l'esprit d'entreprise et le d\u00e9veloppement du march\u00e9 du travail, elle devrait&nbsp;<strong>supprimer les obstacles bureaucratiques, et non les cr\u00e9er<\/strong>. L'introduction de quotas, l'\u00e9valuation subjective des intentions commerciales et la restriction des demandes sur la seule base de l'origine du demandeur sont des mesures qui vont exactement dans la direction oppos\u00e9e.<\/p>\n<p><strong>Vous avez besoin de conseils sur l'amendement ou vous envisagez d'introduire une demande de r\u00e9sidence ? Chez visa.sk, nous suivons l'\u00e9volution de la l\u00e9gislation et fournissons une assistance experte - n'h\u00e9sitez pas \u00e0 nous contacter.<\/strong><\/p>\t\t\t\t\t\t<\/div>\n\t\t\t\t<\/div>\n\t\t\t\t\t<\/div>\n\t\t<\/div>\n\t\t\t\t\t<\/div>\n\t\t<\/section>\n\t\t\t\t<section class=\"elementor-section elementor-top-section elementor-element elementor-element-383b662 elementor-section-boxed elementor-section-height-default elementor-section-height-default\" data-id=\"383b662\" data-element_type=\"section\">\n\t\t\t\t\t\t<div class=\"elementor-container elementor-column-gap-default\">\n\t\t\t\t\t<div class=\"elementor-column elementor-col-100 elementor-top-column elementor-element elementor-element-0414f74\" data-id=\"0414f74\" data-element_type=\"column\">\n\t\t\t<div class=\"elementor-widget-wrap elementor-element-populated\">\n\t\t\t\t\t\t<section class=\"elementor-section elementor-inner-section elementor-element elementor-element-a67c79c elementor-section-boxed elementor-section-height-default elementor-section-height-default\" data-id=\"a67c79c\" data-element_type=\"section\" data-settings=\"{&quot;background_background&quot;:&quot;classic&quot;}\">\n\t\t\t\t\t\t\t<div class=\"elementor-background-overlay\"><\/div>\n\t\t\t\t\t\t\t<div class=\"elementor-container elementor-column-gap-default\">\n\t\t\t\t\t<div class=\"elementor-column elementor-col-50 elementor-inner-column elementor-element elementor-element-c56aea4\" data-id=\"c56aea4\" data-element_type=\"column\">\n\t\t\t<div class=\"elementor-widget-wrap elementor-element-populated\">\n\t\t\t\t\t\t<div class=\"elementor-element elementor-element-5a36da7 elementor-widget__width-initial elementor-widget elementor-widget-jkit_heading\" data-id=\"5a36da7\" data-element_type=\"widget\" data-widget_type=\"jkit_heading.default\">\n\t\t\t\t<div class=\"elementor-widget-container\">\n\t\t\t<div  class=\"jeg-elementor-kit jkit-heading  align-left align-tablet- align-mobile- jeg_module__1_69ef2357aa776\" ><div class=\"heading-section-title  display-inline-block\"><p class=\"heading-title\">Demandez l'aide d'un professionnel.<span class=\"style-color\"><span>Contactez nous.<\/span><\/span><\/p><\/div><div class=\"heading-section-description\"><p>Confiez votre demande \u00e0 des professionnels exp\u00e9riment\u00e9s et nous nous occuperons de la proc\u00e9dure d'obtention ou de renouvellement de votre r\u00e9sidence temporaire.<\/p><\/div><\/div>\t\t<\/div>\n\t\t\t\t<\/div>\n\t\t\t\t\t<\/div>\n\t\t<\/div>\n\t\t\t\t<div class=\"elementor-column elementor-col-50 elementor-inner-column elementor-element elementor-element-4b4349a\" data-id=\"4b4349a\" data-element_type=\"column\">\n\t\t\t<div class=\"elementor-widget-wrap elementor-element-populated\">\n\t\t\t\t\t\t<div class=\"elementor-element elementor-element-4acd60b elementor-widget__width-auto elementor-widget elementor-widget-jkit_button\" data-id=\"4acd60b\" data-element_type=\"widget\" data-widget_type=\"jkit_button.default\">\n\t\t\t\t<div class=\"elementor-widget-container\">\n\t\t\t<div  class=\"jeg-elementor-kit jkit-button  icon-position-after jeg_module__2_69ef2357ac97d\" ><a href=\"https:\/\/vizum.sk\/fr\/contact-2\/\" class=\"jkit-button-wrapper\">Contactez-nous<i aria-hidden=\"true\" class=\"jki jki-right-arrow2-light\"><\/i><\/a><\/div>\t\t<\/div>\n\t\t\t\t<\/div>\n\t\t\t\t\t<\/div>\n\t\t<\/div>\n\t\t\t\t\t<\/div>\n\t\t<\/section>\n\t\t\t\t\t<\/div>\n\t\t<\/div>\n\t\t\t\t\t<\/div>\n\t\t<\/section>\n\t\t\t\t<\/div>","protected":false},"excerpt":{"rendered":"<p>Amendement \u00e0 la loi sur le s\u00e9jour des \u00e9trangers : la Slovaquie risque une fuite des investissements Le 21 mai 2025, le Parlement a approuv\u00e9 un amendement \u00e0 la loi sur le s\u00e9jour des \u00e9trangers, qui entrera en vigueur le 1er juillet 2025. Sous couvert d'efficacit\u00e9 et de s\u00e9curit\u00e9, des restrictions fondamentales sont toutefois apport\u00e9es \u00e0 la libert\u00e9 d'entreprise, \u00e0 la s\u00e9curit\u00e9 juridique et \u00e0 l'\u00e9galit\u00e9 d'acc\u00e8s. Au lieu de simplifier le syst\u00e8me et d'augmenter la capacit\u00e9 des [...]<\/p>","protected":false},"author":1,"featured_media":13527,"comment_status":"open","ping_status":"open","sticky":false,"template":"","format":"standard","meta":{"footnotes":"","iawp_total_views":1906},"categories":[47],"tags":[],"acf":[],"_links":{"self":[{"href":"https:\/\/vizum.sk\/fr\/wp-json\/wp\/v2\/posts\/13475"}],"collection":[{"href":"https:\/\/vizum.sk\/fr\/wp-json\/wp\/v2\/posts"}],"about":[{"href":"https:\/\/vizum.sk\/fr\/wp-json\/wp\/v2\/types\/post"}],"author":[{"embeddable":true,"href":"https:\/\/vizum.sk\/fr\/wp-json\/wp\/v2\/users\/1"}],"replies":[{"embeddable":true,"href":"https:\/\/vizum.sk\/fr\/wp-json\/wp\/v2\/comments?post=13475"}],"version-history":[{"count":62,"href":"https:\/\/vizum.sk\/fr\/wp-json\/wp\/v2\/posts\/13475\/revisions"}],"predecessor-version":[{"id":13542,"href":"https:\/\/vizum.sk\/fr\/wp-json\/wp\/v2\/posts\/13475\/revisions\/13542"}],"wp:featuredmedia":[{"embeddable":true,"href":"https:\/\/vizum.sk\/fr\/wp-json\/wp\/v2\/media\/13527"}],"wp:attachment":[{"href":"https:\/\/vizum.sk\/fr\/wp-json\/wp\/v2\/media?parent=13475"}],"wp:term":[{"taxonomy":"category","embeddable":true,"href":"https:\/\/vizum.sk\/fr\/wp-json\/wp\/v2\/categories?post=13475"},{"taxonomy":"post_tag","embeddable":true,"href":"https:\/\/vizum.sk\/fr\/wp-json\/wp\/v2\/tags?post=13475"}],"curies":[{"name":"wp","href":"https:\/\/api.w.org\/{rel}","templated":true}]}}