{"id":5087,"date":"2023-06-09T08:42:07","date_gmt":"2023-06-09T06:42:07","guid":{"rendered":"https:\/\/vizum.sk\/?p=5087"},"modified":"2023-06-09T08:43:04","modified_gmt":"2023-06-09T06:43:04","slug":"zmena-poplatkov-zdravotne-poistenie-cudzincov","status":"publish","type":"post","link":"https:\/\/vizum.sk\/fr\/changer-les-frais-de-l-assurance-maladie-des-etrangers-2\/","title":{"rendered":"Modification des tarifs \u2013 Assurance maladie pour \u00e9trangers"},"content":{"rendered":"<div data-elementor-type=\"wp-post\" data-elementor-id=\"5087\" class=\"elementor elementor-5087\">\n\t\t\t\t\t\t<section class=\"elementor-section elementor-top-section elementor-element elementor-element-3c9bede elementor-section-boxed elementor-section-height-default elementor-section-height-default\" data-id=\"3c9bede\" data-element_type=\"section\">\n\t\t\t\t\t\t<div class=\"elementor-container elementor-column-gap-default\">\n\t\t\t\t\t<div class=\"elementor-column elementor-col-100 elementor-top-column elementor-element elementor-element-379f2da\" data-id=\"379f2da\" data-element_type=\"column\">\n\t\t\t<div class=\"elementor-widget-wrap elementor-element-populated\">\n\t\t\t\t\t\t<div class=\"elementor-element elementor-element-11a6497 elementor-widget elementor-widget-text-editor\" data-id=\"11a6497\" data-element_type=\"widget\" data-widget_type=\"text-editor.default\">\n\t\t\t\t<div class=\"elementor-widget-container\">\n\t\t\t\t\t\t\t<p>Chers clients,<\/p><p>Nous souhaitons vous informer du changement \u00e0 venir des tarifs des services d&#039;assurance voyage et sant\u00e9 pour les \u00e9trangers, que nous vous apportons et intervenons par l&#039;interm\u00e9diaire de la soci\u00e9t\u00e9 AXA Assistance. <br \/><br \/>\u00c0 partir de la semaine prochaine, la soci\u00e9t\u00e9 augmentera les frais actuels comme suit\u00a0:<br \/><br \/>Pack de services Soins urgents - <strong>augmentation des frais de 25%<\/strong> <br \/>Ensemble de services Soins complets (sauf la variante Matka) \u2013 <strong>augmentation des frais d&#039;ici 20%<\/strong><\/p><p><strong>Ce changement aura lieu le 12.06.2023, au plus tard le 15.06.2023.<\/strong><br \/><br \/>Si vous souhaitez souscrire une assurance maladie, faites-le le plus t\u00f4t possible avant la date limite indiqu\u00e9e, afin que nous puissions vous fournir le produit au prix d&#039;origine.<\/p><p>Cordialement,<br \/>l&#039;\u00e9quipe Vizum.sk<\/p>\t\t\t\t\t\t<\/div>\n\t\t\t\t<\/div>\n\t\t\t\t\t<\/div>\n\t\t<\/div>\n\t\t\t\t\t<\/div>\n\t\t<\/section>\n\t\t\t\t<\/div>","protected":false},"excerpt":{"rendered":"<p>Chers clients, Nous tenons \u00e0 vous informer de la prochaine modification des tarifs des services d&#039;assurance voyage et sant\u00e9 pour les \u00e9trangers, que nous vous apportons et intervenons par l&#039;interm\u00e9diaire de la soci\u00e9t\u00e9 AXA Assistance. \u00c0 partir de la semaine prochaine, l&#039;entreprise augmentera les tarifs actuels comme suit\u00a0: Forfait de services Soins urgents - augmentation des frais de 25% Forfait de services Soins complets (sauf pour l&#039;option M\u00e8re) - augmentation des frais d&#039;ici 20% Ce changement interviendra [...]<\/p>","protected":false},"author":1,"featured_media":5088,"comment_status":"open","ping_status":"open","sticky":false,"template":"","format":"standard","meta":{"footnotes":"","iawp_total_views":15},"categories":[70,74,75],"tags":[],"acf":[],"_links":{"self":[{"href":"https:\/\/vizum.sk\/fr\/wp-json\/wp\/v2\/posts\/5087"}],"collection":[{"href":"https:\/\/vizum.sk\/fr\/wp-json\/wp\/v2\/posts"}],"about":[{"href":"https:\/\/vizum.sk\/fr\/wp-json\/wp\/v2\/types\/post"}],"author":[{"embeddable":true,"href":"https:\/\/vizum.sk\/fr\/wp-json\/wp\/v2\/users\/1"}],"replies":[{"embeddable":true,"href":"https:\/\/vizum.sk\/fr\/wp-json\/wp\/v2\/comments?post=5087"}],"version-history":[{"count":0,"href":"https:\/\/vizum.sk\/fr\/wp-json\/wp\/v2\/posts\/5087\/revisions"}],"wp:featuredmedia":[{"embeddable":true,"href":"https:\/\/vizum.sk\/fr\/wp-json\/wp\/v2\/media\/5088"}],"wp:attachment":[{"href":"https:\/\/vizum.sk\/fr\/wp-json\/wp\/v2\/media?parent=5087"}],"wp:term":[{"taxonomy":"category","embeddable":true,"href":"https:\/\/vizum.sk\/fr\/wp-json\/wp\/v2\/categories?post=5087"},{"taxonomy":"post_tag","embeddable":true,"href":"https:\/\/vizum.sk\/fr\/wp-json\/wp\/v2\/tags?post=5087"}],"curies":[{"name":"wp","href":"https:\/\/api.w.org\/{rel}","templated":true}]}}