{"id":6545,"date":"2023-09-08T11:15:18","date_gmt":"2023-09-08T09:15:18","guid":{"rendered":"https:\/\/vizum.sk\/?p=6545"},"modified":"2023-10-06T13:54:15","modified_gmt":"2023-10-06T11:54:15","slug":"uzatvorenie-strankovych-pracovisk-ocp-pz","status":"publish","type":"post","link":"https:\/\/vizum.sk\/fr\/fermeture-partie-lieux-de-travail-ocp-pz\/","title":{"rendered":"Fermeture des sites OCP PZ"},"content":{"rendered":"<div data-elementor-type=\"wp-post\" data-elementor-id=\"6545\" class=\"elementor elementor-6545\">\n\t\t\t\t\t\t<section class=\"elementor-section elementor-top-section elementor-element elementor-element-356a210 elementor-section-boxed elementor-section-height-default elementor-section-height-default\" data-id=\"356a210\" data-element_type=\"section\">\n\t\t\t\t\t\t<div class=\"elementor-container elementor-column-gap-default\">\n\t\t\t\t\t<div class=\"elementor-column elementor-col-100 elementor-top-column elementor-element elementor-element-957c5c0\" data-id=\"957c5c0\" data-element_type=\"column\">\n\t\t\t<div class=\"elementor-widget-wrap elementor-element-populated\">\n\t\t\t\t\t\t<div class=\"elementor-element elementor-element-7fd9330 elementor-widget elementor-widget-text-editor\" data-id=\"7fd9330\" data-element_type=\"widget\" data-widget_type=\"text-editor.default\">\n\t\t\t\t<div class=\"elementor-widget-container\">\n\t\t\t\t\t\t\t<p>Chers clients,\u00a0<br \/>nous vous proposons un article actualis\u00e9 sur la situation actuelle li\u00e9e \u00e0 la fermeture du service de police d'Aliens. Consultez r\u00e9guli\u00e8rement cet article pour obtenir les derni\u00e8res informations.<\/p><p><span style=\"text-decoration: underline;\"><strong>Mise \u00e0 jour 06.10.2023 :<\/strong><\/span><\/p><p><strong>L'Office de la police des fronti\u00e8res et des \u00e9trangers du Pr\u00e9sidium du Corps de police prolonge jusqu'au 15 octobre 2023 la restriction d'exploitation de tous les sites des d\u00e9partements de la police des \u00e9trangers du Corps de police.\u00a0<\/strong><strong>Cela s'explique par la n\u00e9cessit\u00e9 persistante de relever les d\u00e9fis li\u00e9s \u00e0 l'augmentation de l'immigration clandestine sur le territoire de la R\u00e9publique slovaque et \u00e0 la reprise des contr\u00f4les aux fronti\u00e8res avec la Hongrie.<\/strong><\/p><p>La police annoncera dans une semaine un examen de la poursuite de l'exploitation des sites.<\/p><p><br \/><strong>Toutefois, dans le cadre de ce qui pr\u00e9c\u00e8de, les groupes d'\u00e9trangers suivants continueront d'\u00eatre trait\u00e9s \u00e0 l'OCP PZ :<\/strong><\/p><ol><li>Les \u00e9tudiants qui entrent en premi\u00e8re ann\u00e9e d'\u00e9cole secondaire ou d'universit\u00e9 et qui sont d\u00e9j\u00e0 inscrits dans le syst\u00e8me de r\u00e9servation,<\/li><li>les demandeurs de visas nationaux dans l'int\u00e9r\u00eat de la R\u00e9publique slovaque qui ont d\u00e9j\u00e0 r\u00e9serv\u00e9 leur place dans le syst\u00e8me de r\u00e9servation,<\/li><li>les demandeurs de s\u00e9jour temporaire aux fins d'un emploi sur le territoire de la R\u00e9publique slovaque, dont la demande a \u00e9t\u00e9 enregistr\u00e9e par le syst\u00e8me de r\u00e9servation,<\/li><li>demandeurs d'asile temporaire en R\u00e9publique slovaque.<\/li><\/ol><p class=\"Default\">D'autres candidats peuvent \u00eatre accept\u00e9s,\u00a0<strong>s'ils sont d\u00e9j\u00e0 r\u00e9serv\u00e9s par le biais du syst\u00e8me de r\u00e9servation et qu'ils demandent une d\u00e9rogation \u00e0 la direction de la police des fronti\u00e8res et des \u00e9trangers comp\u00e9tente du pr\u00e9sidium de la PZ<\/strong>\u00a0pour l'\u00e9quipement et\u00a0<strong>ont des raisons objectives de le faire.<\/strong>\u00a0Par exemple, les cat\u00e9gories de personnes suivantes peuvent \u00eatre impliqu\u00e9es :<\/p><ul><li class=\"Default\">les ressortissants \u00e9trangers qui ont besoin d'un nouveau permis de s\u00e9jour,<\/li><li class=\"Default\">les \u00e9trangers dont le visa D expire au moment des restrictions de s\u00e9jour dans le cadre de leur demande de s\u00e9jour en R\u00e9publique slovaque,<\/li><li class=\"Default\">les personnes r\u00e9sidant l\u00e9galement sur le territoire de la R\u00e9publique slovaque sur la base des dispositions de la loi sur l'immigration et la protection des r\u00e9fugi\u00e9s.\u00a0<em>\u00a7 Article 131j, paragraphe 2, de la loi sur le s\u00e9jour des \u00e9trangers<\/em>\u00a0li\u00e9s \u00e0 la situation de crise provoqu\u00e9e par le COVID-19, ont \u00e9t\u00e9 r\u00e9serv\u00e9s jusqu'au 15 octobre 2023 et doivent demander un sursis,<\/li><li class=\"Default\">les cas de regroupement familial aux personnes qui ont d\u00e9j\u00e0 b\u00e9n\u00e9fici\u00e9 d'une exemption,<\/li><li class=\"Default\">d'autres cas o\u00f9 il existe des raisons objectives de le faire.<\/li><\/ul><p>\u00a0<\/p><p><span style=\"text-decoration: underline;\"><strong>Mise \u00e0 jour 28.09.2023 :<\/strong><\/span><\/p><p><strong>Le Bureau de la police des fronti\u00e8res et des \u00e9trangers du pr\u00e9sidium du corps de police \u00e9tend la restriction d'exploitation de tous les sites des d\u00e9partements de la police des \u00e9trangers du corps de police jusqu'au 8 octobre 2023 en raison de la n\u00e9cessit\u00e9 persistante d'effectuer des t\u00e2ches li\u00e9es \u00e0 l'\u00e9norme augmentation de la migration ill\u00e9gale sur le territoire de la R\u00e9publique slovaque.<\/strong><\/p><p>Toutefois, dans le cadre de ce qui pr\u00e9c\u00e8de, les groupes d'\u00e9trangers suivants continueront d'\u00eatre trait\u00e9s \u00e0 l'OCP PZ :<\/p><ol><li>Les \u00e9tudiants entrant en premi\u00e8re ann\u00e9e d'\u00e9cole secondaire ou d'universit\u00e9 et ayant d\u00e9j\u00e0 r\u00e9serv\u00e9 par le biais du syst\u00e8me de r\u00e9servation,<\/li><li>les demandeurs de visas nationaux dans l'int\u00e9r\u00eat de la R\u00e9publique slovaque qui ont d\u00e9j\u00e0 r\u00e9serv\u00e9 leur place dans le syst\u00e8me de r\u00e9servation,<\/li><li>demandeurs d'asile temporaire en R\u00e9publique slovaque.<\/li><\/ol><p>Les cat\u00e9gories de personnes suivantes continueront d'\u00eatre trait\u00e9es par le Bureau de la police des fronti\u00e8res et des \u00e9trangers du Pr\u00e9sidium du Corps de police\u00a0<strong>se d\u00e9veloppe dans une autre cat\u00e9gorie,<\/strong>\u00a0\u00e0 peu pr\u00e8s :<\/p><p>&#8211;<strong>\u00a0les demandeurs de s\u00e9jour temporaire aux fins d'un emploi sur le territoire de la R\u00e9publique slovaque<\/strong><strong>\u00a0et sont d\u00e9j\u00e0 r\u00e9serv\u00e9es par le biais du syst\u00e8me de r\u00e9servation<\/strong>.<\/p><p>Bureau de la police des fronti\u00e8res et des \u00e9trangers du pr\u00e9sidium du corps de police\u00a0<strong>attire l'attention sur la disposition\u00a0<\/strong><strong>\u00a7 Article 131k (1) de la loi sur le s\u00e9jour des \u00e9trangers<\/strong>\u00a0\"la validit\u00e9 du s\u00e9jour est automatiquement prolong\u00e9e jusqu'\u00e0 l'expiration d'une p\u00e9riode de deux mois \u00e0 compter de la fin de la situation d'urgence li\u00e9e \u00e0 l'afflux massif d'\u00e9trangers sur le territoire de la R\u00e9publique slovaque en raison du conflit arm\u00e9 sur le territoire de l'Ukraine\".  En relation avec cette disposition, nous voudrions demander aux \u00e9trangers d'attendre avant de demander le renouvellement de leur r\u00e9sidence temporaire sur le territoire de la R\u00e9publique slovaque. Dans le m\u00eame temps, nous demandons aux \u00e9trangers d'\u00eatre patients face \u00e0 cette situation et les invitons \u00e0 ne pas encombrer les directions de la police des fronti\u00e8res et des \u00e9trangers du pr\u00e9sidium du corps de police avec des demandes d'exemption, \u00e0 moins que cela ne soit vraiment n\u00e9cessaire.<\/p><p>Nous attirons tout particuli\u00e8rement votre attention sur le fait qu'en raison de travaux de construction au d\u00e9partement de la police des \u00e9trangers des forces de police, les autorit\u00e9s de l'\u00c9tat n'ont pas \u00e9t\u00e9 en mesure d'assurer la s\u00e9curit\u00e9 de la population.\u00a0<strong>Ruzomberok<\/strong>\u00a0ce d\u00e9partement sera du 2 au 4 octobre 2023\u00a0<strong>compl\u00e8tement ferm\u00e9<\/strong>. Les groupes de personnes b\u00e9n\u00e9ficiant d'une d\u00e9rogation pour le traitement de leurs demandes et ayant obtenu un rendez-vous ces jours-l\u00e0 ne seront trait\u00e9s que les 5 et 6 octobre 2023, et il est n\u00e9cessaire de contacter la direction de la police des fronti\u00e8res et des \u00e9trangers du pr\u00e9sidium du corps de police de Bansk\u00e1 bystrica par courrier \u00e9lectronique (<a class=\"\" href=\"mailto:rcpbb@minv.sk\">rcpbb@minv.sk<\/a>) pour une autre date.<\/p><p><span style=\"text-decoration: underline;\"><strong>Rapport original :<\/strong><\/span><\/p><p><strong>Du 11 au 30 septembre 2023, le bureau de la police des fronti\u00e8res et des \u00e9trangers du pr\u00e9sidium du corps de police fermera les lieux de travail de tous les d\u00e9partements de la police des \u00e9trangers du corps de police en raison de la n\u00e9cessit\u00e9 d'effectuer des t\u00e2ches li\u00e9es \u00e0 l'\u00e9norme augmentation de la migration ill\u00e9gale sur le territoire de la R\u00e9publique slovaque.<\/strong><\/p><p>Dans le cadre de ce qui pr\u00e9c\u00e8de, l'OCP PZ continuera toutefois \u00e0 s'occuper des questions suivantes\u00a0<strong>les groupes d'\u00e9trangers suivants :<\/strong><\/p><ul><li>Les \u00e9tudiants entrant en premi\u00e8re ann\u00e9e d'\u00e9cole secondaire ou d'universit\u00e9 et ayant d\u00e9j\u00e0 r\u00e9serv\u00e9 par le biais du syst\u00e8me de r\u00e9servation,<\/li><li>les demandeurs de visas nationaux dans l'int\u00e9r\u00eat de la R\u00e9publique slovaque qui ont d\u00e9j\u00e0 r\u00e9serv\u00e9 leur place dans le syst\u00e8me de r\u00e9servation,<\/li><li>les demandeurs d'asile temporaire sur le territoire de la R\u00e9publique slovaque.<\/li><\/ul><p>Tous les autres \u00e9trangers qui sont d\u00e9j\u00e0 inscrits dans le syst\u00e8me de r\u00e9servation et qui, pour des raisons particuli\u00e8res, doivent demander un permis de s\u00e9jour ou un nouveau permis de s\u00e9jour, peuvent s'adresser par courrier \u00e9lectronique \u00e0 la direction de la police des fronti\u00e8res et de l'immigration comp\u00e9tente pour obtenir les informations suivantes\u00a0<strong>octroi d'une d\u00e9rogation<\/strong>\u00a0pour l'introduction de la demande. Dans le cas contraire, ils devront effectuer une nouvelle r\u00e9servation via le syst\u00e8me de r\u00e9servation en ligne pour les nouveaux rendez-vous. Il n'est pas n\u00e9cessaire d'annuler les dates initiales s\u00e9par\u00e9ment, cela sera fait automatiquement.<\/p><p><strong>Avis<\/strong><\/p><p>Possible\u00a0<strong>expiration du s\u00e9jour<\/strong>\u00a0lors de la fermeture pr\u00e9vue des services de la police des \u00e9trangers de la PZ\u00a0<strong>n'est pas une source d'inqui\u00e9tude<\/strong>puisque, selon la disposition<em>\u00a0\u00a7 Article 131k (1) de la loi sur le s\u00e9jour des \u00e9trangers\u00a0<\/em>la validit\u00e9 du s\u00e9jour est automatiquement prolong\u00e9e jusqu'\u00e0 l'expiration d'une p\u00e9riode de deux mois apr\u00e8s la lev\u00e9e de la situation d'urgence li\u00e9e \u00e0 l'afflux massif d'\u00e9trangers sur le territoire de la R\u00e9publique slovaque en raison du conflit arm\u00e9 sur le territoire de l'Ukraine.\u00a0\u00a0<\/p><p>Si la migration irr\u00e9guli\u00e8re ne diminue pas apr\u00e8s le 30 septembre 2023, nous informerons le public en temps voulu des mesures \u00e0 prendre.<\/p><p><strong>Nous tiendrons le rapport \u00e0 jour.<\/strong><\/p><p>Source : https:\/\/www.minv.sk\/?tlacove-spravy-2&amp;sprava=strankove-pracoviska-cudzineckej-policie-od-11-do-30-septembra-budu-poskytovat-sluzby-v-obmedzenom-rezime<\/p>\t\t\t\t\t\t<\/div>\n\t\t\t\t<\/div>\n\t\t\t\t\t<\/div>\n\t\t<\/div>\n\t\t\t\t\t<\/div>\n\t\t<\/section>\n\t\t\t\t<\/div>","protected":false},"excerpt":{"rendered":"<p>Chers clients, nous vous proposons un article actualis\u00e9 sur la situation actuelle li\u00e9e \u00e0 la fermeture du d\u00e9partement de la police des \u00e9trangers. Consultez r\u00e9guli\u00e8rement cet article pour obtenir les derni\u00e8res informations. Mise \u00e0 jour le 06.10.2023 : L'Office de la police des fronti\u00e8res et des \u00e9trangers du Pr\u00e9sidium du Corps de police prolonge la restriction d'exploitation de tous les sites des d\u00e9partements de la police des \u00e9trangers du Corps de police jusqu'au 15 octobre 2023. La raison en est la n\u00e9cessit\u00e9 permanente de remplir les t\u00e2ches li\u00e9es \u00e0 l'augmentation de la migration ill\u00e9gale sur [...]<\/p>","protected":false},"author":1,"featured_media":6847,"comment_status":"open","ping_status":"open","sticky":false,"template":"","format":"standard","meta":{"footnotes":"","iawp_total_views":146},"categories":[70,52],"tags":[],"acf":[],"_links":{"self":[{"href":"https:\/\/vizum.sk\/fr\/wp-json\/wp\/v2\/posts\/6545"}],"collection":[{"href":"https:\/\/vizum.sk\/fr\/wp-json\/wp\/v2\/posts"}],"about":[{"href":"https:\/\/vizum.sk\/fr\/wp-json\/wp\/v2\/types\/post"}],"author":[{"embeddable":true,"href":"https:\/\/vizum.sk\/fr\/wp-json\/wp\/v2\/users\/1"}],"replies":[{"embeddable":true,"href":"https:\/\/vizum.sk\/fr\/wp-json\/wp\/v2\/comments?post=6545"}],"version-history":[{"count":0,"href":"https:\/\/vizum.sk\/fr\/wp-json\/wp\/v2\/posts\/6545\/revisions"}],"wp:featuredmedia":[{"embeddable":true,"href":"https:\/\/vizum.sk\/fr\/wp-json\/wp\/v2\/media\/6847"}],"wp:attachment":[{"href":"https:\/\/vizum.sk\/fr\/wp-json\/wp\/v2\/media?parent=6545"}],"wp:term":[{"taxonomy":"category","embeddable":true,"href":"https:\/\/vizum.sk\/fr\/wp-json\/wp\/v2\/categories?post=6545"},{"taxonomy":"post_tag","embeddable":true,"href":"https:\/\/vizum.sk\/fr\/wp-json\/wp\/v2\/tags?post=6545"}],"curies":[{"name":"wp","href":"https:\/\/api.w.org\/{rel}","templated":true}]}}