{"id":9574,"date":"2024-04-02T00:23:08","date_gmt":"2024-04-01T22:23:08","guid":{"rendered":"https:\/\/vizum.sk\/?p=9574"},"modified":"2024-04-02T00:41:01","modified_gmt":"2024-04-01T22:41:01","slug":"novela_zakona_27_03_2024","status":"publish","type":"post","link":"https:\/\/vizum.sk\/fr\/modification_de_la_loi_27_03_2024\/","title":{"rendered":"Modification de la loi sur le s\u00e9jour des \u00e9trangers n\u00b0 404\/2011"},"content":{"rendered":"<div data-elementor-type=\"wp-post\" data-elementor-id=\"9574\" class=\"elementor elementor-9574\">\n\t\t\t\t\t\t<section class=\"elementor-section elementor-top-section elementor-element elementor-element-8f1e542 elementor-section-boxed elementor-section-height-default elementor-section-height-default\" data-id=\"8f1e542\" data-element_type=\"section\">\n\t\t\t\t\t\t<div class=\"elementor-container elementor-column-gap-default\">\n\t\t\t\t\t<div class=\"elementor-column elementor-col-100 elementor-top-column elementor-element elementor-element-fc30c11\" data-id=\"fc30c11\" data-element_type=\"column\">\n\t\t\t<div class=\"elementor-widget-wrap elementor-element-populated\">\n\t\t\t\t\t\t<div class=\"elementor-element elementor-element-57c68f4 elementor-widget elementor-widget-text-editor\" data-id=\"57c68f4\" data-element_type=\"widget\" data-widget_type=\"text-editor.default\">\n\t\t\t\t<div class=\"elementor-widget-container\">\n\t\t\t\t\t\t\t<p>Chers clients,\u00a0<br \/>Le minist\u00e8re de l'Int\u00e9rieur de la R\u00e9publique slovaque informe des r\u00e9cents changements apport\u00e9s \u00e0 la loi sur le s\u00e9jour des \u00e9trangers n\u00b0 404\/2011. Plus d'informations sont disponibles via le communiqu\u00e9 de presse ci-dessous.<\/p><p><strong>La Slovaquie aligne sa l\u00e9gislation sur les\u00a0<a title=\"Directive (UE) 2021\/1883 du Parlement europ\u00e9en et du Conseil du 20 octobre 2021 \u00e9tablissant les conditions d&#039;entr\u00e9e et de s\u00e9jour des ressortissants de pays tiers aux fins d&#039;un emploi hautement qualifi\u00e9.\" href=\"https:\/\/eur-lex.europa.eu\/legal-content\/SK\/TXT\/?uri=CELEX%3A32021L1883\" target=\"_blank\" rel=\"noopener\">Directive (UE) 2021\/1883 du Parlement europ\u00e9en et du Conseil du 20 octobre 2021 \u00e9tablissant les conditions d'entr\u00e9e et de s\u00e9jour des ressortissants de pays tiers aux fins d'un emploi hautement qualifi\u00e9.<\/a>. Proposition\u00a0<a href=\"https:\/\/rokovania.gov.sk\/RVL\/Material\/29385\/1\" target=\"_blank\" rel=\"noopener\">modifications de la loi n\u00b0 404\/2011 Coll. sur la r\u00e9sidence des \u00e9trangers<\/a>\u00a0le mercredi 27 mars 2024, le ministre de l'Int\u00e9rieur Mat\u00fa\u0161 \u0160utaj E\u0161tok a pr\u00e9sent\u00e9 au Conseil des ministres<\/strong><\/p><p><strong>Un dipl\u00f4me universitaire de premi\u00e8re classe sera suffisant pour occuper un emploi qualifi\u00e9.<\/strong>Pour certains emplois dans le domaine des TIC, des comp\u00e9tences professionnelles sup\u00e9rieures d\u00e9montr\u00e9es par une exp\u00e9rience professionnelle dans une profession hautement qualifi\u00e9e seront suffisantes.<\/p><p>La p\u00e9riode pour laquelle il est d\u00e9livr\u00e9\u00a0<strong>la confirmation de la possibilit\u00e9 de pourvoir un poste vacant correspondant \u00e0 un emploi hautement qualifi\u00e9 est port\u00e9e de 4 \u00e0 5 ans<\/strong>.\u00a0<\/p><p>La carte bleue de l'Union europ\u00e9enne est un titre de s\u00e9jour temporaire qui permet \u00e0 un ressortissant de pays tiers d'entrer, de r\u00e9sider et de travailler sur le territoire de la R\u00e9publique slovaque aux fins d'un emploi hautement qualifi\u00e9, de quitter le territoire de la R\u00e9publique slovaque et d'y revenir pendant la p\u00e9riode pour laquelle elle lui a \u00e9t\u00e9 d\u00e9livr\u00e9e.<\/p><p>Ils sont \u00e9galement en train d'\u00e9largir leur champ d'action\u00a0<strong>\u00a0les d\u00e9finitions des situations dans lesquelles un ressortissant de pays tiers peut se voir refuser l'entr\u00e9e ou le s\u00e9jour sur le territoire de la R\u00e9publique slovaque.<br \/><\/strong>Dans ce contexte, les cas o\u00f9 un ressortissant de pays tiers retourne ou ne retourne pas dans son pays d'origine ou dans un autre \u00c9tat membre apr\u00e8s une d\u00e9cision d'expulsion administrative sont explicitement mentionn\u00e9s. Par exemple, lorsque l'identit\u00e9 du migrant irr\u00e9gulier ne peut \u00eatre clairement \u00e9tablie.\u00a0<\/p><p>Dans le cadre de la lutte contre l'immigration clandestine, il est propos\u00e9 d'introduire les \u00e9l\u00e9ments suivants en cas de remise d'un \u00e9tranger\u00a0<strong>l'autorisation pour un fonctionnaire de police de fouiller un t\u00e9l\u00e9phone, un \u00e9quipement de t\u00e9l\u00e9communication, un \u00e9quipement audiovisuel ou similaire ou un support \u00e9lectronique<\/strong>que l'\u00e9tranger porte sur lui afin d'\u00e9tablir son identit\u00e9 et sa nationalit\u00e9 le plus rapidement possible.<\/p><p><strong>L'amendement pr\u00e9voit \u00e9galement<\/strong><\/p><ul><li>\u00e9tablit la comp\u00e9tence du minist\u00e8re de l'int\u00e9rieur pour reconna\u00eetre les documents de voyage des autres pays du monde,<\/li><li>oblige les ressortissants de pays tiers \u00e0 prouver\u00a0<strong>\u00e9galement lorsqu'ils quittent le territoire de la R\u00e9publique slovaque<\/strong>\u00a0un document de voyage valide, comme pour l'entr\u00e9e sur notre territoire,<\/li><li>sugg\u00e9rer\u00a0<strong>de nouveaux motifs de refus d'octroi d'un visa national,<\/strong><\/li><li>introduit la possibilit\u00e9 de demander \u00e9galement un visa national\u00a0<strong>par l'interm\u00e9diaire d'un prestataire de services externe.<br \/><br \/><\/strong><\/li><\/ul><p>Les changements propos\u00e9s s'inscrivent dans le cadre d'un effort plus large\u00a0<strong>actualiser et rationaliser la politique de la R\u00e9publique slovaque en mati\u00e8re de migrations et de visas<\/strong>. L'objectif est d'am\u00e9liorer\u00a0<strong>le contr\u00f4le des migrations<\/strong>\u00a0et en m\u00eame temps\u00a0<strong>Faciliter les proc\u00e9dures pour les migrants l\u00e9gaux et les visiteurs de pays tiers.<\/strong><\/p>\t\t\t\t\t\t<\/div>\n\t\t\t\t<\/div>\n\t\t\t\t\t<\/div>\n\t\t<\/div>\n\t\t\t\t\t<\/div>\n\t\t<\/section>\n\t\t\t\t<\/div>","protected":false},"excerpt":{"rendered":"<p>Chers clients, Le minist\u00e8re de l'Int\u00e9rieur de la R\u00e9publique slovaque informe des derni\u00e8res modifications apport\u00e9es \u00e0 la loi sur le s\u00e9jour des \u00e9trangers n\u00b0 404\/2011. De plus amples informations sont disponibles dans le communiqu\u00e9 de presse ci-dessous. La Slovaquie aligne sa l\u00e9gislation sur la directive (UE) 2021\/1883 du Parlement europ\u00e9en et du Conseil du 20 octobre 2021 \u00e9tablissant les conditions d'entr\u00e9e et de s\u00e9jour des ressortissants de pays tiers aux fins d'un emploi hautement qualifi\u00e9. Le projet d'amendement \u00e0 la loi n\u00b0 [...]<\/p>","protected":false},"author":1,"featured_media":8349,"comment_status":"open","ping_status":"open","sticky":false,"template":"","format":"standard","meta":{"footnotes":"","iawp_total_views":158},"categories":[47,46],"tags":[],"acf":[],"_links":{"self":[{"href":"https:\/\/vizum.sk\/fr\/wp-json\/wp\/v2\/posts\/9574"}],"collection":[{"href":"https:\/\/vizum.sk\/fr\/wp-json\/wp\/v2\/posts"}],"about":[{"href":"https:\/\/vizum.sk\/fr\/wp-json\/wp\/v2\/types\/post"}],"author":[{"embeddable":true,"href":"https:\/\/vizum.sk\/fr\/wp-json\/wp\/v2\/users\/1"}],"replies":[{"embeddable":true,"href":"https:\/\/vizum.sk\/fr\/wp-json\/wp\/v2\/comments?post=9574"}],"version-history":[{"count":0,"href":"https:\/\/vizum.sk\/fr\/wp-json\/wp\/v2\/posts\/9574\/revisions"}],"wp:featuredmedia":[{"embeddable":true,"href":"https:\/\/vizum.sk\/fr\/wp-json\/wp\/v2\/media\/8349"}],"wp:attachment":[{"href":"https:\/\/vizum.sk\/fr\/wp-json\/wp\/v2\/media?parent=9574"}],"wp:term":[{"taxonomy":"category","embeddable":true,"href":"https:\/\/vizum.sk\/fr\/wp-json\/wp\/v2\/categories?post=9574"},{"taxonomy":"post_tag","embeddable":true,"href":"https:\/\/vizum.sk\/fr\/wp-json\/wp\/v2\/tags?post=9574"}],"curies":[{"name":"wp","href":"https:\/\/api.w.org\/{rel}","templated":true}]}}