{"id":10557,"date":"2024-08-06T20:35:55","date_gmt":"2024-08-06T18:35:55","guid":{"rendered":"https:\/\/vizum.sk\/?p=10557"},"modified":"2024-08-06T20:49:30","modified_gmt":"2024-08-06T18:49:30","slug":"vypadok-terminov-rezervacneho-systemu","status":"publish","type":"post","link":"https:\/\/vizum.sk\/hu\/a-foglalasi-rendszer-leallasanak-datumai\/","title":{"rendered":"Blackout d\u00e1tumok foglal\u00e1si rendszer"},"content":{"rendered":"<div data-elementor-type=\"wp-post\" data-elementor-id=\"10557\" class=\"elementor elementor-10557\">\n\t\t\t\t\t\t<section class=\"elementor-section elementor-top-section elementor-element elementor-element-2814606 elementor-section-boxed elementor-section-height-default elementor-section-height-default\" data-id=\"2814606\" data-element_type=\"section\">\n\t\t\t\t\t\t<div class=\"elementor-container elementor-column-gap-default\">\n\t\t\t\t\t<div class=\"elementor-column elementor-col-100 elementor-top-column elementor-element elementor-element-29f5854\" data-id=\"29f5854\" data-element_type=\"column\">\n\t\t\t<div class=\"elementor-widget-wrap elementor-element-populated\">\n\t\t\t\t\t\t<div class=\"elementor-element elementor-element-fab7851 elementor-widget elementor-widget-text-editor\" data-id=\"fab7851\" data-element_type=\"widget\" data-widget_type=\"text-editor.default\">\n\t\t\t\t<div class=\"elementor-widget-container\">\n\t\t\t\t\t\t\t<p>Kedves \u00dcgyfeleink!\u00a0<\/p><p>T\u00e1j\u00e9koztatjuk \u00d6n\u00f6ket, hogy a Bel\u00fcgyminiszt\u00e9rium foglal\u00e1si rendszer\u00e9ben jelenleg hi\u00e1nyoznak a k\u00fclf\u00f6ldi rend\u0151rs\u00e9ggel kapcsolatos int\u00e9zked\u00e9sekre vonatkoz\u00f3 id\u0151pontok, <strong>ahol jelenleg 2024.08.01-t\u0151l kezdve kiesett a kinevez\u00e9sek sz\u00e1ma, \u00e9s gyakran el\u0151fordulhat olyan esem\u00e9ny, amikor a rendszer nem ad id\u0151pontot a k\u00fclf\u00f6ldi rend\u0151rs\u00e9g b\u00e1rmelyik oszt\u00e1ly\u00e1n.<\/strong>\u00a0<br \/><br \/>A bel\u00fcgyminiszt\u00e9rium a honlapj\u00e1n arr\u00f3l is t\u00e1j\u00e9koztat, hogy jelenleg nem foglalkozik a hat\u00e1rid\u0151 al\u00f3li kiv\u00e9telekkel.\u00a0<br \/><br \/><em>\"A k\u00fclf\u00f6ldiek nagy \u00e9rdekl\u0151d\u00e9se miatt a Szlov\u00e1k K\u00f6zt\u00e1rsas\u00e1gban val\u00f3 tart\u00f3zkod\u00e1suk megad\u00e1sa\/meghosszabb\u00edt\u00e1sa ir\u00e1nt, a Szlov\u00e1k K\u00f6zt\u00e1rsas\u00e1g Bel\u00fcgyminiszt\u00e9rium\u00e1nak foglal\u00e1si rendszer\u00e9ben a sz\u00f3ban forg\u00f3 \u00e9lethelyzetekre jelenleg nincsenek szabad id\u0151pontok. Emiatt folyamatosan figyelemmel kell k\u00eds\u00e9rni az id\u0151pontok el\u00e9rhet\u0151s\u00e9g\u00e9t. Azoknak a harmadik orsz\u00e1gbeli \u00e1llampolg\u00e1roknak, akik a Szlov\u00e1k K\u00f6zt\u00e1rsas\u00e1gban val\u00f3 tart\u00f3zkod\u00e1s (els\u0151) enged\u00e9lyez\u00e9s\u00e9t k\u00e9rik, \u00e9s a Rend\u0151rs\u00e9g idegenrend\u00e9szet\u00e9nek v\u00e1lasztott oszt\u00e1ly\u00e1n nincs szabad id\u0151pont a k\u00e9relem beny\u00fajt\u00e1s\u00e1ra, javasoljuk, hogy foglaljanak id\u0151pontot a Rend\u0151rs\u00e9g idegenrend\u00e9szet\u00e9nek azon oszt\u00e1ly\u00e1n, ahol van szabad id\u0151pont. V<strong> ha a fenti okb\u00f3l a Hat\u00e1r- \u00e9s Bev\u00e1ndorl\u00e1si Rend\u0151rs\u00e9gi Igazgat\u00f3s\u00e1ghoz fordul a hat\u00e1rid\u0151 al\u00f3li kiv\u00e9tel\u00e9rt, a k\u00e9relmet elutas\u00edtj\u00e1k.<\/strong>\" t\u00e1j\u00e9koztat a Szlov\u00e1k K\u00f6zt\u00e1rsas\u00e1g Bel\u00fcgyminiszt\u00e9riuma.<\/em><\/p><p>A pozsonyi Bottova utca 7. sz\u00e1m alatti nagy befogad\u00f3k\u00e9pess\u00e9g\u0171 k\u00f6zpont 2024. augusztus 6-t\u00f3l t\u00f6rt\u00e9n\u0151 bez\u00e1r\u00e1sa miatt az ideiglenes mened\u00e9khely ir\u00e1nti k\u00e9relmeket a Rend\u0151rs\u00e9g idegenrend\u00e9szet\u00e9nek valamennyi oszt\u00e1ly\u00e1n feldolgozz\u00e1k. <br \/><br \/><strong>2024. augusztus 5-t\u0151l az ideiglenes mened\u00e9khely k\u00f6r\u00fatra a foglal\u00e1si rendszeren kereszt\u00fcl t\u00f6rt\u00e9n\u0151 foglal\u00e1s k\u00f6telez\u0151. <\/strong>Nem a szok\u00e1sos foglal\u00e1si rendszeren kereszt\u00fcl a tart\u00f3zkod\u00e1si enged\u00e9ly napirendre.<\/p><p><strong>Felh\u00edvjuk tov\u00e1bb\u00e1 figyelm\u00e9t, hogy t\u00e1rsas\u00e1gunk a Szlov\u00e1k K\u00f6zt\u00e1rsas\u00e1g Bel\u00fcgyminiszt\u00e9rium\u00e1nak foglal\u00e1si rendszere \u00e1ltal megadott id\u0151pontokon k\u00edv\u00fcl m\u00e1s id\u0151pontokat nem biztos\u00edt. A foglal\u00e1si rendszeren k\u00edv\u00fcli id\u0151pontot sem tudunk \u00d6nnek fel\u00e1r n\u00e9lk\u00fcl biztos\u00edtani.\u00a0<br \/><\/strong><\/p><p><strong>Nem ez az els\u0151 eset, hogy ez a jelens\u00e9g bek\u00f6vetkezik, \u00e9s szil\u00e1rdan hisz\u00fcnk abban, hogy a helyzet a k\u00f6zelj\u00f6v\u0151ben javulni fog.<\/strong><\/p><p>K\u00f6sz\u00f6nj\u00fck meg\u00e9rt\u00e9s\u00fcket.<\/p>\t\t\t\t\t\t<\/div>\n\t\t\t\t<\/div>\n\t\t\t\t\t<\/div>\n\t\t<\/div>\n\t\t\t\t\t<\/div>\n\t\t<\/section>\n\t\t\t\t<\/div>","protected":false},"excerpt":{"rendered":"<p>Tisztelt \u00dcgyfeleink, szeretn\u00e9nk t\u00e1j\u00e9koztatni \u00d6n\u00f6ket a Bel\u00fcgyminiszt\u00e9rium id\u0151pontfoglal\u00e1si rendszer\u00e9ben az idegenrend\u00e9szethez kapcsol\u00f3d\u00f3 int\u00e9zked\u00e9sekre vonatkoz\u00f3 jelenlegi kies\u00e9sr\u0151l, ahol jelenleg 2024.08.01-t\u0151l kezdve kiesik az id\u0151pontfoglal\u00e1s, \u00e9s gyakran el\u0151fordulhat olyan esem\u00e9ny, amikor a rendszer nem ad id\u0151pontot az idegenrend\u00e9szet egyik oszt\u00e1ly\u00e1n sem. A Bel\u00fcgyminiszt\u00e9rium arr\u00f3l is t\u00e1j\u00e9koztat, hogy [...]<\/p>","protected":false},"author":1,"featured_media":10558,"comment_status":"open","ping_status":"open","sticky":false,"template":"","format":"standard","meta":{"footnotes":"","iawp_total_views":1602},"categories":[52],"tags":[],"acf":[],"_links":{"self":[{"href":"https:\/\/vizum.sk\/hu\/wp-json\/wp\/v2\/posts\/10557"}],"collection":[{"href":"https:\/\/vizum.sk\/hu\/wp-json\/wp\/v2\/posts"}],"about":[{"href":"https:\/\/vizum.sk\/hu\/wp-json\/wp\/v2\/types\/post"}],"author":[{"embeddable":true,"href":"https:\/\/vizum.sk\/hu\/wp-json\/wp\/v2\/users\/1"}],"replies":[{"embeddable":true,"href":"https:\/\/vizum.sk\/hu\/wp-json\/wp\/v2\/comments?post=10557"}],"version-history":[{"count":0,"href":"https:\/\/vizum.sk\/hu\/wp-json\/wp\/v2\/posts\/10557\/revisions"}],"wp:featuredmedia":[{"embeddable":true,"href":"https:\/\/vizum.sk\/hu\/wp-json\/wp\/v2\/media\/10558"}],"wp:attachment":[{"href":"https:\/\/vizum.sk\/hu\/wp-json\/wp\/v2\/media?parent=10557"}],"wp:term":[{"taxonomy":"category","embeddable":true,"href":"https:\/\/vizum.sk\/hu\/wp-json\/wp\/v2\/categories?post=10557"},{"taxonomy":"post_tag","embeddable":true,"href":"https:\/\/vizum.sk\/hu\/wp-json\/wp\/v2\/tags?post=10557"}],"curies":[{"name":"wp","href":"https:\/\/api.w.org\/{rel}","templated":true}]}}