{"id":10710,"date":"2024-08-30T08:39:06","date_gmt":"2024-08-30T06:39:06","guid":{"rendered":"https:\/\/vizum.sk\/?p=10710"},"modified":"2025-02-24T23:24:04","modified_gmt":"2025-02-24T22:24:04","slug":"zriadenie-novych-zastupitelskych-uradov-sr","status":"publish","type":"post","link":"https:\/\/vizum.sk\/hu\/a-szlovak-koztarsasag-uj-nagykovetsegeinek-letrehozasa\/","title":{"rendered":"\u00daj SR nagyk\u00f6vets\u00e9gek l\u00e9trehoz\u00e1sa"},"content":{"rendered":"<div data-elementor-type=\"wp-post\" data-elementor-id=\"10710\" class=\"elementor elementor-10710\">\n\t\t\t\t\t\t<section class=\"elementor-section elementor-top-section elementor-element elementor-element-644c176 elementor-section-boxed elementor-section-height-default elementor-section-height-default\" data-id=\"644c176\" data-element_type=\"section\">\n\t\t\t\t\t\t<div class=\"elementor-container elementor-column-gap-default\">\n\t\t\t\t\t<div class=\"elementor-column elementor-col-100 elementor-top-column elementor-element elementor-element-bda1acf\" data-id=\"bda1acf\" data-element_type=\"column\">\n\t\t\t<div class=\"elementor-widget-wrap elementor-element-populated\">\n\t\t\t\t\t\t<div class=\"elementor-element elementor-element-2a6a03e elementor-widget elementor-widget-text-editor\" data-id=\"2a6a03e\" data-element_type=\"widget\" data-widget_type=\"text-editor.default\">\n\t\t\t\t<div class=\"elementor-widget-container\">\n\t\t\t\t\t\t\t<p>A Szlov\u00e1k K\u00f6zt\u00e1rsas\u00e1g k\u00fcl- \u00e9s Eur\u00f3pa-\u00fcgyi miniszter\u00e9nek sajt\u00f3k\u00f6zlem\u00e9nye alapj\u00e1n cikket k\u00f6zl\u00fcnk a szlov\u00e1k nagyk\u00f6vets\u00e9gek k\u00f6r\u00e9t \u00e9rint\u0151 leg\u00fajabb \u00e9s legfontosabb v\u00e1ltoz\u00e1sokr\u00f3l.<strong> A Szlov\u00e1k K\u00f6zt\u00e1rsas\u00e1g korm\u00e1nya 2024.08.28-\u00e1n j\u00f3v\u00e1hagyta \u00faj nagyk\u00f6vets\u00e9gek l\u00e9trehoz\u00e1s\u00e1t, nevezetesen a malajziai nagyk\u00f6vets\u00e9g, a tanz\u00e1niai nagyk\u00f6vets\u00e9g, az alg\u00e9riai nagyk\u00f6vets\u00e9g \u00e9s a F\u00fcl\u00f6p-szigeteki nagyk\u00f6vets\u00e9g l\u00e9trehoz\u00e1s\u00e1t. Eti\u00f3pi\u00e1ban is l\u00e9trehoznak egy \u00f6sszek\u00f6t\u0151 irod\u00e1t.<\/strong> A Szlov\u00e1k K\u00f6zt\u00e1rsas\u00e1g ezen nagyk\u00f6vets\u00e9geinek l\u00e9trehoz\u00e1sa 2024.09.01-t\u0151l kezd\u0151dik, \u00edgy felt\u00e9telezhet\u0151en 2025-ben sz\u00e1m\u00edthatunk az \u00faj k\u00e9pviseletek beind\u00edt\u00e1s\u00e1ra a fent eml\u00edtett orsz\u00e1gokban. <strong>A szomsz\u00e9dos orsz\u00e1gok ter\u00fcleti beoszt\u00e1sa m\u00e9g nem ismert, de felt\u00e9telezhet\u0151, hogy ezek a k\u00e9pviseleti irod\u00e1k a szomsz\u00e9dos orsz\u00e1gokat is k\u00e9pviselni fogj\u00e1k.<\/strong><\/p><p>\u00dcdv\u00f6z\u00f6lj\u00fck a miniszt\u00e9rium e l\u00e9p\u00e9s\u00e9t, \u00e9s ez a j\u00f6v\u0151ben tehermentes\u00edtheti p\u00e9ld\u00e1ul a kenyai nagyk\u00f6vets\u00e9get, amely Tanz\u00e1ni\u00e1\u00e9rt \u00e9s a k\u00f6rnyez\u0151 orsz\u00e1gok\u00e9rt felel\u0151s. Szil\u00e1rdan hisz\u00fcnk abban, hogy a k\u00fcl\u00fcgyminiszt\u00e9rium e l\u00e9p\u00e9se nagy haszn\u00e1ra lesz a k\u00fclpolitik\u00e1nak, nem utols\u00f3sorban a szlov\u00e1k \u00e1llampolg\u00e1rok \u00e9s k\u00fclf\u00f6ldiek sz\u00e1m\u00e1ra, akik az eml\u00edtett orsz\u00e1gokb\u00f3l val\u00f3 \u00e1ttelep\u00fcl\u00e9st szeretn\u00e9k ig\u00e9nybe venni.\u00a0<\/p><p>Ugyanakkor fontos t\u00e1j\u00e9koztatni, hogy a j\u00f3v\u00e1hagyott anyag szerint 2024. december 31-\u00e9n a k\u00f6vetkez\u0151k k\u00f6vetkez\u0151ket kell tenni <strong>a d\u00e1niai \u00e9s norv\u00e9giai szlov\u00e1k nagyk\u00f6vets\u00e9g, a krakk\u00f3i \u00e9s a szentp\u00e9terv\u00e1ri f\u0151konzul\u00e1tus, valamint a koszov\u00f3i \u00f6sszek\u00f6t\u0151 iroda bez\u00e1r\u00e1sa.\u00a0<\/strong><\/p><p>A Szlov\u00e1k K\u00f6zt\u00e1rsas\u00e1g \u00e1llampolg\u00e1rai sz\u00e1m\u00e1ra ny\u00fajtott szolg\u00e1ltat\u00e1sok \u00e9s a diplom\u00e1ciai kapcsolatok azonban a Szlov\u00e1k K\u00f6zt\u00e1rsas\u00e1g szomsz\u00e9dos orsz\u00e1gokban m\u0171k\u00f6d\u0151 konkr\u00e9t nagyk\u00f6vets\u00e9geinek m\u0171k\u00f6d\u00e9se keret\u00e9ben tov\u00e1bbra is fennmaradnak.<\/p><p>A j\u00f6v\u0151beni cikkeinkben \u00e9s egyenk\u00e9nt is t\u00e1j\u00e9koztatni fogjuk \u00d6n\u00f6ket a leg\u00fajabb v\u00e1ltoz\u00e1sokr\u00f3l, amint a k\u00e9pviselet beindul \u00e9s m\u0171k\u00f6dik.<\/p>\t\t\t\t\t\t<\/div>\n\t\t\t\t<\/div>\n\t\t\t\t\t<\/div>\n\t\t<\/div>\n\t\t\t\t\t<\/div>\n\t\t<\/section>\n\t\t\t\t<section class=\"elementor-section elementor-top-section elementor-element elementor-element-0a01840 elementor-section-boxed elementor-section-height-default elementor-section-height-default\" data-id=\"0a01840\" data-element_type=\"section\">\n\t\t\t\t\t\t<div class=\"elementor-container elementor-column-gap-default\">\n\t\t\t\t\t<div class=\"elementor-column elementor-col-100 elementor-top-column elementor-element elementor-element-fafcc6d\" data-id=\"fafcc6d\" data-element_type=\"column\">\n\t\t\t<div class=\"elementor-widget-wrap elementor-element-populated\">\n\t\t\t\t\t\t<div class=\"elementor-element elementor-element-e0e8f4a elementor-widget elementor-widget-text-editor\" data-id=\"e0e8f4a\" data-element_type=\"widget\" data-widget_type=\"text-editor.default\">\n\t\t\t\t<div class=\"elementor-widget-container\">\n\t\t\t\t\t\t\t<p><strong>Forr\u00e1s:<\/strong> A Szlov\u00e1k K\u00f6zt\u00e1rsas\u00e1g K\u00fcl\u00fcgyminiszt\u00e9rium\u00e1nak sajt\u00f3k\u00f6zlem\u00e9nyei<\/p>\t\t\t\t\t\t<\/div>\n\t\t\t\t<\/div>\n\t\t\t\t\t<\/div>\n\t\t<\/div>\n\t\t\t\t\t<\/div>\n\t\t<\/section>\n\t\t\t\t<\/div>","protected":false},"excerpt":{"rendered":"<p>A Szlov\u00e1k K\u00f6zt\u00e1rsas\u00e1g k\u00fcl- \u00e9s Eur\u00f3pa-\u00fcgyi miniszter\u00e9nek sajt\u00f3k\u00f6zlem\u00e9nye alapj\u00e1n cikket k\u00f6zl\u00fcnk a szlov\u00e1k nagyk\u00f6vets\u00e9gek k\u00f6r\u00e9t \u00e9rint\u0151 leg\u00fajabb \u00e9s legfontosabb v\u00e1ltoz\u00e1sokr\u00f3l. A Szlov\u00e1k K\u00f6zt\u00e1rsas\u00e1g korm\u00e1nya 2024.08.28-\u00e1n j\u00f3v\u00e1hagyta \u00faj nagyk\u00f6vets\u00e9gek l\u00e9trehoz\u00e1s\u00e1t, nevezetesen a malajziai nagyk\u00f6vets\u00e9get, a tanz\u00e1niai nagyk\u00f6vets\u00e9get, az alg\u00e9riai nagyk\u00f6vets\u00e9get \u00e9s a F\u00fcl\u00f6p-szigeteki nagyk\u00f6vets\u00e9get. L\u00e9trej\u00f6n tov\u00e1bb\u00e1 egy \u00f6sszek\u00f6t\u0151 [...]<\/p>","protected":false},"author":1,"featured_media":10711,"comment_status":"open","ping_status":"open","sticky":false,"template":"","format":"standard","meta":{"footnotes":"","iawp_total_views":193},"categories":[70],"tags":[],"acf":[],"_links":{"self":[{"href":"https:\/\/vizum.sk\/hu\/wp-json\/wp\/v2\/posts\/10710"}],"collection":[{"href":"https:\/\/vizum.sk\/hu\/wp-json\/wp\/v2\/posts"}],"about":[{"href":"https:\/\/vizum.sk\/hu\/wp-json\/wp\/v2\/types\/post"}],"author":[{"embeddable":true,"href":"https:\/\/vizum.sk\/hu\/wp-json\/wp\/v2\/users\/1"}],"replies":[{"embeddable":true,"href":"https:\/\/vizum.sk\/hu\/wp-json\/wp\/v2\/comments?post=10710"}],"version-history":[{"count":0,"href":"https:\/\/vizum.sk\/hu\/wp-json\/wp\/v2\/posts\/10710\/revisions"}],"wp:featuredmedia":[{"embeddable":true,"href":"https:\/\/vizum.sk\/hu\/wp-json\/wp\/v2\/media\/10711"}],"wp:attachment":[{"href":"https:\/\/vizum.sk\/hu\/wp-json\/wp\/v2\/media?parent=10710"}],"wp:term":[{"taxonomy":"category","embeddable":true,"href":"https:\/\/vizum.sk\/hu\/wp-json\/wp\/v2\/categories?post=10710"},{"taxonomy":"post_tag","embeddable":true,"href":"https:\/\/vizum.sk\/hu\/wp-json\/wp\/v2\/tags?post=10710"}],"curies":[{"name":"wp","href":"https:\/\/api.w.org\/{rel}","templated":true}]}}