{"id":10844,"date":"2024-10-16T09:33:52","date_gmt":"2024-10-16T07:33:52","guid":{"rendered":"https:\/\/vizum.sk\/?p=10844"},"modified":"2026-03-14T21:39:30","modified_gmt":"2026-03-14T20:39:30","slug":"pretrvavajuce-komplikacie-s-rezervaciami","status":"publish","type":"post","link":"https:\/\/vizum.sk\/hu\/folyamatos-bonyodalmak-a-fenntartasokkal\/","title":{"rendered":"Folyamatos komplik\u00e1ci\u00f3k a foglal\u00e1sokkal kapcsolatban"},"content":{"rendered":"<div data-elementor-type=\"wp-post\" data-elementor-id=\"10844\" class=\"elementor elementor-10844\">\n\t\t\t\t\t\t<section class=\"elementor-section elementor-top-section elementor-element elementor-element-07034d7 elementor-section-boxed elementor-section-height-default elementor-section-height-default\" data-id=\"07034d7\" data-element_type=\"section\">\n\t\t\t\t\t\t<div class=\"elementor-container elementor-column-gap-default\">\n\t\t\t\t\t<div class=\"elementor-column elementor-col-100 elementor-top-column elementor-element elementor-element-9b56eef\" data-id=\"9b56eef\" data-element_type=\"column\">\n\t\t\t<div class=\"elementor-widget-wrap elementor-element-populated\">\n\t\t\t\t\t\t<div class=\"elementor-element elementor-element-389e2ee elementor-widget elementor-widget-text-editor\" data-id=\"389e2ee\" data-element_type=\"widget\" data-widget_type=\"text-editor.default\">\n\t\t\t\t<div class=\"elementor-widget-container\">\n\t\t\t\t\t\t\t<script type=\"application\/ld+json\">{\n    \"@context\": \"https:\\\/\\\/schema.org\",\n    \"@type\": \"VideoObject\",\n    \"name\": \"Probl\\u00e9my s rezerv\\u00e1ciami na cudzineckej pol\\u00edcii - Report\\u00e1\\u017e TV Mark\\u00edza\",\n    \"description\": \"Report\\u00e1\\u017e o pretrv\\u00e1vaj\\u00facich probl\\u00e9moch s rezerva\\u010dn\\u00fdm syst\\u00e9mom na oddeleniach cudzineckej pol\\u00edcie MV SR.\",\n    \"thumbnailUrl\": [\n        \"https:\\\/\\\/img.youtube.com\\\/vi\\\/OrmPCJh2ScY\\\/maxresdefault.jpg\"\n    ],\n    \"uploadDate\": \"2024-10-14T19:00:00+02:00\",\n    \"duration\": \"PT2M13S\",\n    \"embedUrl\": \"https:\\\/\\\/www.youtube.com\\\/embed\\\/OrmPCJh2ScY\",\n    \"publisher\": {\n        \"@type\": \"Organization\",\n        \"name\": \"vizum.sk\",\n        \"logo\": {\n            \"@type\": \"ImageObject\",\n            \"url\": \"https:\\\/\\\/www.vizum.sk\\\/wp-content\\\/uploads\\\/logo.png\"\n        }\n    }\n}<\/script>Kedves \u00dcgyfeleink! A Mark\u00edza telev\u00edzi\u00f3 riportj\u00e1t k\u00f6zvet\u00edtj\u00fck a Szlov\u00e1k K\u00f6zt\u00e1rsas\u00e1g Bel\u00fcgyminiszt\u00e9rium\u00e1nak idegenrend\u00e9szeti oszt\u00e1lyaira vonatkoz\u00f3 foglal\u00e1sok k\u00e9rd\u00e9s\u00e9r\u0151l, amelyr\u0151l a 2024.08.05-i cikk\u00fcnkben t\u00e1j\u00e9koztattuk \u00d6n\u00f6ket. Az\u00f3ta hossz\u00fa ideje fenn\u00e1llnak a foglal\u00e1si rendszerrel kapcsolatos probl\u00e9m\u00e1k, amelyek miatt szinte lehetetlen eljutni a vonatkoz\u00f3 t\u00f6rv\u00e9ny \u00e9s az idegenrend\u00e9szeti oszt\u00e1ly \u00e1ltal megadott id\u0151pontra. A Bel\u00fcgyminiszt\u00e9rium arr\u00f3l t\u00e1j\u00e9koztatott, hogy dolgozik a probl\u00e9ma megold\u00e1s\u00e1n, \u00e9s a k\u00f6zelj\u00f6v\u0151ben v\u00e1ltoz\u00e1sok v\u00e1rhat\u00f3k, k\u00fcl\u00f6n\u00f6sen az els\u0151 alkalommal munkav\u00e1llal\u00e1si c\u00e9l\u00fa tart\u00f3zkod\u00e1si enged\u00e9lyt k\u00e9relmez\u0151k eset\u00e9ben. A tov\u00e1bbi v\u00e1ltoz\u00e1sokr\u00f3l folyamatosan t\u00e1j\u00e9koztatni fogjuk \u00d6n\u00f6ket cikkeinkben.\n\n<iframe loading=\"lazy\" title=\"YouTube vide\u00f3 lej\u00e1tsz\u00f3\" src=\"https:\/\/www.youtube.com\/embed\/OrmPCJh2ScY?si=-xce3IAsTgg38eka\" width=\"720\" height=\"480\" frameborder=\"0\" allowfullscreen=\"allowfullscreen\"><\/iframe>\n\nForr\u00e1s: TV Markiza [https:\/\/www.markiza.sk\/program?day=14-10-2024#day]\t\t\t\t\t\t<\/div>\n\t\t\t\t<\/div>\n\t\t\t\t\t<\/div>\n\t\t<\/div>\n\t\t\t\t\t<\/div>\n\t\t<\/section>\n\t\t\t\t<\/div>","protected":false},"excerpt":{"rendered":"<p>Kedves \u00fcgyfeleink, elhozzuk \u00d6n\u00f6knek a Markiza telev\u00edzi\u00f3 riportj\u00e1t a Szlov\u00e1k K\u00f6zt\u00e1rsas\u00e1g Bel\u00fcgyminiszt\u00e9riuma K\u00fcl\u00fcgyi Rend\u0151rs\u00e9g\u00e9nek F\u0151oszt\u00e1ly\u00e1n t\u00f6rt\u00e9n\u0151 foglal\u00e1sok \u00fcgy\u00e9ben, amelyr\u0151l a 2024.08.05-\u00e9n kelt cikkben t\u00e1j\u00e9koztattuk \u00d6n\u00f6ket. Az\u00f3ta r\u00e9g\u00f3ta fenn\u00e1ll\u00f3 probl\u00e9m\u00e1k vannak a foglal\u00e1si rendszerrel, amikor szinte lehetetlen eljutni az illet\u00e9kes oszt\u00e1lyra \u00e9s a K\u00fcl\u00fcgyi Rend\u0151rs\u00e9g F\u0151oszt\u00e1ly\u00e1ra a megadott id\u0151pontban. A miniszt\u00e9rium [...]<\/p>","protected":false},"author":1,"featured_media":10845,"comment_status":"open","ping_status":"open","sticky":false,"template":"","format":"standard","meta":{"footnotes":"","iawp_total_views":163},"categories":[70,85],"tags":[],"acf":[],"_links":{"self":[{"href":"https:\/\/vizum.sk\/hu\/wp-json\/wp\/v2\/posts\/10844"}],"collection":[{"href":"https:\/\/vizum.sk\/hu\/wp-json\/wp\/v2\/posts"}],"about":[{"href":"https:\/\/vizum.sk\/hu\/wp-json\/wp\/v2\/types\/post"}],"author":[{"embeddable":true,"href":"https:\/\/vizum.sk\/hu\/wp-json\/wp\/v2\/users\/1"}],"replies":[{"embeddable":true,"href":"https:\/\/vizum.sk\/hu\/wp-json\/wp\/v2\/comments?post=10844"}],"version-history":[{"count":3,"href":"https:\/\/vizum.sk\/hu\/wp-json\/wp\/v2\/posts\/10844\/revisions"}],"predecessor-version":[{"id":14761,"href":"https:\/\/vizum.sk\/hu\/wp-json\/wp\/v2\/posts\/10844\/revisions\/14761"}],"wp:featuredmedia":[{"embeddable":true,"href":"https:\/\/vizum.sk\/hu\/wp-json\/wp\/v2\/media\/10845"}],"wp:attachment":[{"href":"https:\/\/vizum.sk\/hu\/wp-json\/wp\/v2\/media?parent=10844"}],"wp:term":[{"taxonomy":"category","embeddable":true,"href":"https:\/\/vizum.sk\/hu\/wp-json\/wp\/v2\/categories?post=10844"},{"taxonomy":"post_tag","embeddable":true,"href":"https:\/\/vizum.sk\/hu\/wp-json\/wp\/v2\/tags?post=10844"}],"curies":[{"name":"wp","href":"https:\/\/api.w.org\/{rel}","templated":true}]}}