{"id":10934,"date":"2024-11-20T19:17:44","date_gmt":"2024-11-20T18:17:44","guid":{"rendered":"https:\/\/vizum.sk\/?p=10934"},"modified":"2024-11-20T20:07:57","modified_gmt":"2024-11-20T19:07:57","slug":"zmena-rezervacneho-systemu-cudzineckej-policie","status":"publish","type":"post","link":"https:\/\/vizum.sk\/hu\/valtozas-az-idegenrendeszet-foglalasi-rendszereben\/","title":{"rendered":"Az idegenrend\u00e9szet nyilv\u00e1ntart\u00e1si rendszer\u00e9nek m\u00f3dos\u00edt\u00e1sa"},"content":{"rendered":"<div data-elementor-type=\"wp-post\" data-elementor-id=\"10934\" class=\"elementor elementor-10934\">\n\t\t\t\t\t\t<section class=\"elementor-section elementor-top-section elementor-element elementor-element-fe73e80 elementor-section-boxed elementor-section-height-default elementor-section-height-default\" data-id=\"fe73e80\" data-element_type=\"section\">\n\t\t\t\t\t\t<div class=\"elementor-container elementor-column-gap-default\">\n\t\t\t\t\t<div class=\"elementor-column elementor-col-100 elementor-top-column elementor-element elementor-element-570252d\" data-id=\"570252d\" data-element_type=\"column\">\n\t\t\t<div class=\"elementor-widget-wrap elementor-element-populated\">\n\t\t\t\t\t\t<div class=\"elementor-element elementor-element-e5ecbef elementor-widget elementor-widget-text-editor\" data-id=\"e5ecbef\" data-element_type=\"widget\" data-widget_type=\"text-editor.default\">\n\t\t\t\t<div class=\"elementor-widget-container\">\n\t\t\t\t\t\t\t<p>A Szlov\u00e1k K\u00f6zt\u00e1rsas\u00e1g Bel\u00fcgyminiszt\u00e9riuma bejelentette, hogy hamarosan v\u00e1ltoztat\u00e1sokat eszk\u00f6z\u00f6lnek a k\u00fcl\u00fcgyi rend\u0151rs\u00e9g foglal\u00e1si rendszer\u00e9ben, amely augusztus eleje \u00f3ta a k\u00fclf\u00f6ldiek panaszainak \u00e9s a m\u00e9dia nyom\u00e1s\u00e1nak \u00e1radat\u00e1val szembes\u00fclt, mivel nem m\u0171k\u00f6d\u00f6tt, illetve nem lehetett id\u0151pontot foglalni.<\/p><p>A k\u00fclf\u00f6ldiek tart\u00f3zkod\u00e1s\u00e1r\u00f3l sz\u00f3l\u00f3 t\u00f6rv\u00e9ny m\u00f3dos\u00edt\u00e1s\u00e1nak tervezete a tart\u00f3zkod\u00e1si menetrend keret\u00e9ben a k\u00fclf\u00f6ldiek nyilv\u00e1ntart\u00e1si folyamatainak sz\u00e1m\u00edt\u00f3g\u00e9pes\u00edt\u00e9s\u00e9t k\u00edv\u00e1nja bevezetni, ami a k\u00f6vetkez\u0151ket fogja eredm\u00e9nyezni\u00a0<strong>a k\u00f6zigazgat\u00e1si hat\u00f3s\u00e1g \u00e9s a k\u00fclf\u00f6ldi k\u00f6z\u00f6tti kommunik\u00e1ci\u00f3 felgyors\u00edt\u00e1sa \u00e9s egyszer\u0171s\u00edt\u00e9se, az adminisztrat\u00edv terhek cs\u00f6kkent\u00e9se \u00e9s a korrupci\u00f3 kock\u00e1zat\u00e1nak cs\u00f6kkent\u00e9se.<\/strong><\/p><p><strong>A k\u00fclf\u00f6ldiek tart\u00f3zkod\u00e1s\u00e1r\u00f3l sz\u00f3l\u00f3 t\u00f6rv\u00e9ny m\u00f3dos\u00edt\u00e1s\u00e1nak sz\u00f6vegez\u00e9se szerint \u00faj foglal\u00e1si rendszer \u00e9s az idegenrend\u00e9szettel val\u00f3 elektronikus kapcsolattart\u00e1si rendszer ker\u00fcl bevezet\u00e9sre, amelynek keret\u00e9ben a tart\u00f3zkod\u00e1si enged\u00e9ly meg\u00faj\u00edt\u00e1sa, a huzamos tart\u00f3zkod\u00e1si enged\u00e9ly ir\u00e1nti k\u00e9relem vagy az uni\u00f3s polg\u00e1r nyilv\u00e1ntart\u00e1sba v\u00e9tele eset\u00e9n a szem\u00e9lyes beny\u00fajt\u00e1s mellett elektronikus \u00faton is be lehet majd ny\u00fajtani a k\u00e9relmet.<\/strong> A rendelkez\u00e9sre \u00e1ll\u00f3 inform\u00e1ci\u00f3k szerint a k\u00fclf\u00f6ldinek tart\u00f3zkod\u00e1si okm\u00e1ny\u00e1val (szem\u00e9lyi igazolv\u00e1ny) kell enged\u00e9lyeznie az ilyen int\u00e9zked\u00e9seket.<\/p><p>A miniszt\u00e9rium t\u00e1j\u00e9koztatott a rendszer bevezet\u00e9s\u00e9r\u0151l is, <strong>amely az \u00e9letesem\u00e9nynek \u00e9s a tart\u00f3zkod\u00e1si enged\u00e9ly t\u00edpus\u00e1nak vagy kateg\u00f3ri\u00e1j\u00e1nak megfelel\u0151 id\u0151pontokat a foglal\u00e1si rendszerbe adja.<\/strong> A di\u00e1kok eset\u00e9ben p\u00e9ld\u00e1ul a rendszer szeptemberben, a tan\u00e9v kezdetekor \u00faj id\u0151pontokat nyit meg.<\/p><p>A fenti v\u00e1ltoz\u00e1sokon t\u00falmen\u0151en a t\u00f6rv\u00e9ny m\u00f3dos\u00edt\u00e1sa <strong>m\u00f3dos\u00edtja a jogi szem\u00e9lyek nemr\u00e9giben m\u00f3dos\u00edtott (a 2024.07.14-i t\u00f6rv\u00e9nym\u00f3dos\u00edt\u00e1s) k\u00f6telezetts\u00e9g\u00e9t a h\u00e1rom h\u00f3napra vonatkoz\u00f3 banksz\u00e1mlakivonat beny\u00fajt\u00e1s\u00e1ra, amely az eredeti banksz\u00e1mlaegyenleg-igazol\u00e1s hely\u00e9be l\u00e9p. <\/strong><\/p><p><strong>A k\u00fclf\u00f6ldiek tart\u00f3zkod\u00e1s\u00e1r\u00f3l sz\u00f3l\u00f3 t\u00f6rv\u00e9ny 404\/2011. sz\u00e1m\u00fa, 2024.11.14-i m\u00f3dos\u00edt\u00e1s\u00e1nak elfogadott r\u00f6vid\u00edtett jogalkot\u00e1si elj\u00e1r\u00e1s\u00e1nak k\u00f6sz\u00f6nhet\u0151en 2024.12.15-t\u0151l v\u00e1rhat\u00f3 a foglal\u00e1si rendszer v\u00e1ltoz\u00e1sainak bevezet\u00e9se.<\/strong><\/p><p>A k\u00fclf\u00f6ldiek tart\u00f3zkod\u00e1s\u00e1r\u00f3l sz\u00f3l\u00f3 t\u00f6rv\u00e9ny m\u00f3dos\u00edt\u00e1s\u00e1nak egys\u00e9ges szerkezetbe foglalt sz\u00f6vege:<\/p><p><span style=\"background-color: transparent;\"><b>\u00a7\u00a0<\/b><\/span><strong style=\"background-color: transparent;\">19 Megh\u00edv\u00f3 ellen\u0151rz\u00e9se<\/strong><\/p><p>(7) A megh\u00edvott harmadik orsz\u00e1gbeli \u00e1llampolg\u00e1r tart\u00f3zkod\u00e1s\u00e1val \u00e9s t\u00e1voz\u00e1s\u00e1val kapcsolatos valamennyi k\u00f6lts\u00e9get a megh\u00edv\u00f3nak kell fedeznie.<strong> fizikai<\/strong> a szem\u00e9ly az elm\u00falt h\u00e1rom h\u00f3napra vonatkoz\u00f3 sz\u00e1mlakivonattal igazolja, amelyet egy bankban, k\u00fclf\u00f6ldi bank fi\u00f3ktelep\u00e9n vagy k\u00fclf\u00f6ldi bankban (a tov\u00e1bbiakban: bank) a nev\u00e9re vezetett; <strong>ha a megh\u00edv\u00f3 jogi szem\u00e9ly, a megh\u00edvott harmadik orsz\u00e1gbeli \u00e1llampolg\u00e1r tart\u00f3zkod\u00e1s\u00e1val \u00e9s utaz\u00e1s\u00e1val kapcsolatos valamennyi k\u00f6lts\u00e9g fedez\u00e9s\u00e9re val\u00f3 k\u00e9pess\u00e9g\u00e9t banksz\u00e1mlakivonattal kell igazolni.<br \/><br \/><\/strong><strong style=\"background-color: transparent;\">\u00a7 34 A lak\u00f3hely meg\u00faj\u00edt\u00e1sa<\/strong><\/p><p>(2) Az ideiglenes tart\u00f3zkod\u00e1s meghosszabb\u00edt\u00e1sa ir\u00e1nti k\u00e9relmet a harmadik orsz\u00e1gbeli \u00e1llampolg\u00e1r szem\u00e9lyesen, hivatalos formanyomtatv\u00e1nyon ny\u00fajtja be a rend\u0151rs\u00e9gen.<strong> vagy egy erre a c\u00e9lra l\u00e9trehozott elektronikus szolg\u00e1ltat\u00e1son kereszt\u00fcl <\/strong>legk\u00e9s\u0151bb az ideiglenes tart\u00f3zkod\u00e1s \u00e9rv\u00e9nyess\u00e9g\u00e9nek utols\u00f3 napj\u00e1n. A 23. szakasz (4) bekezd\u00e9se szerinti ideiglenes tart\u00f3zkod\u00e1s meghosszabb\u00edt\u00e1sa ir\u00e1nti k\u00e9relmet a harmadik orsz\u00e1gbeli \u00e1llampolg\u00e1rnak szem\u00e9lyesen, hivatalos formanyomtatv\u00e1nyon kell beny\u00fajtania a rend\u0151rs\u00e9gen. <strong>a szervezeti egys\u00e9gen bel\u00fcl vagy egy erre a c\u00e9lra l\u00e9trehozott elektronikus szolg\u00e1ltat\u00e1son kereszt\u00fcl<\/strong> legk\u00e9s\u0151bb 30 nappal a megadott ideiglenes tart\u00f3zkod\u00e1s lej\u00e1rta el\u0151tt. Az a 27. szakaszban eml\u00edtett harmadik orsz\u00e1gbeli \u00e1llampolg\u00e1r, aki hontalans\u00e1ga miatt nem tudja szem\u00e9lyesen beny\u00fajtani az ideiglenes tart\u00f3zkod\u00e1s meghosszabb\u00edt\u00e1sa ir\u00e1nti k\u00e9relmet, k\u00e9relmet ny\u00fajthat be annak a harmadik orsz\u00e1gbeli \u00e1llampolg\u00e1rnak a nev\u00e9ben, akivel csal\u00e1degyes\u00edt\u00e9sre t\u00f6rekszik. A harmadik orsz\u00e1gbeli \u00e1llampolg\u00e1rnak az ideiglenes tart\u00f3zkod\u00e1s meghosszabb\u00edt\u00e1sa ir\u00e1nti k\u00e9relemhez \u00e9rv\u00e9nyes \u00fati okm\u00e1nyt kell beny\u00fajtania, ellenkez\u0151 esetben a rend\u0151rkapit\u00e1nys\u00e1g nem fogadja el a k\u00e9relmet. A 23. szakasz (1) bekezd\u00e9se szerinti ideiglenes tart\u00f3zkod\u00e1s meghosszabb\u00edt\u00e1sa ir\u00e1nti k\u00e9relmet a rend\u0151rkapit\u00e1nys\u00e1g akkor sem fogadhatja el, ha a Munka\u00fcgyi, Szoci\u00e1lis \u00e9s Csal\u00e1d\u00fcgyi Hivatal nem adta \u00e1t a rend\u0151rkapit\u00e1nys\u00e1gnak a bet\u00f6lt\u00e9s lehet\u0151s\u00e9g\u00e9r\u0151l sz\u00f3l\u00f3, a bet\u00f6lt\u00e9sre vonatkoz\u00f3 meg\u00e1llapod\u00e1st tartalmaz\u00f3 igazol\u00e1st, vagy ha az ilyen igazol\u00e1s kiad\u00e1sa \u00f3ta t\u00f6bb mint 90 nap telt el. A rend\u0151rkapit\u00e1nys\u00e1g a k\u00e9relem beny\u00fajt\u00e1s\u00e1nak napj\u00e1n \u00e1tv\u00e9teli elismerv\u00e9nyt \u00e1ll\u00edt ki a k\u00e9relmez\u0151nek.<br \/><span style=\"background-color: transparent;\"><br \/><b>\u00a7 34 A k\u00e9k k\u00e1rtya meg\u00faj\u00edt\u00e1sa<\/b><\/span><\/p><p>(2) A k\u00e9k k\u00e1rtya meg\u00faj\u00edt\u00e1sa ir\u00e1nti k\u00e9relmet a harmadik orsz\u00e1gbeli \u00e1llampolg\u00e1r szem\u00e9lyesen ny\u00fajtja be a rend\u0151rs\u00e9gen. <strong>a szervezeti egys\u00e9gen bel\u00fcl vagy egy erre a c\u00e9lra l\u00e9trehozott elektronikus szolg\u00e1ltat\u00e1son kereszt\u00fcl<\/strong> legk\u00e9s\u0151bb a k\u00e9k k\u00e1rtya \u00e9rv\u00e9nyess\u00e9g\u00e9nek utols\u00f3 napj\u00e1n. A K\u00e9k K\u00e1rtya birtok\u00e1ban 12 h\u00f3napn\u00e1l r\u00f6videbb ideje l\u00e9v\u0151 harmadik orsz\u00e1gbeli \u00e1llampolg\u00e1r k\u00e9k k\u00e1rtya meg\u00faj\u00edt\u00e1s\u00e1ra ir\u00e1nyul\u00f3 k\u00e9relm\u00e9t a rend\u0151rkapit\u00e1nys\u00e1g csak akkor nem fogadja el, ha a Munka\u00fcgyi, Szoci\u00e1lis \u00e9s Csal\u00e1d\u00fcgyi Hivatal nem adott \u00e1t a rend\u0151rkapit\u00e1nys\u00e1gnak a magasan k\u00e9pzett munkak\u00f6rnek megfelel\u0151 \u00fcres \u00e1ll\u00e1shely bet\u00f6lt\u00e9s\u00e9nek lehet\u0151s\u00e9g\u00e9r\u0151l sz\u00f3l\u00f3 igazol\u00e1st,64) amely tartalmazza a bet\u00f6lt\u00e9sre vonatkoz\u00f3 meg\u00e1llapod\u00e1st, vagy ha az ilyen igazol\u00e1s kiad\u00e1sa \u00f3ta t\u00f6bb mint 90 nap telt el.<\/p><p><span style=\"background-color: transparent;\"><b>\u00a7\u00a0<\/b><\/span><strong style=\"background-color: transparent;\">47 Tart\u00f3zkod\u00e1si enged\u00e9ly hat\u00e1rozatlan id\u0151re<br \/><\/strong><span style=\"background-color: transparent; font-weight: var( --e-global-typography-primary-font-weight );\">A hat\u00e1rozatlan idej\u0171 \u00e1lland\u00f3 tart\u00f3zkod\u00e1s ir\u00e1nti k\u00e9relmet a harmadik orsz\u00e1gbeli \u00e1llampolg\u00e1r szem\u00e9lyesen, hivatalos nyomtatv\u00e1nyon ny\u00fajtja be a rend\u0151rs\u00e9gen.<\/span><strong style=\"background-color: transparent;\"> vagy egy erre a c\u00e9lra l\u00e9trehozott elektronikus szolg\u00e1ltat\u00e1son kereszt\u00fcl;<\/strong><span style=\"background-color: transparent; font-weight: var( --e-global-typography-primary-font-weight );\"> a harmadik orsz\u00e1g \u00e1llampolg\u00e1ra, aki hontalans\u00e1gi \u00e1llapota miatt nem tudja szem\u00e9lyesen beny\u00fajtani k\u00e9relm\u00e9t, csal\u00e1dtagja \u00e1ltal k\u00e9pviseltetheti mag\u00e1t. A rend\u0151rkapit\u00e1nys\u00e1g a k\u00e9relem beny\u00fajt\u00e1s\u00e1nak napj\u00e1n \u00e1tv\u00e9teli elismerv\u00e9nyt \u00e1ll\u00edt ki a k\u00e9relmez\u0151 r\u00e9sz\u00e9re.<\/span><\/p><p><b><span style=\"background-color: transparent;\">\u00a7\u00a0<\/span><span style=\"background-color: transparent;\">66 Az Uni\u00f3 polg\u00e1ra<\/span><\/b><\/p><p>(1) Az az uni\u00f3s polg\u00e1r, aki h\u00e1rom h\u00f3napn\u00e1l hosszabb ideje tart\u00f3zkodik a Szlov\u00e1k K\u00f6zt\u00e1rsas\u00e1g ter\u00fclet\u00e9n, k\u00f6teles k\u00e9relmezni a Szlov\u00e1k K\u00f6zt\u00e1rsas\u00e1g ter\u00fclet\u00e9n val\u00f3 tart\u00f3zkod\u00e1si hely\u00e9nek nyilv\u00e1ntart\u00e1sba v\u00e9tel\u00e9t. A tart\u00f3zkod\u00e1si hely nyilv\u00e1ntart\u00e1sba v\u00e9tele ir\u00e1nti k\u00e9relmet hivatalos formanyomtatv\u00e1nyon kell beny\u00fajtani szem\u00e9lyesen a rend\u0151rs\u00e9gen. <strong>vagy egy erre a c\u00e9lra l\u00e9trehozott elektronikus szolg\u00e1ltat\u00e1son kereszt\u00fcl<\/strong> a Szlov\u00e1k K\u00f6zt\u00e1rsas\u00e1g ter\u00fclet\u00e9re t\u00f6rt\u00e9n\u0151 bel\u00e9p\u00e9st\u0151l sz\u00e1m\u00edtott h\u00e1rom h\u00f3nap eltelt\u00e9t k\u00f6vet\u0151 30 napon bel\u00fcl.<\/p><p><strong style=\"background-color: transparent;\">\u00a7 73 A lak\u00f3hely igazol\u00e1sa<\/strong><\/p><p>(1) A rend\u0151rkapit\u00e1nys\u00e1g a harmadik orsz\u00e1gbeli \u00e1llampolg\u00e1r r\u00e9sz\u00e9re a tart\u00f3zkod\u00e1si okm\u00e1nyt a k\u00f6vetkez\u0151 30 napon bel\u00fcl \u00e1ll\u00edtja ki: <br \/>(c) tart\u00f3zkod\u00e1si enged\u00e9ly ir\u00e1nti k\u00e9relem beny\u00fajt\u00e1sa,;<strong> ha a tart\u00f3zkod\u00e1si enged\u00e9ly ir\u00e1nti k\u00e9relmet e c\u00e9lra l\u00e9trehozott elektronikus szolg\u00e1ltat\u00e1son kereszt\u00fcl ny\u00fajtj\u00e1k be<\/strong>a tart\u00f3zkod\u00e1si okm\u00e1nyt a k\u00fclf\u00f6ldi biometrikus adatainak r\u00f6gz\u00edt\u00e9s\u00e9t k\u00f6vet\u0151 30 napon bel\u00fcl kell ki\u00e1ll\u00edtani,<\/p><p><strong>Forr\u00e1s.<\/strong><\/p>\t\t\t\t\t\t<\/div>\n\t\t\t\t<\/div>\n\t\t\t\t\t<\/div>\n\t\t<\/div>\n\t\t\t\t\t<\/div>\n\t\t<\/section>\n\t\t\t\t<\/div>","protected":false},"excerpt":{"rendered":"<p>A Szlov\u00e1k K\u00f6zt\u00e1rsas\u00e1g Bel\u00fcgyminiszt\u00e9riuma bejelentette, hogy hamarosan v\u00e1ltoztat\u00e1sokat eszk\u00f6z\u00f6lnek a k\u00fcl\u00fcgyi rend\u0151rs\u00e9g foglal\u00e1si rendszer\u00e9ben, amely augusztus eleje \u00f3ta a k\u00fclf\u00f6ldiek panaszainak \u00e9s a m\u00e9dia nyom\u00e1s\u00e1nak \u00e1radat\u00e1val szembes\u00fclt, mivel nem m\u0171k\u00f6d\u00f6tt, illetve nem lehetett id\u0151pontot foglalni. A k\u00fclf\u00f6ldiek tart\u00f3zkod\u00e1s\u00e1r\u00f3l sz\u00f3l\u00f3 t\u00f6rv\u00e9ny m\u00f3dos\u00edt\u00e1s\u00e1nak tervezete a k\u00fclf\u00f6ldiek tart\u00f3zkod\u00e1si napirend szerinti nyilv\u00e1ntart\u00e1sba v\u00e9tel\u00e9nek folyamatai sz\u00e1m\u00edt\u00f3g\u00e9pes\u00edt\u00e9s\u00e9nek bevezet\u00e9s\u00e9t c\u00e9lozza, ami a k\u00f6zigazgat\u00e1si hat\u00f3s\u00e1g \u00e9s a k\u00fclf\u00f6ldi k\u00f6z\u00f6tti kommunik\u00e1ci\u00f3 felgyors\u00edt\u00e1s\u00e1t \u00e9s egyszer\u0171s\u00edt\u00e9s\u00e9t, az adminisztrat\u00edv terhek cs\u00f6kkent\u00e9s\u00e9t \u00e9s [...].<\/p>","protected":false},"author":1,"featured_media":10956,"comment_status":"open","ping_status":"open","sticky":false,"template":"","format":"standard","meta":{"footnotes":"","iawp_total_views":3943},"categories":[70,52,47],"tags":[],"acf":[],"_links":{"self":[{"href":"https:\/\/vizum.sk\/hu\/wp-json\/wp\/v2\/posts\/10934"}],"collection":[{"href":"https:\/\/vizum.sk\/hu\/wp-json\/wp\/v2\/posts"}],"about":[{"href":"https:\/\/vizum.sk\/hu\/wp-json\/wp\/v2\/types\/post"}],"author":[{"embeddable":true,"href":"https:\/\/vizum.sk\/hu\/wp-json\/wp\/v2\/users\/1"}],"replies":[{"embeddable":true,"href":"https:\/\/vizum.sk\/hu\/wp-json\/wp\/v2\/comments?post=10934"}],"version-history":[{"count":0,"href":"https:\/\/vizum.sk\/hu\/wp-json\/wp\/v2\/posts\/10934\/revisions"}],"wp:featuredmedia":[{"embeddable":true,"href":"https:\/\/vizum.sk\/hu\/wp-json\/wp\/v2\/media\/10956"}],"wp:attachment":[{"href":"https:\/\/vizum.sk\/hu\/wp-json\/wp\/v2\/media?parent=10934"}],"wp:term":[{"taxonomy":"category","embeddable":true,"href":"https:\/\/vizum.sk\/hu\/wp-json\/wp\/v2\/categories?post=10934"},{"taxonomy":"post_tag","embeddable":true,"href":"https:\/\/vizum.sk\/hu\/wp-json\/wp\/v2\/tags?post=10934"}],"curies":[{"name":"wp","href":"https:\/\/api.w.org\/{rel}","templated":true}]}}