{"id":11140,"date":"2025-01-08T19:37:20","date_gmt":"2025-01-08T18:37:20","guid":{"rendered":"https:\/\/vizum.sk\/?p=11140"},"modified":"2025-01-08T19:39:11","modified_gmt":"2025-01-08T18:39:11","slug":"nedostupnost-katastralneho-odboru-kyberneticky-utok","status":"publish","type":"post","link":"https:\/\/vizum.sk\/hu\/a-kataszteri-osztaly-elerhetetlensege-miatti-kibertamadas\/","title":{"rendered":"A kataszteri hivatal el\u00e9rhetetlens\u00e9ge (kibert\u00e1mad\u00e1s)"},"content":{"rendered":"<div data-elementor-type=\"wp-post\" data-elementor-id=\"11140\" class=\"elementor elementor-11140\">\n\t\t\t\t\t\t<section class=\"elementor-section elementor-top-section elementor-element elementor-element-eb7845e elementor-section-boxed elementor-section-height-default elementor-section-height-default\" data-id=\"eb7845e\" data-element_type=\"section\">\n\t\t\t\t\t\t<div class=\"elementor-container elementor-column-gap-default\">\n\t\t\t\t\t<div class=\"elementor-column elementor-col-100 elementor-top-column elementor-element elementor-element-a63056f\" data-id=\"a63056f\" data-element_type=\"column\">\n\t\t\t<div class=\"elementor-widget-wrap elementor-element-populated\">\n\t\t\t\t\t\t<div class=\"elementor-element elementor-element-57f418f elementor-widget elementor-widget-text-editor\" data-id=\"57f418f\" data-element_type=\"widget\" data-widget_type=\"text-editor.default\">\n\t\t\t\t<div class=\"elementor-widget-container\">\n\t\t\t\t\t\t\t<p>A Szlov\u00e1k K\u00f6zt\u00e1rsas\u00e1g Bel\u00fcgyminiszt\u00e9riuma t\u00e1j\u00e9koztatja a polg\u00e1rokat arr\u00f3l, hogy a kataszteri hivatal \u00e9s az elektronikus szolg\u00e1ltat\u00e1sok kibert\u00e1mad\u00e1sok miatt nem el\u00e9rhet\u0151ek.<\/p><p><strong>A Szlov\u00e1k K\u00f6zt\u00e1rsas\u00e1g Geod\u00e9ziai, T\u00e9rk\u00e9p\u00e9szeti \u00e9s Kataszteri Hivatal\u00e1nak inform\u00e1ci\u00f3s rendszer\u00e9t, amelyet a j\u00e1r\u00e1si hivatalok kataszteri oszt\u00e1lyai haszn\u00e1lnak, nagyszab\u00e1s\u00fa, k\u00fclf\u00f6ldr\u0151l \u00e9rkez\u0151 kibert\u00e1mad\u00e1s \u00e9rte. A kataszteri oszt\u00e1lyok munkahelyei ez\u00e9rt el\u0151vigy\u00e1zatoss\u00e1gb\u00f3l ideiglenesen z\u00e1rva lesznek, am\u00edg a kibert\u00e1mad\u00e1s k\u00f6vetkezm\u00e9nyeit meg nem sz\u00fcntetik.<\/strong><\/p><p>A j\u00e1r\u00e1si hivatalok kataszteri oszt\u00e1lyait szakmailag \u00e9s m\u00f3dszertanilag az \u00daGKK SR ir\u00e1ny\u00edtja, \u00e9s a szolg\u00e1ltat\u00e1sok ny\u00fajt\u00e1sa sor\u00e1n a k\u00f6vetkez\u0151ket haszn\u00e1lja fel\u00a0<a title=\"UGKK SR honlapja [\u00faj ablak]\" href=\"https:\/\/www.skgeodesy.sk\/sk\/\" target=\"_blank\" rel=\"noopener\">az \u00daGKK SR inform\u00e1ci\u00f3s rendszerei, amely rendszergazdak\u00e9nt t\u00e1j\u00e9koztat a helyzet aktu\u00e1lis alakul\u00e1s\u00e1r\u00f3l<\/a>.\u00a0<\/p><p class=\"x_MsoNormal\">Az \u00fcgyet a Szervezett B\u0171n\u00f6z\u00e9s Elleni Hivatal kezeli. A cselekm\u00e9ny pontos min\u0151s\u00edt\u00e9se csak az elv\u00e9gzett elj\u00e1r\u00e1si cselekm\u00e9nyek alapj\u00e1n \u00e1llap\u00edthat\u00f3 meg. Amint az elj\u00e1r\u00e1si helyzet lehet\u0151v\u00e9 teszi, a Rend\u0151rkapit\u00e1nys\u00e1g tov\u00e1bbi t\u00e1j\u00e9koztat\u00e1st ad.<\/p><p><strong>A Szlov\u00e1k K\u00f6zt\u00e1rsas\u00e1g Geod\u00e9ziai, Kartogr\u00e1fiai \u00e9s Kataszteri Hivatala bejelenti, hogy a j\u00e1r\u00e1si hivatalok kataszteri oszt\u00e1lyai 2025.01.08-\u00e1n bez\u00e1rnak, \u00e9s nem ny\u00fajtanak semmilyen szolg\u00e1ltat\u00e1st. Felt\u00e9telezhet\u0151en 2025.01.09-\u00e9n a j\u00e1r\u00e1si hivatalok kataszteri oszt\u00e1lyai korl\u00e1tozott lehet\u0151s\u00e9gekkel fognak m\u0171k\u00f6dni. A tov\u00e1bbi fejlem\u00e9nyekr\u0151l folyamatosan t\u00e1j\u00e9koztatni fogjuk \u00d6n\u00f6ket. Javasoljuk, hogy tov\u00e1bbra is k\u00f6vesse figyelemmel a Szlov\u00e1k K\u00f6zt\u00e1rsas\u00e1g Geod\u00e9ziai, Kartogr\u00e1fiai \u00e9s Kataszteri Hivatal\u00e1nak honlapj\u00e1t.\u00a0<\/strong><\/p><p>Forr\u00e1s: TS MVSR, UGKK SR<\/p>\t\t\t\t\t\t<\/div>\n\t\t\t\t<\/div>\n\t\t\t\t\t<\/div>\n\t\t<\/div>\n\t\t\t\t\t<\/div>\n\t\t<\/section>\n\t\t\t\t<\/div>","protected":false},"excerpt":{"rendered":"<p>A Szlov\u00e1k K\u00f6zt\u00e1rsas\u00e1g Bel\u00fcgyminiszt\u00e9riuma t\u00e1j\u00e9koztatja a polg\u00e1rokat arr\u00f3l, hogy a kataszteri hivatal \u00e9s az elektronikus szolg\u00e1ltat\u00e1sok kibert\u00e1mad\u00e1sok miatt nem el\u00e9rhet\u0151ek. A Szlov\u00e1k K\u00f6zt\u00e1rsas\u00e1g Geod\u00e9ziai, Kartogr\u00e1fiai \u00e9s Kataszteri Hivatal\u00e1nak inform\u00e1ci\u00f3s rendszer\u00e9t, amelyet a j\u00e1r\u00e1si hivatalok kataszteri oszt\u00e1lyai haszn\u00e1lnak, nagyszab\u00e1s\u00fa, k\u00fclf\u00f6ldr\u0151l \u00e9rkez\u0151 kibert\u00e1mad\u00e1s \u00e9rte. A kataszteri oszt\u00e1lyok munkahelyei ez\u00e9rt el\u0151vigy\u00e1zatoss\u00e1gb\u00f3l ideiglenesen z\u00e1rva lesznek, am\u00edg a kibert\u00e1mad\u00e1s k\u00f6vetkezm\u00e9nyeit meg nem sz\u00fcntetik. A kataszteri [...]<\/p>","protected":false},"author":1,"featured_media":11141,"comment_status":"open","ping_status":"open","sticky":false,"template":"","format":"standard","meta":{"footnotes":"","iawp_total_views":77},"categories":[81,70],"tags":[],"acf":[],"_links":{"self":[{"href":"https:\/\/vizum.sk\/hu\/wp-json\/wp\/v2\/posts\/11140"}],"collection":[{"href":"https:\/\/vizum.sk\/hu\/wp-json\/wp\/v2\/posts"}],"about":[{"href":"https:\/\/vizum.sk\/hu\/wp-json\/wp\/v2\/types\/post"}],"author":[{"embeddable":true,"href":"https:\/\/vizum.sk\/hu\/wp-json\/wp\/v2\/users\/1"}],"replies":[{"embeddable":true,"href":"https:\/\/vizum.sk\/hu\/wp-json\/wp\/v2\/comments?post=11140"}],"version-history":[{"count":0,"href":"https:\/\/vizum.sk\/hu\/wp-json\/wp\/v2\/posts\/11140\/revisions"}],"wp:featuredmedia":[{"embeddable":true,"href":"https:\/\/vizum.sk\/hu\/wp-json\/wp\/v2\/media\/11141"}],"wp:attachment":[{"href":"https:\/\/vizum.sk\/hu\/wp-json\/wp\/v2\/media?parent=11140"}],"wp:term":[{"taxonomy":"category","embeddable":true,"href":"https:\/\/vizum.sk\/hu\/wp-json\/wp\/v2\/categories?post=11140"},{"taxonomy":"post_tag","embeddable":true,"href":"https:\/\/vizum.sk\/hu\/wp-json\/wp\/v2\/tags?post=11140"}],"curies":[{"name":"wp","href":"https:\/\/api.w.org\/{rel}","templated":true}]}}