{"id":11158,"date":"2025-01-14T12:03:45","date_gmt":"2025-01-14T11:03:45","guid":{"rendered":"https:\/\/vizum.sk\/?p=11158"},"modified":"2025-01-14T12:08:10","modified_gmt":"2025-01-14T11:08:10","slug":"cudzinecka-policia-v-novych-zamkoch-ma-nove-priestory","status":"publish","type":"post","link":"https:\/\/vizum.sk\/hu\/az-uj-kastelyokban-az-idegenek-rendorsege-uj-helyisegekkel-rendelkezik\/","title":{"rendered":"A Nov\u00e9 Z\u00e1mky-i K\u00fcl\u00fcgyi Rend\u0151rs\u00e9g \u00faj helyis\u00e9geket kapott"},"content":{"rendered":"<div data-elementor-type=\"wp-post\" data-elementor-id=\"11158\" class=\"elementor elementor-11158\">\n\t\t\t\t\t\t<section class=\"elementor-section elementor-top-section elementor-element elementor-element-6aae29d elementor-section-boxed elementor-section-height-default elementor-section-height-default\" data-id=\"6aae29d\" data-element_type=\"section\">\n\t\t\t\t\t\t<div class=\"elementor-container elementor-column-gap-default\">\n\t\t\t\t\t<div class=\"elementor-column elementor-col-100 elementor-top-column elementor-element elementor-element-e6fc94a\" data-id=\"e6fc94a\" data-element_type=\"column\">\n\t\t\t<div class=\"elementor-widget-wrap elementor-element-populated\">\n\t\t\t\t\t\t<div class=\"elementor-element elementor-element-2593f1a elementor-widget elementor-widget-text-editor\" data-id=\"2593f1a\" data-element_type=\"widget\" data-widget_type=\"text-editor.default\">\n\t\t\t\t<div class=\"elementor-widget-container\">\n\t\t\t\t\t\t\t<p data-pm-slice=\"1 1 []\">A Nov\u00e9 Z\u00e1mky-i idegenrend\u00e9szet \u00faj helyis\u00e9geket kapott, amelyeket Mat\u00fa\u0161 \u0160utaj E\u0161tok bel\u00fcgyminiszter avatott fel. Az \u00e1thelyez\u00e9s oka az volt, hogy reag\u00e1lni kellett a n\u00f6vekv\u0151 adminisztrat\u00edv terhekre, amelyek a tart\u00f3zkod\u00e1si k\u00e9relmek n\u00f6vekv\u0151 sz\u00e1m\u00e1val \u00e9s a migr\u00e1ci\u00f3 ter\u00e9n folyamatosan v\u00e1ltoz\u00f3 helyzettel kapcsolatosak.<\/p><p>\"Kiemelt c\u00e9lunk, hogy jav\u00edtsuk a tisztvisel\u0151k munkak\u00f6r\u00fclm\u00e9nyeit, \u00e9s jobb szolg\u00e1ltat\u00e1st ny\u00fajtsunk a lakoss\u00e1gnak. A K\u00fclf\u00f6ldi Rend\u0151rs\u00e9g \u00faj helyis\u00e9gei Nov\u00e9 Z\u00e1mkyban bizony\u00edtj\u00e1k a munkak\u00f6r\u00fclm\u00e9nyek \u00e9s az \u00fcgyf\u00e9lfogad\u00e1s jav\u00edt\u00e1s\u00e1ra ir\u00e1nyul\u00f3 er\u0151fesz\u00edt\u00e9seinket. Ezzel a l\u00e9p\u00e9ssel nemcsak a gyakorlati v\u00e1ltoz\u00e1sokat szeretn\u00e9nk kifejezni, hanem azokat az \u00e9rt\u00e9keket is, amelyeket Szlov\u00e1kia k\u00e9pvisel - a nyitotts\u00e1got \u00e9s a felel\u0151ss\u00e9gv\u00e1llal\u00e1st a migr\u00e1ci\u00f3 ter\u00fclet\u00e9n\" - hangs\u00falyozta E\u0161tok miniszter.<\/p><h4>N\u00f6vekv\u0151 napirend<\/h4><p>Az elm\u00falt \u00e9vekben t\u00f6bbsz\u00f6r\u00f6s\u00e9re n\u0151tt a Nov\u00e9 Z\u00e1mkyban val\u00f3 leteleped\u00e9si k\u00e9relmek sz\u00e1ma. M\u00edg 2012-ben m\u00e9g csak 355 k\u00e9relem \u00e9rkezett a hivatalhoz, addig 2022 \u00e9s 2024 k\u00f6z\u00f6tt ez a sz\u00e1m ugr\u00e1sszer\u0171en megn\u0151tt. A 2022-es \u00e9vben 6185 k\u00e9relem \u00e9rkezett, 2023-ban 5995 k\u00e9relem, 2024-ben pedig a k\u00e9relmek sz\u00e1ma kiss\u00e9 cs\u00f6kkent, 4679-re. Ez a n\u00f6veked\u00e9s nemcsak a jelenlegi napirendnek, hanem az Ukrajn\u00e1b\u00f3l t\u00e1voz\u00f3k be\u00e1raml\u00e1s\u00e1nak \u00e9s a megn\u00f6vekedett m\u00e1sodlagos tranzitmigr\u00e1ci\u00f3nak is k\u00f6sz\u00f6nhet\u0151.<\/p><h4>M\u00e1sodlagos migr\u00e1ci\u00f3<\/h4><p>2016 \u00e9s 2021 k\u00f6z\u00f6tt 674 k\u00fclf\u00f6ldivel foglalkozott a hivatal a m\u00e1sodlagos illeg\u00e1lis migr\u00e1ci\u00f3val \u00f6sszef\u00fcgg\u00e9sben. A helyzet azonban 2022 \u00e9s 2023 k\u00f6z\u00f6tt dr\u00e1maian megv\u00e1ltozott, amikor a kezelt illeg\u00e1lis migr\u00e1nsok sz\u00e1ma el\u00e9rte az 1 914-et, majd 2023-ban a 8 861-et. Ez a n\u00f6veked\u00e9s megn\u00f6vekedett l\u00e9tsz\u00e1mot \u00e9s jobb szervezeti kapacit\u00e1st ig\u00e9nyelt.<\/p><h4>Korszer\u0171s\u00edt\u00e9s a hat\u00e9konys\u00e1g \u00e9rdek\u00e9ben<\/h4><p>Az \u00faj helyis\u00e9gek tervez\u00e9s\u00e9n\u00e9l a hangs\u00falyt a hat\u00e9konys\u00e1g \u00e9s a k\u00e9nyelem jav\u00edt\u00e1s\u00e1ra helyezt\u00e9k az \u00fcgyfelek \u00e9s a szem\u00e9lyzet sz\u00e1m\u00e1ra. A megn\u00f6velt kapacit\u00e1s, a modern technol\u00f3gia \u00e9s a jobb szervez\u00e9si megold\u00e1sok hozz\u00e1j\u00e1rulnak a k\u00e9relmek gyorsabb \u00e9s g\u00f6rd\u00fcl\u00e9kenyebb feldolgoz\u00e1s\u00e1hoz. Az \u00e9rz\u00e9keny adatok biztons\u00e1gosabb feldolgoz\u00e1sa \u00e9s az irod\u00e1k k\u00f6z\u00f6tti z\u00f6kken\u0151mentesebb kommunik\u00e1ci\u00f3 szint\u00e9n fontos el\u0151ny.<\/p><p>E\u0161tok miniszter a megnyit\u00f3n hangs\u00falyozta, hogy a munkak\u00f6r\u00fclm\u00e9nyek jav\u00edt\u00e1sa nemcsak sz\u00fcks\u00e9gszer\u0171s\u00e9g, hanem a hat\u00e9konyabb hat\u00e1rv\u00e9delem \u00e9s a Szlov\u00e1ki\u00e1ba \u00e9rkez\u0151 k\u00fclf\u00f6ldieknek ny\u00fajtott szolg\u00e1ltat\u00e1sok meger\u0151s\u00edt\u00e9s\u00e9nek strat\u00e9gi\u00e1j\u00e1nak r\u00e9sze is.<\/p><p>A technikai fejleszt\u00e9sek mellett a szem\u00e9lyzet professzionaliz\u00e1l\u00e1s\u00e1ra \u00e9s rendszeres k\u00e9pz\u00e9s\u00e9re is hangs\u00falyt fektetnek. A Nov\u00e9 Z\u00e1mkyban tal\u00e1lhat\u00f3 \u00faj helyis\u00e9gek teh\u00e1t fontos el\u0151rel\u00e9p\u00e9st jelentenek a migr\u00e1ci\u00f3 ter\u00fclet\u00e9n jelentkez\u0151 jelenlegi kih\u00edv\u00e1sok kezel\u00e9s\u00e9ben, \u00e9s egy\u00fattal jobb felt\u00e9teleket teremtenek az idegenrend\u00e9szet munk\u00e1j\u00e1hoz.<\/p>\t\t\t\t\t\t<\/div>\n\t\t\t\t<\/div>\n\t\t\t\t\t<\/div>\n\t\t<\/div>\n\t\t\t\t\t<\/div>\n\t\t<\/section>\n\t\t\t\t<\/div>","protected":false},"excerpt":{"rendered":"<p>A Nov\u00e9 Z\u00e1mky-i idegenrend\u00e9szet \u00faj helyis\u00e9geket kapott, amelyeket Mat\u00fa\u0161 \u0160utaj E\u0161tok bel\u00fcgyminiszter avatott fel. Az \u00e1thelyez\u00e9s oka az volt, hogy reag\u00e1lni kellett a n\u00f6vekv\u0151 adminisztrat\u00edv terhekre, amelyek a tart\u00f3zkod\u00e1si k\u00e9relmek n\u00f6vekv\u0151 sz\u00e1m\u00e1val \u00e9s a migr\u00e1ci\u00f3 ter\u00e9n folyamatosan v\u00e1ltoz\u00f3 helyzettel kapcsolatosak. \"Kiemelt feladatunk a munkak\u00f6r\u00fclm\u00e9nyek jav\u00edt\u00e1sa a [...]<\/p>","protected":false},"author":1,"featured_media":11157,"comment_status":"open","ping_status":"open","sticky":false,"template":"","format":"standard","meta":{"footnotes":"","iawp_total_views":138},"categories":[52],"tags":[],"acf":[],"_links":{"self":[{"href":"https:\/\/vizum.sk\/hu\/wp-json\/wp\/v2\/posts\/11158"}],"collection":[{"href":"https:\/\/vizum.sk\/hu\/wp-json\/wp\/v2\/posts"}],"about":[{"href":"https:\/\/vizum.sk\/hu\/wp-json\/wp\/v2\/types\/post"}],"author":[{"embeddable":true,"href":"https:\/\/vizum.sk\/hu\/wp-json\/wp\/v2\/users\/1"}],"replies":[{"embeddable":true,"href":"https:\/\/vizum.sk\/hu\/wp-json\/wp\/v2\/comments?post=11158"}],"version-history":[{"count":0,"href":"https:\/\/vizum.sk\/hu\/wp-json\/wp\/v2\/posts\/11158\/revisions"}],"wp:featuredmedia":[{"embeddable":true,"href":"https:\/\/vizum.sk\/hu\/wp-json\/wp\/v2\/media\/11157"}],"wp:attachment":[{"href":"https:\/\/vizum.sk\/hu\/wp-json\/wp\/v2\/media?parent=11158"}],"wp:term":[{"taxonomy":"category","embeddable":true,"href":"https:\/\/vizum.sk\/hu\/wp-json\/wp\/v2\/categories?post=11158"},{"taxonomy":"post_tag","embeddable":true,"href":"https:\/\/vizum.sk\/hu\/wp-json\/wp\/v2\/tags?post=11158"}],"curies":[{"name":"wp","href":"https:\/\/api.w.org\/{rel}","templated":true}]}}