{"id":14060,"date":"2025-08-06T13:48:15","date_gmt":"2025-08-06T11:48:15","guid":{"rendered":"https:\/\/vizum.sk\/?p=14060"},"modified":"2025-08-06T13:50:45","modified_gmt":"2025-08-06T11:50:45","slug":"nedostupnost-rezervacneho-systemu-cudzineckej-policie","status":"publish","type":"post","link":"https:\/\/vizum.sk\/hu\/az-idegenrendeszeti-foglalasi-rendszer-elerhetetlensege\/","title":{"rendered":"Az idegenrend\u00e9szet foglal\u00e1si rendszer\u00e9nek el\u00e9rhetetlens\u00e9ge"},"content":{"rendered":"<div data-elementor-type=\"wp-post\" data-elementor-id=\"14060\" class=\"elementor elementor-14060\">\n\t\t\t\t\t\t<section class=\"elementor-section elementor-top-section elementor-element elementor-element-a9493bc elementor-section-boxed elementor-section-height-default elementor-section-height-default\" data-id=\"a9493bc\" data-element_type=\"section\">\n\t\t\t\t\t\t<div class=\"elementor-container elementor-column-gap-default\">\n\t\t\t\t\t<div class=\"elementor-column elementor-col-100 elementor-top-column elementor-element elementor-element-3afe4b0\" data-id=\"3afe4b0\" data-element_type=\"column\">\n\t\t\t<div class=\"elementor-widget-wrap elementor-element-populated\">\n\t\t\t\t\t\t<div class=\"elementor-element elementor-element-9cefb8a elementor-widget elementor-widget-text-editor\" data-id=\"9cefb8a\" data-element_type=\"widget\" data-widget_type=\"text-editor.default\">\n\t\t\t\t<div class=\"elementor-widget-container\">\n\t\t\t\t\t\t\t<p data-start=\"108\" data-end=\"309\">A Szlov\u00e1k K\u00f6zt\u00e1rsas\u00e1g Bel\u00fcgyminiszt\u00e9riuma k\u00f6zz\u00e9teszi a nyilv\u00e1noss\u00e1g sz\u00e1m\u00e1ra, hogy <strong>az idegenrend\u00e9szet foglal\u00e1si rendszer\u00e9nek el\u00e9rhetetlens\u00e9ge<\/strong>, nevezetesen a <strong>2025. augusztus 7., cs\u00fct\u00f6rt\u00f6k 8:00 \u00e9s 13:00 k\u00f6z\u00f6tt<\/strong>amikor az online foglal\u00e1si rendszerek \u00e1tmenetileg nem lesznek el\u00e9rhet\u0151k.<\/p><p data-start=\"311\" data-end=\"329\">Az \u00e1ramsz\u00fcnet aggodalmak:<\/p><ul><li data-start=\"332\" data-end=\"377\">az Idegenrend\u0151rs\u00e9g rendel\u00e9si rendszere,<\/li><li data-start=\"332\" data-end=\"377\">rendszer a dokumentumok id\u0151pontfoglal\u00e1s\u00e1ra,<\/li><li data-start=\"332\" data-end=\"377\">a j\u00e1rm\u0171vek \u00e9s a kataszter rendszere.<br \/><br \/><\/li><\/ul><p data-start=\"461\" data-end=\"557\">Ennek oka a karbantart\u00e1s \u00e9s a ny\u00fajtott szolg\u00e1ltat\u00e1s min\u0151s\u00e9g\u00e9nek jav\u00edt\u00e1sa \u00e9rdek\u00e9ben tervezett m\u0171szaki beavatkoz\u00e1s.<\/p><p data-start=\"461\" data-end=\"557\">Forr\u00e1s.<\/p>\t\t\t\t\t\t<\/div>\n\t\t\t\t<\/div>\n\t\t\t\t\t<\/div>\n\t\t<\/div>\n\t\t\t\t\t<\/div>\n\t\t<\/section>\n\t\t\t\t<\/div>","protected":false},"excerpt":{"rendered":"<p>A Szlov\u00e1k K\u00f6zt\u00e1rsas\u00e1g Bel\u00fcgyminiszt\u00e9riuma \u00e9rtes\u00edti a nyilv\u00e1noss\u00e1got, hogy 2025. augusztus 7-\u00e9n, cs\u00fct\u00f6rt\u00f6k\u00f6n 8:00 \u00e9s 13:00 \u00f3ra k\u00f6z\u00f6tt az online foglal\u00e1si rendszerek \u00e1tmenetileg nem lesznek el\u00e9rhet\u0151k a K\u00fcl\u00fcgyi Rend\u0151rs\u00e9g foglal\u00e1si rendszer\u00e9ben. A kies\u00e9s \u00e9rinti: a k\u00fclrend\u0151rs\u00e9g foglal\u00e1si rendszer\u00e9t, az okm\u00e1nyrendel\u00e9si foglal\u00e1si rendszert, a j\u00e1rm\u0171rendszert \u00e9s a katal\u00f3gusrendszert. Ennek oka egy tervezett technikai [...]<\/p>","protected":false},"author":1,"featured_media":14061,"comment_status":"open","ping_status":"open","sticky":false,"template":"","format":"standard","meta":{"footnotes":"","iawp_total_views":484},"categories":[70],"tags":[],"acf":[],"_links":{"self":[{"href":"https:\/\/vizum.sk\/hu\/wp-json\/wp\/v2\/posts\/14060"}],"collection":[{"href":"https:\/\/vizum.sk\/hu\/wp-json\/wp\/v2\/posts"}],"about":[{"href":"https:\/\/vizum.sk\/hu\/wp-json\/wp\/v2\/types\/post"}],"author":[{"embeddable":true,"href":"https:\/\/vizum.sk\/hu\/wp-json\/wp\/v2\/users\/1"}],"replies":[{"embeddable":true,"href":"https:\/\/vizum.sk\/hu\/wp-json\/wp\/v2\/comments?post=14060"}],"version-history":[{"count":8,"href":"https:\/\/vizum.sk\/hu\/wp-json\/wp\/v2\/posts\/14060\/revisions"}],"predecessor-version":[{"id":14069,"href":"https:\/\/vizum.sk\/hu\/wp-json\/wp\/v2\/posts\/14060\/revisions\/14069"}],"wp:featuredmedia":[{"embeddable":true,"href":"https:\/\/vizum.sk\/hu\/wp-json\/wp\/v2\/media\/14061"}],"wp:attachment":[{"href":"https:\/\/vizum.sk\/hu\/wp-json\/wp\/v2\/media?parent=14060"}],"wp:term":[{"taxonomy":"category","embeddable":true,"href":"https:\/\/vizum.sk\/hu\/wp-json\/wp\/v2\/categories?post=14060"},{"taxonomy":"post_tag","embeddable":true,"href":"https:\/\/vizum.sk\/hu\/wp-json\/wp\/v2\/tags?post=14060"}],"curies":[{"name":"wp","href":"https:\/\/api.w.org\/{rel}","templated":true}]}}