{"id":14072,"date":"2025-08-08T08:51:45","date_gmt":"2025-08-08T06:51:45","guid":{"rendered":"https:\/\/vizum.sk\/?p=14072"},"modified":"2025-08-11T11:58:13","modified_gmt":"2025-08-11T09:58:13","slug":"zmena-rezervacneho-systemu-cudzineckej-policie-2","status":"publish","type":"post","link":"https:\/\/vizum.sk\/hu\/valtozas-az-idegenrendeszet-foglalasi-rendszereben-2\/","title":{"rendered":"Az idegenrend\u00e9szet nyilv\u00e1ntart\u00e1si rendszer\u00e9nek m\u00f3dos\u00edt\u00e1sa"},"content":{"rendered":"<div data-elementor-type=\"wp-post\" data-elementor-id=\"14072\" class=\"elementor elementor-14072\">\n\t\t\t\t\t\t<section class=\"elementor-section elementor-top-section elementor-element elementor-element-ded5780 elementor-section-boxed elementor-section-height-default elementor-section-height-default\" data-id=\"ded5780\" data-element_type=\"section\">\n\t\t\t\t\t\t<div class=\"elementor-container elementor-column-gap-default\">\n\t\t\t\t\t<div class=\"elementor-column elementor-col-100 elementor-top-column elementor-element elementor-element-b922407\" data-id=\"b922407\" data-element_type=\"column\">\n\t\t\t<div class=\"elementor-widget-wrap elementor-element-populated\">\n\t\t\t\t\t\t<div class=\"elementor-element elementor-element-fb90fdf elementor-widget__width-initial elementor-widget elementor-widget-text-editor\" data-id=\"fb90fdf\" data-element_type=\"widget\" data-widget_type=\"text-editor.default\">\n\t\t\t\t<div class=\"elementor-widget-container\">\n\t\t\t\t\t\t\t<h4><b>Az idegenrend\u00e9szet el\u0151jegyz\u00e9si rendszer\u00e9nek v\u00e1ltoz\u00e1sa 2025. augusztus 7-t\u0151l<\/b><\/h4>\n<p data-start=\"88\" data-end=\"150\"><strong data-start=\"88\" data-end=\"117\"><span style=\"color: rgb(255, 0, 0);\">\u2757<\/span>Kieg\u00e9sz\u00edt\u00e9s a sajt\u00f3k\u00f6zlem\u00e9nyhez<\/strong><br data-start=\"117\" data-end=\"120\"><em data-start=\"120\" data-end=\"148\"><span style=\"font-weight: 700; color: rgb(255, 0, 0); font-style: normal;\">\u2757<\/span>Cikk szerkeszt\u00e9se - 11.08.2025<\/em><\/p>\n<p data-start=\"152\" data-end=\"629\">A Szlov\u00e1k K\u00f6zt\u00e1rsas\u00e1g Bel\u00fcgyminiszt\u00e9riuma 2025.08.07-\u00e9n sajt\u00f3k\u00f6zlem\u00e9nyt tett k\u00f6zz\u00e9, amelyben k\u00f6z\u00f6lte, hogy a BOK k\u00f3d aktiv\u00e1l\u00e1sa az idegenrend\u00e9szet b\u00e1rmelyik oszt\u00e1ly\u00e1n, az \u00fcgyf\u00e9lk\u00f6zpont okm\u00e1nyoszt\u00e1ly\u00e1n vagy az illet\u00e9kes rend\u0151rkapit\u00e1nys\u00e1gon t\u00f6rt\u00e9nhet. K\u00e9s\u0151bb azonban kider\u00fclt, hogy ez az inform\u00e1ci\u00f3 nem volt igaz. Ez\u00e9rt a Bel\u00fcgyminiszt\u00e9rium m\u00e1r m\u00e1snap, 2025.08.08-\u00e1n elt\u00e1vol\u00edtotta az eredeti sajt\u00f3k\u00f6zlem\u00e9nyt, \u00e9s egy \u00faj verzi\u00f3val helyettes\u00edtette, amely nem tartalmazza ezt az inform\u00e1ci\u00f3t.<\/p>\n<p data-start=\"168\" data-end=\"491\">\n<\/p><p data-start=\"631\" data-end=\"778\">Ez\u00e9rt tov\u00e1bbra is az a helyzet, hogy <strong data-start=\"654\" data-end=\"744\">A BOK k\u00f3dot kiz\u00e1r\u00f3lag a helyi idegenrend\u00e9szetn\u00e9l lehet aktiv\u00e1lni.<\/strong> az \u00d6n bejelentett lak\u00f3helye szerint.<\/p>\n<p data-start=\"168\" data-end=\"491\">A Szlov\u00e1k K\u00f6zt\u00e1rsas\u00e1g Bel\u00fcgyminiszt\u00e9riuma a k\u00f6vetkez\u0151 t\u00e1rgyban <strong data-start=\"213\" data-end=\"232\">2025. augusztus 7.<\/strong> jelent\u0151s <strong data-start=\"251\" data-end=\"327\">az Idegenrend\u00e9szet oszt\u00e1lyain t\u00f6rt\u00e9n\u0151 id\u0151pontfoglal\u00e1s rendszer\u00e9nek m\u00f3dos\u00edt\u00e1sa<\/strong>. Az \u00faj rendszer alapvet\u0151en megv\u00e1ltoztatja azt a m\u00f3dot, ahogyan a k\u00fclf\u00f6ldiek a tart\u00f3zkod\u00e1si helyhez kapcsol\u00f3d\u00f3 feladatokra id\u0151pontot k\u00e9rhetnek, ugyanakkor bevezeti a <strong data-start=\"442\" data-end=\"490\">felhaszn\u00e1l\u00f3i enged\u00e9lyez\u00e9s tart\u00f3zkod\u00e1si st\u00e1tusz szerint<\/strong>. A rendszer \u00edgy \u00fajonnan osztja a k\u00fclf\u00f6ldieket <b>enged\u00e9lyezettek, azaz olyan szem\u00e9lyek, akik m\u00e1r kaptak tart\u00f3zkod\u00e1si enged\u00e9lyt, \u00e9s nem enged\u00e9lyezettek, azaz olyan szem\u00e9lyek, akik m\u00e9g nem kaptak tart\u00f3zkod\u00e1si enged\u00e9lyt, azaz nem szerepelnek a nyilv\u00e1ntart\u00e1sban - \u00fan. els\u0151 alkalommal k\u00e9relmez\u0151k.<\/b>.<\/p>\n<p data-start=\"168\" data-end=\"491\"><span style=\"color: #ff0000;\"><b>\u2757<span style=\"color: #000000;\">Figyelmeztet\u00e9s:<\/span><\/b><\/span> A v\u00e1ltoz\u00e1s miatt ism\u00e9t nagy t\u00f6megek alakulnak ki az Idegenrend\u00e9szeti Oszt\u00e1lyokn\u00e1l a BOK k\u00f3d aktiv\u00e1l\u00e1s\u00e1hoz, ez\u00e9rt javasoljuk, hogy a v\u00e1ltoz\u00e1s bevezet\u00e9se ut\u00e1ni els\u0151 napokban \u00e9rdemes megfontolni a l\u00e1togat\u00e1st.<\/p>\n<h4><b>Enged\u00e9llyel rendelkez\u0151 k\u00fclf\u00f6ldi - tart\u00f3zkod\u00e1si enged\u00e9llyel rendelkez\u0151 k\u00fclf\u00f6ldi<\/b><\/h4>\n<p data-start=\"548\" data-end=\"698\">K\u00fclf\u00f6ldiek, akik <strong data-start=\"564\" data-end=\"624\">m\u00e1r megkapt\u00e1k az ideiglenes, \u00e1lland\u00f3 vagy ideiglenes tart\u00f3zkod\u00e1si enged\u00e9lyt<\/strong>, be kell jelentkeznie a foglal\u00e1si rendszerbe <strong data-start=\"671\" data-end=\"697\">enged\u00e9lyezett m\u00f3don<\/strong>:<\/p>\n<ul>\n<li data-start=\"702\" data-end=\"828\"><strong data-start=\"702\" data-end=\"827\">A bejelentkez\u00e9s kiz\u00e1r\u00f3lag elektronikus lakc\u00edmigazol\u00e1ssal, k\u00e1rtyaolvas\u00f3val \u00e9s BOK-k\u00f3ddal (szem\u00e9lyes biztons\u00e1gi k\u00f3d) t\u00f6rt\u00e9nik.<\/strong>.<\/li>\n<li data-start=\"702\" data-end=\"828\"><strong data-start=\"831\" data-end=\"842\">BOK-k\u00f3d<\/strong> a k\u00fclf\u00f6ldi \u00e1ltal az okm\u00e1ny \u00e1tv\u00e9telekor v\u00e1lasztott 6 sz\u00e1mjegy\u0171 sz\u00e1m. Elveszt\u00e9se vagy inaktiv\u00e1l\u00e1sa eset\u00e9n a BOK a k\u00f6vetkez\u0151 c\u00edmen \u00faj\u00edthat\u00f3 meg <b>helyileg illet\u00e9kes&nbsp;<\/b><strong data-start=\"975\" data-end=\"1007\">az idegenrend\u00e9szet oszt\u00e1lya a lak\u00f3hely szerinti bejelent\u00e9snek megfelel\u0151en.<\/strong><\/li>\n<\/ul>\n<ul data-start=\"1083\" data-end=\"1102\">\n<li data-start=\"1083\" data-end=\"1102\">\n<p data-start=\"1085\" data-end=\"1102\"><strong data-start=\"1085\" data-end=\"1102\">Foglal\u00e1s legfeljebb 60 nappal el\u0151re.<\/strong><\/p>\n<\/li>\n<\/ul>\n<h6>\u2757<b>Figyelmeztet\u00e9s: <\/b>06\/2021 el\u0151tt ki\u00e1ll\u00edtott dokumentumok<\/h6>\n<p data-start=\"1152\" data-end=\"1501\">Ki\u00e1ll\u00edtott k\u00fclf\u00f6ldi okm\u00e1nyok <strong data-start=\"1178\" data-end=\"1197\">2021 j\u00fanius\u00e1ig<\/strong> <strong data-start=\"1198\" data-end=\"1295\">nem tartalmazz\u00e1k a tart\u00f3zkod\u00e1si enged\u00e9ly ir\u00e1nti k\u00e9relem teljes k\u00f6r\u0171 elektronikus beny\u00fajt\u00e1s\u00e1hoz sz\u00fcks\u00e9ges megfelel\u0151 felt\u00f6lt\u00f6tt igazol\u00e1sokat<\/strong>. B\u00e1r a rend\u0151rs\u00e9g felt\u00f6lthet igazol\u00e1sokat az ilyen dokumentumokr\u00f3l, ezek a <strong data-start=\"1362\" data-end=\"1430\">kiz\u00e1r\u00f3lag a Szlov\u00e1k K\u00f6zt\u00e1rsas\u00e1g P\u00e9nz\u00fcgyminiszt\u00e9riuma P\u00e9nz\u00fcgyi Igazgat\u00f3s\u00e1g\u00e1nak szolg\u00e1ltat\u00e1sai tekintet\u00e9ben m\u0171k\u00f6d\u0151k\u00e9pes<\/strong> (pl. eData, eCash) - - <strong data-start=\"1454\" data-end=\"1500\">de nem a Szlov\u00e1k K\u00f6zt\u00e1rsas\u00e1g Bel\u00fcgyminiszt\u00e9rium\u00e1nak szolg\u00e1latai eset\u00e9ben<\/strong>.<\/p>\n<h4><b>Enged\u00e9ly n\u00e9lk\u00fcli k\u00fclf\u00f6ldi - k\u00fclf\u00f6ldi els\u0151 k\u00e9relmez\u0151<\/b><\/h4>\n<p data-start=\"1758\" data-end=\"1881\">Egy k\u00fclf\u00f6ldi, aki <b>m\u00e9g nem kapott tart\u00f3zkod\u00e1si enged\u00e9lyt a Szlov\u00e1k K\u00f6zt\u00e1rsas\u00e1gban<\/b>, <b>azaz az els\u0151 alkalommal k\u00e9relmez\u0151k \u00e9s az e-szolg\u00e1ltat\u00e1sok hat\u00e1rokon \u00e1tny\u00fal\u00f3 felhaszn\u00e1l\u00f3i<\/b>, \u00fagy tekintik, hogy<b> jogosulatlan felhaszn\u00e1l\u00f3<\/b>, a foglal\u00e1s a jelenlegi m\u00f3don j\u00f6n l\u00e9tre, an\u00e9lk\u00fcl, hogy a dokumentumon kereszt\u00fcl t\u00f6rt\u00e9n\u0151 enged\u00e9lyez\u00e9sre sz\u00fcks\u00e9g lenne.<\/p>\n<ul>\n<li data-start=\"1919\" data-end=\"1945\">A foglal\u00e1sok elektronikus \u00e1tv\u00e9teli elismerv\u00e9ny n\u00e9lk\u00fcl t\u00f6rt\u00e9nnek.<\/li>\n<li data-start=\"1919\" data-end=\"1945\"><b>40 napos el\u0151foglal\u00e1s lehets\u00e9ges.<\/b><\/li>\n<\/ul>\n<p><b style=\"background-color: transparent;\"><br><\/b><b style=\"background-color: transparent;\">A foglal\u00e1shoz alapesetben be kell \u00edrnia:&nbsp;<\/b><\/p>\n<ul data-start=\"2199\" data-end=\"2218\">\n<li>kereszt- \u00e9s vezet\u00e9kn\u00e9v,<\/li>\n<li data-start=\"2065\" data-end=\"2083\">sz\u00fclet\u00e9si d\u00e1tum,<\/li>\n<li data-start=\"2065\" data-end=\"2083\">\u00fati okm\u00e1ny sz\u00e1ma,<\/li>\n<li data-start=\"2065\" data-end=\"2083\">telefonsz\u00e1m,<\/li>\n<li data-start=\"2065\" data-end=\"2083\">e-mail c\u00edm.<\/li>\n<\/ul>\n<h5>Aj\u00e1nl\u00e1s k\u00fclf\u00f6ldieknek<\/h5>\n<ol data-start=\"3146\" data-end=\"3522\">\n<li data-start=\"3146\" data-end=\"3265\">\n<p data-start=\"3149\" data-end=\"3265\"><strong data-start=\"3149\" data-end=\"3201\">Ellen\u0151rizze a tart\u00f3zkod\u00e1si enged\u00e9lye ki\u00e1ll\u00edt\u00e1s\u00e1nak d\u00e1tum\u00e1t<\/strong> - ha a dokumentumot 2021 j\u00faniusa el\u0151tt \u00e1ll\u00edtott\u00e1k ki, a meg\u00faj\u00edt\u00e1si k\u00e9relem elektronikus \u00faton t\u00f6rt\u00e9n\u0151 beny\u00fajt\u00e1sa nem lehets\u00e9ges, de tov\u00e1bbra is lehet\u0151s\u00e9g van id\u0151pontfoglal\u00e1sra.<\/p>\n<\/li>\n<li data-start=\"3146\" data-end=\"3265\">\n<p data-start=\"3149\" data-end=\"3265\"><strong data-start=\"3269\" data-end=\"3289\">Aktiv\u00e1lja a BOK-ot<\/strong>ha m\u00e9g nem tette volna meg.<\/p>\n<\/li>\n<li data-start=\"3318\" data-end=\"3395\">\n<p data-start=\"3321\" data-end=\"3395\"><strong data-start=\"3321\" data-end=\"3355\">Gy\u0151z\u0151dj\u00f6n meg r\u00f3la, hogy van dokumentumolvas\u00f3ja<\/strong>, amely n\u00e9lk\u00fcl nem fog tudni bejelentkezni a rendszerbe.<\/p>\n<\/li>\n<li data-start=\"3396\" data-end=\"3522\">\n<p data-start=\"3399\" data-end=\"3522\"><strong data-start=\"3399\" data-end=\"3451\">Tervezze meg a foglal\u00e1s\u00e1t j\u00f3 el\u0151re<\/strong>mivel a rendelkez\u00e9sre \u00e1ll\u00f3 id\u0151pontok korl\u00e1tozottak, \u00e9s a rendszer ism\u00e9t t\u00falterhelt lehet.<\/p>\n<\/li>\n<\/ol>\n<div>\n<h4><b>A foglal\u00e1si rendszer \u00e1ltal\u00e1nos szab\u00e1lyainak m\u00f3dos\u00edt\u00e1sa<\/b><\/h4>\n<p data-start=\"2226\" data-end=\"2333\">A rendszerv\u00e1lt\u00e1s r\u00e9szek\u00e9nt a k\u00f6vetkez\u0151ket is bevezett\u00e9k <strong data-start=\"2265\" data-end=\"2332\">a foglal\u00e1sok sz\u00e1m\u00e1ra \u00e9s m\u00f3dj\u00e1ra vonatkoz\u00f3 \u00faj szab\u00e1lyok<\/strong>:<\/p>\n<h5><b>Egy adott n\u00e9vre vonatkoz\u00f3 foglal\u00e1s l\u00e9trehoz\u00e1s\u00e1nak k\u00f6telezetts\u00e9ge<\/b><\/h5>\n<p data-start=\"2389\" data-end=\"2527\">A k\u00fclf\u00f6ldi rend\u0151rs\u00e9gen t\u00f6rt\u00e9n\u0151 foglal\u00e1s <strong data-start=\"2425\" data-end=\"2485\">k\u00f6telez\u0151 l\u00e9trehozni egy adott n\u00e9v \u00e9s vezet\u00e9kn\u00e9v a k\u00fclf\u00f6ldi sz\u00e1m\u00e1ra<\/strong>aki szem\u00e9lyesen jelenik meg a munkahelyen.<\/p>\n<ul>\n<li data-start=\"2530\" data-end=\"2595\">A foglal\u00e1st maga a k\u00fclf\u00f6ldi vagy egy meghatalmazott szem\u00e9ly v\u00e9gezheti.<span style=\"font-size: 16px;\">\u2757<\/span><\/li>\n<li data-start=\"2530\" data-end=\"2595\"><strong data-start=\"2598\" data-end=\"2663\">Azokat a foglal\u00e1sokat, amelyek nem felelnek meg ennek a felt\u00e9telnek, nem fogadjuk el.<\/strong><span style=\"font-size: 16px;\">\u2757<\/span><\/li>\n<\/ul>\n<h5><b>A foglal\u00e1sok sz\u00e1m\u00e1nak korl\u00e1toz\u00e1sa<\/b><\/h5>\n<p data-start=\"2699\" data-end=\"2856\">Egy adott szem\u00e9ly (k\u00fclf\u00f6ldi) l\u00e9trehozhat <strong data-start=\"2749\" data-end=\"2777\">csak egy foglal\u00e1s<\/strong> a  c\u00edmen <strong data-start=\"2786\" data-end=\"2853\">15 napt\u00e1ri napon kereszt\u00fcl Szlov\u00e1kia valamennyi helysz\u00edn\u00e9n<\/strong>.<\/p>\n<ul>\n<li data-start=\"2859\" data-end=\"2908\"><strong data-start=\"2859\" data-end=\"2908\">M\u00e9g a t\u00f6r\u00f6lt foglal\u00e1s is haszn\u00e1ltnak min\u0151s\u00fcl.<\/strong><span style=\"font-size: 16px;\">\u2757<\/span><\/li>\n<li data-start=\"2859\" data-end=\"2908\">Ha a felhaszn\u00e1l\u00f3 megpr\u00f3b\u00e1lja t\u00fall\u00e9pni ezt a korl\u00e1tot, a foglal\u00e1si folyamat sor\u00e1n figyelmeztet\u00e9st kap erre a t\u00e9nyre.<\/li>\n<\/ul>\n<h5><b>Automatikus vez\u00e9rl\u00e9s<\/b><\/h5>\n<p data-start=\"3055\" data-end=\"3119\">A folyamat v\u00e9g\u00e9n <strong data-start=\"3081\" data-end=\"3116\">automatikus foglal\u00e1si ellen\u0151rz\u00e9s<\/strong>.<\/p>\n<ul data-start=\"3120\" data-end=\"3259\">\n<li data-start=\"3120\" data-end=\"3259\">\n<p data-start=\"3122\" data-end=\"3259\">Amennyiben a rendszer a fenti szab\u00e1lyok b\u00e1rmelyik\u00e9nek megs\u00e9rt\u00e9s\u00e9t \u00e9szleli, a foglal\u00e1s <strong data-start=\"3205\" data-end=\"3228\">automatikusan t\u00f6rl\u0151dik<\/strong> an\u00e9lk\u00fcl, hogy joga lenne egy m\u00e1sik id\u0151pontra.<span style=\"font-size: 16px; background-color: transparent;\">\u2757<\/span><\/p>\n<\/li>\n<\/ul>\n<\/div>\t\t\t\t\t\t<\/div>\n\t\t\t\t<\/div>\n\t\t\t\t\t<\/div>\n\t\t<\/div>\n\t\t\t\t\t<\/div>\n\t\t<\/section>\n\t\t\t\t<section class=\"elementor-section elementor-top-section elementor-element elementor-element-43f6233 elementor-section-boxed elementor-section-height-default elementor-section-height-default\" data-id=\"43f6233\" data-element_type=\"section\">\n\t\t\t\t\t\t<div class=\"elementor-container elementor-column-gap-default\">\n\t\t\t\t\t<div class=\"elementor-column elementor-col-100 elementor-top-column elementor-element elementor-element-fb1849b\" data-id=\"fb1849b\" data-element_type=\"column\">\n\t\t\t<div class=\"elementor-widget-wrap elementor-element-populated\">\n\t\t\t\t\t\t<section class=\"elementor-section elementor-inner-section elementor-element elementor-element-a6a4f2f elementor-section-boxed elementor-section-height-default elementor-section-height-default\" data-id=\"a6a4f2f\" data-element_type=\"section\" data-settings=\"{&quot;background_background&quot;:&quot;classic&quot;}\">\n\t\t\t\t\t\t\t<div class=\"elementor-background-overlay\"><\/div>\n\t\t\t\t\t\t\t<div class=\"elementor-container elementor-column-gap-default\">\n\t\t\t\t\t<div class=\"elementor-column elementor-col-50 elementor-inner-column elementor-element elementor-element-87685d9\" data-id=\"87685d9\" data-element_type=\"column\">\n\t\t\t<div class=\"elementor-widget-wrap elementor-element-populated\">\n\t\t\t\t\t\t<div class=\"elementor-element elementor-element-e57cab8 elementor-widget__width-initial elementor-widget elementor-widget-jkit_heading\" data-id=\"e57cab8\" data-element_type=\"widget\" data-widget_type=\"jkit_heading.default\">\n\t\t\t\t<div class=\"elementor-widget-container\">\n\t\t\t<div  class=\"jeg-elementor-kit jkit-heading  align-left align-tablet- align-mobile- jeg_module___69ef237760264\" ><div class=\"heading-section-title  display-inline-block\"><p class=\"heading-title\">K\u00e9rjen seg\u00edts\u00e9get szakembert\u0151l.<span class=\"style-color\"><span>L\u00e9pjen kapcsolatba vel\u00fcnk.<\/span><\/span><\/p><\/div><div class=\"heading-section-description\"><p>Adja k\u00e9relm\u00e9t tapasztalt szakemberek kez\u00e9be, \u00e9s mi gondoskodunk az ideiglenes tart\u00f3zkod\u00e1si enged\u00e9ly megszerz\u00e9s\u00e9nek vagy meg\u00faj\u00edt\u00e1s\u00e1nak z\u00f6kken\u0151mentes folyamat\u00e1r\u00f3l.<\/p><\/div><\/div>\t\t<\/div>\n\t\t\t\t<\/div>\n\t\t\t\t\t<\/div>\n\t\t<\/div>\n\t\t\t\t<div class=\"elementor-column elementor-col-50 elementor-inner-column elementor-element elementor-element-4c62985\" data-id=\"4c62985\" data-element_type=\"column\">\n\t\t\t<div class=\"elementor-widget-wrap elementor-element-populated\">\n\t\t\t\t\t\t<div class=\"elementor-element elementor-element-17002d7 elementor-widget__width-auto elementor-widget elementor-widget-jkit_button\" data-id=\"17002d7\" data-element_type=\"widget\" data-widget_type=\"jkit_button.default\">\n\t\t\t\t<div class=\"elementor-widget-container\">\n\t\t\t<div  class=\"jeg-elementor-kit jkit-button  icon-position-after jeg_module__1_69ef237761838\" ><a href=\"https:\/\/vizum.sk\/hu\/erintkezes\/\" class=\"jkit-button-wrapper\">kapcsolatfelv\u00e9tel<i aria-hidden=\"true\" class=\"jki jki-right-arrow2-light\"><\/i><\/a><\/div>\t\t<\/div>\n\t\t\t\t<\/div>\n\t\t\t\t\t<\/div>\n\t\t<\/div>\n\t\t\t\t\t<\/div>\n\t\t<\/section>\n\t\t\t\t\t<\/div>\n\t\t<\/div>\n\t\t\t\t\t<\/div>\n\t\t<\/section>\n\t\t\t\t<\/div>","protected":false},"excerpt":{"rendered":"<p>Az idegenrend\u00e9szet foglal\u00e1si rendszer\u00e9nek v\u00e1ltoz\u00e1sa 2025. augusztus 7-t\u0151l \u2757Kieg\u00e9sz\u00edt\u00e9s a sajt\u00f3k\u00f6zlem\u00e9nyhez\u2757Edited article - 11.08.2025 2025.08.07-\u00e9n a Szlov\u00e1k K\u00f6zt\u00e1rsas\u00e1g Bel\u00fcgyminiszt\u00e9riuma sajt\u00f3k\u00f6zlem\u00e9nyt adott ki, amelyben k\u00f6z\u00f6lte, hogy a BOK k\u00f3d aktiv\u00e1l\u00e1sa az idegenrend\u00e9szet b\u00e1rmelyik oszt\u00e1ly\u00e1n, az \u00fcgyf\u00e9lk\u00f6zpont okm\u00e1nyoszt\u00e1ly\u00e1n vagy az illet\u00e9kes rend\u0151rkapit\u00e1nys\u00e1gon t\u00f6rt\u00e9nhet. Ezt k\u00f6vet\u0151en azonban [...]<\/p>","protected":false},"author":1,"featured_media":14078,"comment_status":"open","ping_status":"open","sticky":false,"template":"","format":"standard","meta":{"footnotes":"","iawp_total_views":5988},"categories":[70],"tags":[],"acf":[],"_links":{"self":[{"href":"https:\/\/vizum.sk\/hu\/wp-json\/wp\/v2\/posts\/14072"}],"collection":[{"href":"https:\/\/vizum.sk\/hu\/wp-json\/wp\/v2\/posts"}],"about":[{"href":"https:\/\/vizum.sk\/hu\/wp-json\/wp\/v2\/types\/post"}],"author":[{"embeddable":true,"href":"https:\/\/vizum.sk\/hu\/wp-json\/wp\/v2\/users\/1"}],"replies":[{"embeddable":true,"href":"https:\/\/vizum.sk\/hu\/wp-json\/wp\/v2\/comments?post=14072"}],"version-history":[{"count":20,"href":"https:\/\/vizum.sk\/hu\/wp-json\/wp\/v2\/posts\/14072\/revisions"}],"predecessor-version":[{"id":14103,"href":"https:\/\/vizum.sk\/hu\/wp-json\/wp\/v2\/posts\/14072\/revisions\/14103"}],"wp:featuredmedia":[{"embeddable":true,"href":"https:\/\/vizum.sk\/hu\/wp-json\/wp\/v2\/media\/14078"}],"wp:attachment":[{"href":"https:\/\/vizum.sk\/hu\/wp-json\/wp\/v2\/media?parent=14072"}],"wp:term":[{"taxonomy":"category","embeddable":true,"href":"https:\/\/vizum.sk\/hu\/wp-json\/wp\/v2\/categories?post=14072"},{"taxonomy":"post_tag","embeddable":true,"href":"https:\/\/vizum.sk\/hu\/wp-json\/wp\/v2\/tags?post=14072"}],"curies":[{"name":"wp","href":"https:\/\/api.w.org\/{rel}","templated":true}]}}