{"id":14199,"date":"2025-08-14T06:52:40","date_gmt":"2025-08-14T04:52:40","guid":{"rendered":"https:\/\/vizum.sk\/?p=14199"},"modified":"2025-08-14T07:14:05","modified_gmt":"2025-08-14T05:14:05","slug":"cestovanie-do-vietnamu-bez-viz-2025","status":"publish","type":"post","link":"https:\/\/vizum.sk\/hu\/utazas-vietnamba-vizum-nelkul-2025-ben\/","title":{"rendered":"Utaz\u00e1s Vietnamba v\u00edzum n\u00e9lk\u00fcl"},"content":{"rendered":"<div data-elementor-type=\"wp-post\" data-elementor-id=\"14199\" class=\"elementor elementor-14199\">\n\t\t\t\t\t\t<section class=\"elementor-section elementor-top-section elementor-element elementor-element-a98519a elementor-section-boxed elementor-section-height-default elementor-section-height-default\" data-id=\"a98519a\" data-element_type=\"section\">\n\t\t\t\t\t\t<div class=\"elementor-container elementor-column-gap-default\">\n\t\t\t\t\t<div class=\"elementor-column elementor-col-100 elementor-top-column elementor-element elementor-element-6ad9c5e\" data-id=\"6ad9c5e\" data-element_type=\"column\">\n\t\t\t<div class=\"elementor-widget-wrap elementor-element-populated\">\n\t\t\t\t\t\t<div class=\"elementor-element elementor-element-72d282d elementor-widget elementor-widget-text-editor\" data-id=\"72d282d\" data-element_type=\"widget\" data-widget_type=\"text-editor.default\">\n\t\t\t\t<div class=\"elementor-widget-container\">\n\t\t\t\t\t\t\t<h2>V\u00edzummentes utaz\u00e1s Vietnamba 2025. augusztus 15-t\u0151l<\/h2>\nA v\u00edzummentes utaz\u00e1s Vietnamba 2025 augusztus\u00e1t\u00f3l v\u00e1lik val\u00f3s\u00e1gg\u00e1 a szlov\u00e1k turist\u00e1k sz\u00e1m\u00e1ra. Az \u00faj id\u0151pontot k\u00f6vet\u0151en a szlov\u00e1k \u00e1llampolg\u00e1rok ak\u00e1r 45 napra is beutazhatnak nyaralni vagy csal\u00e1dl\u00e1togat\u00e1sra, adminisztrat\u00edv formas\u00e1gok n\u00e9lk\u00fcl. Ez jelent\u0151s egyszer\u0171s\u00edt\u00e9s, amelyet nemcsak a tapasztalt utaz\u00f3k fognak \u00e9rt\u00e9kelni, hanem azok is, akik el\u0151sz\u00f6r terveznek Vietnamba utazni. Tudja meg, hogy mik a beutaz\u00e1si k\u00f6vetelm\u00e9nyek, mire kell figyelnie, \u00e9s milyen esetekben lesz m\u00e9g sz\u00fcks\u00e9ge v\u00edzumra.\n\n<section>\n<h3>\u00daj szab\u00e1lyok a szlov\u00e1k \u00e1llampolg\u00e1rok sz\u00e1m\u00e1ra<\/h3>\nA  c\u00edmr\u0151l <strong>2025. augusztus 15.<\/strong> hat\u00e1lyba l\u00e9p a vietnami korm\u00e1ny hat\u00e1rozata, amely lehet\u0151v\u00e9 teszi, hogy a szlov\u00e1k \u00e1llampolg\u00e1rok turisztikai vagy l\u00e1togat\u00e1si c\u00e9llal v\u00edzum n\u00e9lk\u00fcl utazhassanak Vietnamba, felt\u00e9ve, hogy tart\u00f3zkod\u00e1suk nem haladja meg a k\u00f6vetkez\u0151 id\u0151tartamot <strong>45 nap<\/strong>. Az int\u00e9zked\u00e9s a k\u00f6vetkez\u0151 id\u0151pontig \u00e9rv\u00e9nyes <strong>augusztus 14. 2028<\/strong>\u00edgy az utaz\u00f3knak h\u00e1rom \u00e9v\u00fck van arra, hogy kihaszn\u00e1lj\u00e1k ezt a kedvezm\u00e9nyt.\n\nA v\u00edzummentes beutaz\u00e1s egyszer\u0171bb \u00e9s gyorsabb utaz\u00e1stervez\u00e9st jelent - nem kell k\u00e9relmeket kit\u00f6lteni, d\u00edjakat fizetni \u00e9s j\u00f3v\u00e1hagy\u00e1sra v\u00e1rni. A v\u00edzum n\u00e9lk\u00fcli utaz\u00e1s Vietnamba k\u00fcl\u00f6n\u00f6sen praktikus azok sz\u00e1m\u00e1ra, akik spont\u00e1n utaz\u00e1st terveznek, vagy akik rugalmasan szeretn\u00e9k megv\u00e1ltoztatni a nyaral\u00e1s id\u0151pontj\u00e1t.\n\n<\/section><section>\n<h3>A v\u00edzum n\u00e9lk\u00fcli bel\u00e9p\u00e9s felt\u00e9telei<\/h3>\nB\u00e1r a v\u00edzum n\u00e9lk\u00fcli utaz\u00e1s Vietnamba nagym\u00e9rt\u00e9kben leegyszer\u0171s\u00edti a felk\u00e9sz\u00fcl\u00e9si folyamatot, a beutaz\u00e1shoz teljes\u00edteni kell bizonyos k\u00f6vetelm\u00e9nyeket. Ezek a k\u00f6vetkez\u0151k:\n<ul>\n \t<li><strong>\u00c9rv\u00e9nyes \u00fatlev\u00e9l<\/strong> - legal\u00e1bb 6 h\u00f3nap a Vietn\u00e1mba val\u00f3 bel\u00e9p\u00e9st\u0151l sz\u00e1m\u00edtva<\/li>\n \t<li><strong>Legal\u00e1bb k\u00e9t szabad oldal<\/strong> az \u00fatlev\u00e9lben a be- \u00e9s kil\u00e9p\u00e9si b\u00e9lyegz\u0151kh\u00f6z<\/li>\n \t<li>Maradj maxim\u00e1lisan <strong>45 nap<\/strong> a bel\u00e9p\u00e9s napj\u00e1t\u00f3l<\/li>\n \t<li>Az utaz\u00e1s c\u00e9lja: <strong>Turizmus<\/strong> vagy <strong>csal\u00e1dtagok \u00e9s bar\u00e1tok megl\u00e1togat\u00e1sa<\/strong><\/li>\n<\/ul>\nA v\u00edzummentes beutaz\u00e1s nem vonatkozik a munkav\u00e1llal\u00e1sra, \u00fczleti, tanulm\u00e1nyi vagy egy\u00e9b hossz\u00fa t\u00e1v\u00fa tart\u00f3zkod\u00e1sra. Az enged\u00e9lyezett tart\u00f3zkod\u00e1si id\u0151 megszeg\u00e9se eset\u00e9n a vietnami hat\u00f3s\u00e1gok p\u00e9nzb\u00edrs\u00e1got szabhatnak ki, vagy bizonyos id\u0151re megtilthatj\u00e1k a beutaz\u00e1st az orsz\u00e1gba.\n\n<\/section><section>\n<h3>Dokumentumok \u00e9s aj\u00e1nl\u00e1sok az utaz\u00f3k sz\u00e1m\u00e1ra<\/h3>\nHa v\u00edzum n\u00e9lk\u00fcl utazik Vietnamba, \u00e9rv\u00e9nyes szem\u00e9lyazonos\u00edt\u00f3 okm\u00e1nyt kell mag\u00e1n\u00e1l tartania, amelyet b\u00e1rmikor ellen\u0151rizhetnek. Mi is aj\u00e1nljuk:\n<ul>\n \t<li>K\u00e9sz\u00edtsen egy <strong>az \u00fatlev\u00e9l f\u00e9nym\u00e1solata<\/strong> (szem\u00e9lyes adatokkal \u00e9s b\u00e9lyegz\u0151kkel ell\u00e1tott oldal), \u00e9s t\u00e1rolja az eredetit\u0151l elk\u00fcl\u00f6n\u00edtve.<\/li>\n \t<li>Ellen\u0151rizze az eg\u00e9szs\u00e9g\u00fcgyi aj\u00e1nl\u00e1sokat, p\u00e9ld\u00e1ul a hepatitis A \u00e9s B elleni olt\u00e1sokat vagy a t\u00edfusz elleni v\u00e9d\u0151olt\u00e1sokat.<\/li>\n \t<li>Tanulm\u00e1nyozza az alapvet\u0151 helyi szok\u00e1sokat - p\u00e9ld\u00e1ul a vall\u00e1si \u00e9s kultur\u00e1lis szab\u00e1lyok tiszteletben tart\u00e1s\u00e1t.<\/li>\n \t<li>Tartsa szemmel a biztons\u00e1gi helyzetet abban a r\u00e9gi\u00f3ban, ahov\u00e1 l\u00e1togat\u00e1st tervez.<\/li>\n<\/ul><br>\nAz ilyen int\u00e9zked\u00e9sek sokkal k\u00f6nnyebb\u00e9 tehetik az esetleges komplik\u00e1ci\u00f3k kezel\u00e9s\u00e9t, \u00e9s kellemesebb\u00e9 tehetik a tart\u00f3zkod\u00e1st.\n\n<\/section><section>\n<h3>K\u00fcl\u00f6nleges program Phu Quoc sziget\u00e9n<\/h3>\nA sziget <strong>Phu Quoc<\/strong> saj\u00e1t rendszere van - a turist\u00e1k v\u00edzum n\u00e9lk\u00fcl l\u00e9phetnek be ide a <strong>30 nap<\/strong>. A k\u00f6zvetlen rep\u00fcl\u0151j\u00e1rattal vagy Hanoi vagy Ho Si Minh-v\u00e1ros rep\u00fcl\u0151ter\u00e9n kereszt\u00fcl t\u00f6rt\u00e9n\u0151 \u00e9rkez\u00e9s el\u0151felt\u00e9tele. Ha azonban Phu Quocr\u00f3l Vietnam belsej\u00e9be tervez utazni, akkor \u00e9rv\u00e9nyes v\u00edzumra vagy e-v\u00edzumra lesz sz\u00fcks\u00e9ge. Ez k\u00e9nyelmes azoknak a nyaral\u00f3knak, akik a teljes id\u0151t a szigeten szeretn\u00e9k t\u00f6lteni, de \u00fcgyeljenek a tov\u00e1bbutaz\u00e1s felt\u00e9teleire. A v\u00edzum n\u00e9lk\u00fcli utaz\u00e1s Vietnamba csak akkor lehets\u00e9ges, ha kiz\u00e1r\u00f3lag a szigeten tart\u00f3zkodik.\n\n<\/section><section>\n<h3>Mi van, ha tov\u00e1bb szeretne maradni?<\/h3>\nA 45 napn\u00e1l hosszabb tart\u00f3zkod\u00e1shoz v\u00edzum sz\u00fcks\u00e9ges. A legegyszer\u0171bb lehet\u0151s\u00e9gek a k\u00f6vetkez\u0151k <strong>elektronikus v\u00edzum (e-v\u00edzum)<\/strong>amely a vietnami korm\u00e1ny hivatalos port\u00e1lj\u00e1n kereszt\u00fcl \u00e9rhet\u0151 el. Az e-v\u00edzumokat a k\u00f6vetkez\u0151k sz\u00e1m\u00e1ra \u00e1ll\u00edtj\u00e1k ki <strong>90 nap<\/strong> \u00e9s egy vagy t\u00f6bb p\u00e1ly\u00e1zatra is \u00e9rv\u00e9nyes lehet. A feldolgoz\u00e1s \u00e1ltal\u00e1ban legal\u00e1bb h\u00e1rom munkanapot vesz ig\u00e9nybe, de nagysz\u00e1m\u00fa k\u00e9relem eset\u00e9n hosszabb id\u0151t is ig\u00e9nybe vehet. Ez\u00e9rt javasoljuk, hogy j\u00f3 el\u0151re jelentkezzen, \u00e9s ellen\u0151rizze, hogy az \u00d6n bel\u00e9p\u00e9si helye egyike-e azon hat\u00e1r\u00e1tkel\u0151helyeknek, ahol elfogadj\u00e1k az e-v\u00edzumot. Ha azt tervezi, hogy a v\u00edzummentes vietnami utaz\u00e1st \u00f6sszekapcsolja egy k\u00e9s\u0151bbi hosszabb tart\u00f3zkod\u00e1ssal, indul\u00e1s el\u0151tt k\u00e9sz\u00edtse el v\u00edzumdokumentumait.\n\n<\/section><section>\n<h3>A legfontosabb inform\u00e1ci\u00f3k \u00e1ttekint\u00e9se<\/h3>\n<ul>\n \t<li><strong>15. 8. 2025 - 14. 8. 2028<\/strong>: v\u00edzummentes utaz\u00e1s a szlov\u00e1k \u00e1llampolg\u00e1rok sz\u00e1m\u00e1ra<\/li>\n \t<li>Maradj max. <strong>45 nap<\/strong><\/li>\n \t<li>\u00c9rv\u00e9nyes \u00fatlev\u00e9l <strong>6 h\u00f3nap<\/strong> bel\u00e9p\u0151 + 2 ingyenes oldal<\/li>\n \t<li>Csak t\u00far\u00e1z\u00e1s \u00e9s l\u00e1togat\u00e1s<\/li>\n \t<li>Mindig tartsa mag\u00e1n\u00e1l szem\u00e9lyi igazolv\u00e1ny\u00e1t<\/li>\n<\/ul>\n<div><\/div><br>\nA Szlov\u00e1k K\u00f6zt\u00e1rsas\u00e1g K\u00fcl\u00fcgyminiszt\u00e9riuma azt aj\u00e1nlja, hogy az utaz\u00f3k k\u00fclf\u00f6ldi utaz\u00e1s el\u0151tt vegy\u00e9k ig\u00e9nybe az \u00f6nk\u00e9ntes regisztr\u00e1ci\u00f3s szolg\u00e1ltat\u00e1st, amely a k\u00f6vetkez\u0151 c\u00edmen \u00e9rhet\u0151 el <a href=\"https:\/\/www.mzv.sk\/web\/sk\/sluzby\/ak-cestujete-do-zahranicia\/registracia-pred-cestou-do-zahranicia\" target=\"_blank\" rel=\"noopener\"><u>a miniszt\u00e9rium hivatalos honlapja<\/u><\/a> vagy a <a href=\"https:\/\/www.mzv.sk\/sluzby\/mobilna-aplikacia-svetobezka\" target=\"_blank\" rel=\"noopener\"><u>mobil alkalmaz\u00e1s Svetobez\u017eka<\/u><\/a>. A regisztr\u00e1ci\u00f3 seg\u00edt az utaz\u00f3kkal val\u00f3 kapcsolatfelv\u00e9telben v\u00e9szhelyzet eset\u00e9n, \u00e9s n\u00f6veli a biztons\u00e1got k\u00fclf\u00f6ld\u00f6n.<br><br>\nA Vietn\u00e1mba t\u00f6rt\u00e9n\u0151 v\u00edzummentes beutaz\u00e1sr\u00f3l \u00e9s a beutaz\u00e1si felt\u00e9telekr\u0151l a Szlov\u00e1k K\u00f6zt\u00e1rsas\u00e1g K\u00fcl\u00fcgyi \u00e9s Eur\u00f3pai \u00dcgyek Miniszt\u00e9rium\u00e1nak honlapj\u00e1n tal\u00e1lhat\u00f3k naprak\u00e9sz inform\u00e1ci\u00f3k. <a style=\"background-color: #ffffff;\" href=\"https:\/\/www.mzv.sk\/sk\/web\/hanoj\/cestovanie\/podmienky-vstupu\" target=\"_blank\" rel=\"noopener\"><b>ezen a linken.<\/b><\/a>\n\n<\/section>\t\t\t\t\t\t<\/div>\n\t\t\t\t<\/div>\n\t\t\t\t\t<\/div>\n\t\t<\/div>\n\t\t\t\t\t<\/div>\n\t\t<\/section>\n\t\t\t\t<section class=\"elementor-section elementor-top-section elementor-element elementor-element-8dbb598 elementor-section-boxed elementor-section-height-default elementor-section-height-default\" data-id=\"8dbb598\" data-element_type=\"section\">\n\t\t\t\t\t\t<div class=\"elementor-container elementor-column-gap-default\">\n\t\t\t\t\t<div class=\"elementor-column elementor-col-100 elementor-top-column elementor-element elementor-element-19044d5\" data-id=\"19044d5\" data-element_type=\"column\">\n\t\t\t<div class=\"elementor-widget-wrap elementor-element-populated\">\n\t\t\t\t\t\t<section class=\"elementor-section elementor-inner-section elementor-element elementor-element-c06e04a elementor-section-boxed elementor-section-height-default elementor-section-height-default\" data-id=\"c06e04a\" data-element_type=\"section\" data-settings=\"{&quot;background_background&quot;:&quot;classic&quot;}\">\n\t\t\t\t\t\t\t<div class=\"elementor-background-overlay\"><\/div>\n\t\t\t\t\t\t\t<div class=\"elementor-container elementor-column-gap-default\">\n\t\t\t\t\t<div class=\"elementor-column elementor-col-50 elementor-inner-column elementor-element elementor-element-ade762e\" data-id=\"ade762e\" data-element_type=\"column\">\n\t\t\t<div class=\"elementor-widget-wrap elementor-element-populated\">\n\t\t\t\t\t\t<div class=\"elementor-element elementor-element-21ba0a9 elementor-widget__width-initial elementor-widget elementor-widget-jkit_heading\" data-id=\"21ba0a9\" data-element_type=\"widget\" data-widget_type=\"jkit_heading.default\">\n\t\t\t\t<div class=\"elementor-widget-container\">\n\t\t\t<div  class=\"jeg-elementor-kit jkit-heading  align-left align-tablet- align-mobile- jeg_module___69ef1fb54d642\" ><div class=\"heading-section-title  display-inline-block\"><p class=\"heading-title\">K\u00e9rjen seg\u00edts\u00e9get szakembert\u0151l.<span class=\"style-color\"><span>L\u00e9pjen kapcsolatba vel\u00fcnk.<\/span><\/span><\/p><\/div><div class=\"heading-section-description\"><p>Adja k\u00e9relm\u00e9t tapasztalt szakemberek kez\u00e9be, \u00e9s mi gondoskodunk az ideiglenes tart\u00f3zkod\u00e1si enged\u00e9ly megszerz\u00e9s\u00e9nek vagy meg\u00faj\u00edt\u00e1s\u00e1nak z\u00f6kken\u0151mentes folyamat\u00e1r\u00f3l.<\/p><\/div><\/div>\t\t<\/div>\n\t\t\t\t<\/div>\n\t\t\t\t\t<\/div>\n\t\t<\/div>\n\t\t\t\t<div class=\"elementor-column elementor-col-50 elementor-inner-column elementor-element elementor-element-2efc274\" data-id=\"2efc274\" data-element_type=\"column\">\n\t\t\t<div class=\"elementor-widget-wrap elementor-element-populated\">\n\t\t\t\t\t\t<div class=\"elementor-element elementor-element-62e3a0d elementor-widget__width-auto elementor-widget elementor-widget-jkit_button\" data-id=\"62e3a0d\" data-element_type=\"widget\" data-widget_type=\"jkit_button.default\">\n\t\t\t\t<div class=\"elementor-widget-container\">\n\t\t\t<div  class=\"jeg-elementor-kit jkit-button  icon-position-after jeg_module__1_69ef1fb54fb68\" ><a href=\"https:\/\/vizum.sk\/hu\/erintkezes\/\" class=\"jkit-button-wrapper\">kapcsolatfelv\u00e9tel<i aria-hidden=\"true\" class=\"jki jki-right-arrow2-light\"><\/i><\/a><\/div>\t\t<\/div>\n\t\t\t\t<\/div>\n\t\t\t\t\t<\/div>\n\t\t<\/div>\n\t\t\t\t\t<\/div>\n\t\t<\/section>\n\t\t\t\t\t<\/div>\n\t\t<\/div>\n\t\t\t\t\t<\/div>\n\t\t<\/section>\n\t\t\t\t<\/div>","protected":false},"excerpt":{"rendered":"<p>V\u00edzummentes utaz\u00e1s Vietnamba 2025. augusztus 15-t\u0151l A v\u00edzummentes utaz\u00e1s Vietnamba 2025 augusztus\u00e1t\u00f3l v\u00e1lik val\u00f3s\u00e1gg\u00e1 a szlov\u00e1k turist\u00e1k sz\u00e1m\u00e1ra. Az \u00faj d\u00e1tumot k\u00f6vet\u0151en a szlov\u00e1k \u00e1llampolg\u00e1rok ak\u00e1r 45 napra is beutazhatnak nyaralni vagy csal\u00e1dl\u00e1togat\u00e1sra, adminisztrat\u00edv formas\u00e1gok n\u00e9lk\u00fcl. Ez jelent\u0151s egyszer\u0171s\u00edt\u00e9s, amelyet nemcsak a tapasztalt [...]<\/p>","protected":false},"author":1,"featured_media":14176,"comment_status":"open","ping_status":"open","sticky":false,"template":"","format":"standard","meta":{"footnotes":"","iawp_total_views":328},"categories":[63],"tags":[],"acf":[],"_links":{"self":[{"href":"https:\/\/vizum.sk\/hu\/wp-json\/wp\/v2\/posts\/14199"}],"collection":[{"href":"https:\/\/vizum.sk\/hu\/wp-json\/wp\/v2\/posts"}],"about":[{"href":"https:\/\/vizum.sk\/hu\/wp-json\/wp\/v2\/types\/post"}],"author":[{"embeddable":true,"href":"https:\/\/vizum.sk\/hu\/wp-json\/wp\/v2\/users\/1"}],"replies":[{"embeddable":true,"href":"https:\/\/vizum.sk\/hu\/wp-json\/wp\/v2\/comments?post=14199"}],"version-history":[{"count":23,"href":"https:\/\/vizum.sk\/hu\/wp-json\/wp\/v2\/posts\/14199\/revisions"}],"predecessor-version":[{"id":14241,"href":"https:\/\/vizum.sk\/hu\/wp-json\/wp\/v2\/posts\/14199\/revisions\/14241"}],"wp:featuredmedia":[{"embeddable":true,"href":"https:\/\/vizum.sk\/hu\/wp-json\/wp\/v2\/media\/14176"}],"wp:attachment":[{"href":"https:\/\/vizum.sk\/hu\/wp-json\/wp\/v2\/media?parent=14199"}],"wp:term":[{"taxonomy":"category","embeddable":true,"href":"https:\/\/vizum.sk\/hu\/wp-json\/wp\/v2\/categories?post=14199"},{"taxonomy":"post_tag","embeddable":true,"href":"https:\/\/vizum.sk\/hu\/wp-json\/wp\/v2\/tags?post=14199"}],"curies":[{"name":"wp","href":"https:\/\/api.w.org\/{rel}","templated":true}]}}