{"id":14235,"date":"2025-08-15T19:28:49","date_gmt":"2025-08-15T17:28:49","guid":{"rendered":"https:\/\/vizum.sk\/?p=14235"},"modified":"2025-08-15T19:36:20","modified_gmt":"2025-08-15T17:36:20","slug":"aktivacia-bok-kodu-uz-aj-na-oddeleniach-dokladov","status":"publish","type":"post","link":"https:\/\/vizum.sk\/hu\/az-oldalso-kod-aktivalasa-mostantol-a-dokumentumosztalyokon-is\/","title":{"rendered":"A BOK k\u00f3d aktiv\u00e1l\u00e1sa mostant\u00f3l a dokumentumoszt\u00e1lyokon is"},"content":{"rendered":"<div data-elementor-type=\"wp-post\" data-elementor-id=\"14235\" class=\"elementor elementor-14235\">\n\t\t\t\t\t\t<section class=\"elementor-section elementor-top-section elementor-element elementor-element-9ea3724 elementor-section-boxed elementor-section-height-default elementor-section-height-default\" data-id=\"9ea3724\" data-element_type=\"section\">\n\t\t\t\t\t\t<div class=\"elementor-container elementor-column-gap-default\">\n\t\t\t\t\t<div class=\"elementor-column elementor-col-100 elementor-top-column elementor-element elementor-element-2742389\" data-id=\"2742389\" data-element_type=\"column\">\n\t\t\t<div class=\"elementor-widget-wrap elementor-element-populated\">\n\t\t\t\t\t\t<div class=\"elementor-element elementor-element-23299f9 elementor-widget elementor-widget-text-editor\" data-id=\"23299f9\" data-element_type=\"widget\" data-widget_type=\"text-editor.default\">\n\t\t\t\t<div class=\"elementor-widget-container\">\n\t\t\t\t\t\t\t<h2>A BOK k\u00f3d aktiv\u00e1l\u00e1sa mostant\u00f3l a dokumentumoszt\u00e1lyokon is<\/h2><p><b>Kedves \u00dcgyfeleink! <\/b>A Szlov\u00e1k K\u00f6zt\u00e1rsas\u00e1g Bel\u00fcgyminiszt\u00e9riuma t\u00e1j\u00e9koztat, hogy 2025.08.14-t\u0151l a k\u00fclf\u00f6ldiek, akiknek aktiv\u00e1lniuk kell <strong>szem\u00e9lyes biztons\u00e1gi k\u00f3d (BOK)<\/strong> a tart\u00f3zkod\u00e1si okm\u00e1nyukban, t\u00f6bb\u00e9 nem kell kiz\u00e1r\u00f3lag a bev\u00e1ndorl\u00e1si rend\u0151rkapit\u00e1nys\u00e1gokon foglalkozniuk ezzel a szolg\u00e1ltat\u00e1ssal.<\/p><p>A szolg\u00e1ltat\u00e1s ir\u00e1nti megn\u00f6vekedett \u00e9rdekl\u0151d\u00e9s miatt, amely hosszabb v\u00e1rakoz\u00e1si id\u0151t okoz az idegenrend\u00e9szet munkahelyein, mostant\u00f3l Szlov\u00e1kia m\u00e1s helysz\u00ednein is lehet k\u00e9rv\u00e9nyezni a BOK-k\u00f3d aktiv\u00e1l\u00e1s\u00e1t.<\/p><h3>Hol aktiv\u00e1lhatja a BOK-k\u00f3dot<\/h3><p>A tart\u00f3zkod\u00e1si enged\u00e9llyel rendelkez\u0151k a k\u00f6vetkez\u0151 c\u00edmen k\u00e9rhetik az aktiv\u00e1l\u00e1st:<\/p><ul><li><strong>Dokumentumoszt\u00e1lyok<\/strong> a Szlov\u00e1k Rend\u0151rs\u00e9g ker\u00fcleti parancsnoks\u00e1g\u00e1n<\/li><li><strong>\u00dcgyf\u00e9lk\u00f6zpontok<\/strong> j\u00e1r\u00e1si hivatalok az eg\u00e9sz Szlov\u00e1k K\u00f6zt\u00e1rsas\u00e1gban<\/li><\/ul><p>Ez a lehet\u0151s\u00e9g az okm\u00e1ny ki\u00e1ll\u00edt\u00e1s\u00e1nak hely\u00e9t\u0151l f\u00fcggetlen\u00fcl el\u00e9rhet\u0151, ami jelent\u0151sen leegyszer\u0171s\u00edti a folyamatot az idegenrend\u00e9szet illet\u00e9kes oszt\u00e1ly\u00e1nak sz\u00e9khely\u00e9n k\u00edv\u00fcl lak\u00f3hellyel rendelkez\u0151 k\u00fclf\u00f6ldiek sz\u00e1m\u00e1ra.<\/p><h3>Mi a BOK k\u00f3dja<\/h3><p>A BOK-k\u00f3d a k\u00f6vetkez\u0151 <strong>6 sz\u00e1mjegy\u0171 szem\u00e9lyes biztons\u00e1gi k\u00f3d<\/strong>, amely lehet\u0151v\u00e9 teszi az \u00e1llam elektronikus szolg\u00e1ltat\u00e1sainak teljes k\u00f6r\u0171 haszn\u00e1lat\u00e1t a port\u00e1lon kereszt\u00fcl. <strong>slovensko.sk<\/strong>. Sz\u00fcks\u00e9g van r\u00e1 p\u00e9ld\u00e1ul a k\u00f6vetkez\u0151kh\u00f6z:<\/p><ul><li>A tart\u00f3zkod\u00e1si enged\u00e9ly meg\u00faj\u00edt\u00e1s\u00e1nak vagy megv\u00e1ltoztat\u00e1s\u00e1nak elektronikus \u00faton t\u00f6rt\u00e9n\u0151 k\u00e9relmez\u00e9se<\/li><li>Uni\u00f3s \u00e1llampolg\u00e1rk\u00e9nt t\u00f6rt\u00e9n\u0151 regisztr\u00e1ci\u00f3<\/li><li>Fellebbez\u00e9s beny\u00fajt\u00e1sa vagy k\u00e9relem kieg\u00e9sz\u00edt\u00e9se k\u00f6zigazgat\u00e1si elj\u00e1r\u00e1sban<\/li><li>Elektronikus kommunik\u00e1ci\u00f3 a hat\u00f3s\u00e1gokkal szem\u00e9lyes l\u00e1togat\u00e1s n\u00e9lk\u00fcl<\/li><\/ul><h3>Elektronikus al\u00e1\u00edr\u00e1s \u00e9s tan\u00fas\u00edtv\u00e1nyok (KEP)<\/h3><p>Egyes e-szolg\u00e1ltat\u00e1sok megk\u00f6vetelik <strong>Min\u0151s\u00edtett elektronikus al\u00e1\u00edr\u00e1s (QES)<\/strong>. Ennek l\u00e9trehoz\u00e1s\u00e1hoz az aktiv\u00e1lt tart\u00f3zkod\u00e1si enged\u00e9ly birtokos\u00e1nak a k\u00f6vetkez\u0151kre van sz\u00fcks\u00e9ge:<\/p><ol><li><strong>Internet-hozz\u00e1f\u00e9r\u00e9s<\/strong><\/li><li><strong>eID alkalmaz\u00e1s<\/strong> telep\u00edtve a sz\u00e1m\u00edt\u00f3g\u00e9p\u00e9re<\/li><li>Kiadta <strong>elektronikus al\u00e1\u00edr\u00e1sra vonatkoz\u00f3 tan\u00fas\u00edtv\u00e1nyok<\/strong><\/li><\/ol><p>Ezeket a tan\u00fas\u00edtv\u00e1nyokat az aktiv\u00e1lt BOK-k\u00f3d birtokosa v\u00e1lthatja be. <strong>Online<\/strong> - az eg\u00e9sz folyamatot r\u00e9szletesen le\u00edrja a Szlov\u00e1k K\u00f6zt\u00e1rsas\u00e1g Bel\u00fcgyminiszt\u00e9rium\u00e1nak hivatalos k\u00e9zik\u00f6nyve: <a href=\"https:\/\/eidas.minv.sk\/download\/files\/windows\/Prirucka_Certifikaty.pdf\" target=\"_blank\" rel=\"noopener\">\u00datmutat\u00f3 a tan\u00fas\u00edtv\u00e1nyok ki\u00e1ll\u00edt\u00e1s\u00e1hoz (PDF)<\/a>.<\/p><h3>Aj\u00e1nl\u00e1s k\u00fclf\u00f6ldieknek<\/h3><p>A Szlov\u00e1k K\u00f6zt\u00e1rsas\u00e1g Bel\u00fcgyminiszt\u00e9riuma azt aj\u00e1nlja, hogy az aktiv\u00e1lt BOK-k\u00f3ddal rendelkez\u0151 k\u00fclf\u00f6ldiek teljes m\u00e9rt\u00e9kben haszn\u00e1lj\u00e1k ki az \u00e1llam rendelkez\u00e9sre \u00e1ll\u00f3 elektronikus szolg\u00e1ltat\u00e1sait. \u00cdgy lehet\u0151v\u00e9 v\u00e1lik sz\u00e1mukra:<\/p><ul><li>Id\u0151t takar\u00edthat meg \u00e9s elker\u00fclheti a v\u00e1rakoz\u00e1st a hivatalokban<\/li><li>Cs\u00f6kkenti az illet\u00e9kes hat\u00f3s\u00e1ghoz val\u00f3 utaz\u00e1s k\u00f6lts\u00e9geit.<\/li><li>Gyorsabb visszajelz\u00e9s a hat\u00f3s\u00e1gokt\u00f3l<\/li><\/ul><div>\u00a0<\/div><p>\u00a0Ha nem tudja, hol van a legk\u00f6zelebbi BOK k\u00f3daktiv\u00e1l\u00f3 iroda, vagy seg\u00edts\u00e9gre van sz\u00fcks\u00e9ge az elektronikus szolg\u00e1ltat\u00e1sok be\u00e1ll\u00edt\u00e1s\u00e1hoz, forduljon a migr\u00e1ci\u00f3s \u00e9s tart\u00f3zkod\u00e1si szolg\u00e1ltat\u00e1sok szak\u00e9rt\u0151ihez. Tan\u00e1csot adunk \u00d6nnek, elk\u00e9sz\u00edtj\u00fck a sz\u00fcks\u00e9ges dokumentumokat, \u00e9s id\u0151t takar\u00edtunk meg \u00d6nnek a hat\u00f3s\u00e1gokkal val\u00f3 kommunik\u00e1ci\u00f3 sor\u00e1n.<\/p><p>A tan\u00fas\u00edtv\u00e1nyok ki\u00e1ll\u00edt\u00e1s\u00e1hoz sz\u00fcks\u00e9ges inform\u00e1ci\u00f3k ebben az e-\u00fatmutat\u00f3ban tal\u00e1lhat\u00f3k.\u00a0<a style=\"background-color: #ffffff;\" href=\"https:\/\/eidas.minv.sk\/download\/files\/windows\/Prirucka_Certifikaty.pdf\" target=\"_blank\" rel=\"noopener\"><u>let\u00f6lt\u00e9s<\/u>.\u00a0<\/a><\/p><p>A dokumentumr\u00e9szlegek, ahol az aktiv\u00e1l\u00e1st elv\u00e9gezheti, a k\u00f6vetkez\u0151 helyen tal\u00e1lhat\u00f3k meg\u00a0<a href=\"https:\/\/www.minv.sk\/?strankove-dni-a-hodiny-na-pracoviskach\" target=\"_blank\" rel=\"noopener\"><u>ezen a linken<\/u><\/a>.<\/p>\t\t\t\t\t\t<\/div>\n\t\t\t\t<\/div>\n\t\t\t\t\t<\/div>\n\t\t<\/div>\n\t\t\t\t\t<\/div>\n\t\t<\/section>\n\t\t\t\t<section class=\"elementor-section elementor-top-section elementor-element elementor-element-d772fcb elementor-section-boxed elementor-section-height-default elementor-section-height-default\" data-id=\"d772fcb\" data-element_type=\"section\">\n\t\t\t\t\t\t<div class=\"elementor-container elementor-column-gap-default\">\n\t\t\t\t\t<div class=\"elementor-column elementor-col-100 elementor-top-column elementor-element elementor-element-e9ed0d2\" data-id=\"e9ed0d2\" data-element_type=\"column\">\n\t\t\t<div class=\"elementor-widget-wrap elementor-element-populated\">\n\t\t\t\t\t\t<section class=\"elementor-section elementor-inner-section elementor-element elementor-element-d9969fc elementor-section-boxed elementor-section-height-default elementor-section-height-default\" data-id=\"d9969fc\" data-element_type=\"section\" data-settings=\"{&quot;background_background&quot;:&quot;classic&quot;}\">\n\t\t\t\t\t\t\t<div class=\"elementor-background-overlay\"><\/div>\n\t\t\t\t\t\t\t<div class=\"elementor-container elementor-column-gap-default\">\n\t\t\t\t\t<div class=\"elementor-column elementor-col-50 elementor-inner-column elementor-element elementor-element-71f6208\" data-id=\"71f6208\" data-element_type=\"column\">\n\t\t\t<div class=\"elementor-widget-wrap elementor-element-populated\">\n\t\t\t\t\t\t<div class=\"elementor-element elementor-element-94bfac7 elementor-widget__width-initial elementor-widget elementor-widget-jkit_heading\" data-id=\"94bfac7\" data-element_type=\"widget\" data-widget_type=\"jkit_heading.default\">\n\t\t\t\t<div class=\"elementor-widget-container\">\n\t\t\t<div  class=\"jeg-elementor-kit jkit-heading  align-left align-tablet- align-mobile- jeg_module___69ef1fd53c7bb\" ><div class=\"heading-section-title  display-inline-block\"><p class=\"heading-title\">K\u00e9rjen seg\u00edts\u00e9get szakembert\u0151l.<span class=\"style-color\"><span>L\u00e9pjen kapcsolatba vel\u00fcnk.<\/span><\/span><\/p><\/div><div class=\"heading-section-description\"><p>Adja k\u00e9relm\u00e9t tapasztalt szakemberek kez\u00e9be, \u00e9s mi gondoskodunk az ideiglenes tart\u00f3zkod\u00e1si enged\u00e9ly megszerz\u00e9s\u00e9nek vagy meg\u00faj\u00edt\u00e1s\u00e1nak z\u00f6kken\u0151mentes folyamat\u00e1r\u00f3l.<\/p><\/div><\/div>\t\t<\/div>\n\t\t\t\t<\/div>\n\t\t\t\t\t<\/div>\n\t\t<\/div>\n\t\t\t\t<div class=\"elementor-column elementor-col-50 elementor-inner-column elementor-element elementor-element-cec2f85\" data-id=\"cec2f85\" data-element_type=\"column\">\n\t\t\t<div class=\"elementor-widget-wrap elementor-element-populated\">\n\t\t\t\t\t\t<div class=\"elementor-element elementor-element-a025eff elementor-widget__width-auto elementor-widget elementor-widget-jkit_button\" data-id=\"a025eff\" data-element_type=\"widget\" data-widget_type=\"jkit_button.default\">\n\t\t\t\t<div class=\"elementor-widget-container\">\n\t\t\t<div  class=\"jeg-elementor-kit jkit-button  icon-position-after jeg_module__1_69ef1fd53dfe7\" ><a href=\"https:\/\/vizum.sk\/hu\/erintkezes\/\" class=\"jkit-button-wrapper\">kapcsolatfelv\u00e9tel<i aria-hidden=\"true\" class=\"jki jki-right-arrow2-light\"><\/i><\/a><\/div>\t\t<\/div>\n\t\t\t\t<\/div>\n\t\t\t\t\t<\/div>\n\t\t<\/div>\n\t\t\t\t\t<\/div>\n\t\t<\/section>\n\t\t\t\t\t<\/div>\n\t\t<\/div>\n\t\t\t\t\t<\/div>\n\t\t<\/section>\n\t\t\t\t<\/div>","protected":false},"excerpt":{"rendered":"<p>A BOK k\u00f3d aktiv\u00e1l\u00e1sa az okm\u00e1nyirod\u00e1kban is Kedves \u00dcgyfeleink, A Szlov\u00e1k K\u00f6zt\u00e1rsas\u00e1g Bel\u00fcgyminiszt\u00e9riuma t\u00e1j\u00e9koztatja \u00d6n\u00f6ket, hogy 2025.08.14-t\u0151l a k\u00fclf\u00f6ldieknek, akiknek a tart\u00f3zkod\u00e1si okm\u00e1nyukban a szem\u00e9lyi biztons\u00e1gi k\u00f3dot (BOK) aktiv\u00e1lniuk kell, m\u00e1r nem kiz\u00e1r\u00f3lag az idegenrend\u00e9szeti oszt\u00e1lyokon kell ig\u00e9nybe venni\u00fck ezt a szolg\u00e1ltat\u00e1st. A szolg\u00e1ltat\u00e1s ir\u00e1nti megn\u00f6vekedett \u00e9rdekl\u0151d\u00e9s miatt, amely hosszabb v\u00e1rakoz\u00e1si id\u0151t okoz [...]<\/p>","protected":false},"author":1,"featured_media":14242,"comment_status":"open","ping_status":"open","sticky":false,"template":"","format":"standard","meta":{"footnotes":"","iawp_total_views":3032},"categories":[70],"tags":[],"acf":[],"_links":{"self":[{"href":"https:\/\/vizum.sk\/hu\/wp-json\/wp\/v2\/posts\/14235"}],"collection":[{"href":"https:\/\/vizum.sk\/hu\/wp-json\/wp\/v2\/posts"}],"about":[{"href":"https:\/\/vizum.sk\/hu\/wp-json\/wp\/v2\/types\/post"}],"author":[{"embeddable":true,"href":"https:\/\/vizum.sk\/hu\/wp-json\/wp\/v2\/users\/1"}],"replies":[{"embeddable":true,"href":"https:\/\/vizum.sk\/hu\/wp-json\/wp\/v2\/comments?post=14235"}],"version-history":[{"count":5,"href":"https:\/\/vizum.sk\/hu\/wp-json\/wp\/v2\/posts\/14235\/revisions"}],"predecessor-version":[{"id":14243,"href":"https:\/\/vizum.sk\/hu\/wp-json\/wp\/v2\/posts\/14235\/revisions\/14243"}],"wp:featuredmedia":[{"embeddable":true,"href":"https:\/\/vizum.sk\/hu\/wp-json\/wp\/v2\/media\/14242"}],"wp:attachment":[{"href":"https:\/\/vizum.sk\/hu\/wp-json\/wp\/v2\/media?parent=14235"}],"wp:term":[{"taxonomy":"category","embeddable":true,"href":"https:\/\/vizum.sk\/hu\/wp-json\/wp\/v2\/categories?post=14235"},{"taxonomy":"post_tag","embeddable":true,"href":"https:\/\/vizum.sk\/hu\/wp-json\/wp\/v2\/tags?post=14235"}],"curies":[{"name":"wp","href":"https:\/\/api.w.org\/{rel}","templated":true}]}}