{"id":14417,"date":"2025-11-27T10:49:31","date_gmt":"2025-11-27T09:49:31","guid":{"rendered":"https:\/\/vizum.sk\/?p=14417"},"modified":"2025-11-27T13:37:29","modified_gmt":"2025-11-27T12:37:29","slug":"cudzinecka-policia-planuje-zvysit-kapcity","status":"publish","type":"post","link":"https:\/\/vizum.sk\/hu\/az-idegenrendeszet-kapacitasbovitest-tervez\/","title":{"rendered":"A k\u00fclf\u00f6ldi rend\u0151rs\u00e9g kapacit\u00e1sb\u0151v\u00edt\u00e9st tervez"},"content":{"rendered":"<div data-elementor-type=\"wp-post\" data-elementor-id=\"14417\" class=\"elementor elementor-14417\">\n\t\t\t\t\t\t<section class=\"elementor-section elementor-top-section elementor-element elementor-element-90ecb45 elementor-section-boxed elementor-section-height-default elementor-section-height-default\" data-id=\"90ecb45\" data-element_type=\"section\">\n\t\t\t\t\t\t<div class=\"elementor-container elementor-column-gap-default\">\n\t\t\t\t\t<div class=\"elementor-column elementor-col-100 elementor-top-column elementor-element elementor-element-75b750f\" data-id=\"75b750f\" data-element_type=\"column\">\n\t\t\t<div class=\"elementor-widget-wrap elementor-element-populated\">\n\t\t\t\t\t\t<div class=\"elementor-element elementor-element-6e6adba elementor-widget elementor-widget-text-editor\" data-id=\"6e6adba\" data-element_type=\"widget\" data-widget_type=\"text-editor.default\">\n\t\t\t\t<div class=\"elementor-widget-container\">\n\t\t\t\t\t\t\t<p data-start=\"370\" data-end=\"854\">A Szlov\u00e1k K\u00f6zt\u00e1rsas\u00e1g Bel\u00fcgyminiszt\u00e9riuma olyan javaslatot tett k\u00f6zz\u00e9, amely alapvet\u0151en befoly\u00e1solhatja a szlov\u00e1kiai idegenrend\u00e9szet m\u0171k\u00f6d\u00e9s\u00e9t. Mat\u00fa\u0161 \u0160utaj E\u0161tok bel\u00fcgyminiszter szerd\u00e1n, 2025. november 12-\u00e9n terjesztette a korm\u00e1ny el\u00e9 azt az anyagot, amely a k\u00fcl\u00fcgyi rend\u0151rs\u00e9g hossz\u00fa t\u00e1v\u00fa t\u00falterhelts\u00e9g\u00e9re \u00e9s a Szlov\u00e1ki\u00e1ban \u00e9l\u0151 k\u00fclf\u00f6ldiek n\u00f6vekv\u0151 sz\u00e1m\u00e1ra reag\u00e1l. A miniszt\u00e9rium szerint a jelenlegi szem\u00e9lyzeti kapacit\u00e1sok nem elegend\u0151ek, \u00e9s nem el\u00e9g\u00edtik ki a nagyszab\u00e1s\u00fa tart\u00f3zkod\u00e1si napirend ig\u00e9nyeit, amely minden eddigin\u00e9l gyorsabban n\u00f6vekszik. Az idegenrend\u00e9szet a szem\u00e9lyzeti kapacit\u00e1s \u00e9s az oldal\u00f3r\u00e1k n\u00f6vel\u00e9s\u00e9t tervezi.<\/p>\n<p data-start=\"370\" data-end=\"854\">\u00dcgyn\u00f6ks\u00e9g\u00fcnk m\u00e1r r\u00e9g\u00f3ta figyelmeztetett az ukrajnai h\u00e1bor\u00faval kapcsolatos rendk\u00edv\u00fcli helyzet felold\u00e1sa eset\u00e9n v\u00e1rhat\u00f3 bonyodalmakra, mivel t\u00f6bb sz\u00e1z k\u00fclf\u00f6ldi - k\u00fcl\u00f6n\u00f6sen az \u00fczleti c\u00e9l\u00fa tart\u00f3zkod\u00e1si enged\u00e9llyel rendelkez\u0151k - t\u00f6bb mint h\u00e1rom \u00e9ve nem \u00faj\u00edtotta meg tart\u00f3zkod\u00e1s\u00e1t, ami id\u0151szer\u0171 \u00e9s elker\u00fclhetetlen probl\u00e9m\u00e1t jelent, amellyel az idegenrend\u00e9szetnek halad\u00e9ktalanul foglalkoznia kell.<\/p>\n<h4><strong data-start=\"859\" data-end=\"914\">A k\u00fclf\u00f6ldiek sz\u00e1m\u00e1nak dinamikus n\u00f6veked\u00e9se Szlov\u00e1ki\u00e1ban<\/strong><\/h4>\n<p data-start=\"916\" data-end=\"1301\">2024 v\u00e9g\u00e9ig \u00e9rv\u00e9nyes szlov\u00e1kiai lak\u00f3hellyel rendelkeztek. <strong data-start=\"966\" data-end=\"987\">337 140 k\u00fclf\u00f6ldi<\/strong>. Ez az eddigi legmagasabb sz\u00e1m. T\u00edz \u00e9vvel kor\u00e1bban, 2014-ben ez az adat m\u00e9g csak <strong data-start=\"1067\" data-end=\"1082\">84 787 f\u0151<\/strong>. Az egy \u00e9vtized alatt, \u00edgy m\u00e1r majdnem <strong data-start=\"1128\" data-end=\"1155\">300%-os n\u00f6veked\u00e9s<\/strong>. Ez a tendencia egy\u00e9rtelm\u0171en bizony\u00edtja, hogy Szlov\u00e1kia egyre fontosabb orsz\u00e1gg\u00e1 v\u00e1lik a vil\u00e1g k\u00fcl\u00f6nb\u00f6z\u0151 r\u00e9szeir\u0151l \u00e9rkez\u0151 munkav\u00e1llal\u00f3k, befektet\u0151k, di\u00e1kok \u00e9s csal\u00e1dok sz\u00e1m\u00e1ra.<\/p>\n<p data-start=\"1303\" data-end=\"1600\">M\u00e9g enn\u00e9l is jelent\u0151sebb n\u00f6veked\u00e9st regisztr\u00e1lt a f\u0151oszt\u00e1ly a tart\u00f3zkod\u00e1si enged\u00e9ly ir\u00e1nti k\u00e9relmek sz\u00e1m\u00e1ban, amely el\u00e9rte az <strong data-start=\"1392\" data-end=\"1401\">320 %<\/strong>. Ez azt jelenti, hogy az idegenrend\u00e9szet a gyakorlatban rendk\u00edv\u00fcl sok elj\u00e1r\u00e1st folytat le, amelyek k\u00f6z\u00fcl sok id\u0151ig\u00e9nyes, adminisztrat\u00edv szempontb\u00f3l bonyolult \u00e9s folyamatos jogszab\u00e1lyi v\u00e1ltoz\u00e1sokkal j\u00e1r.<\/p>\n<h4><strong data-start=\"1605\" data-end=\"1674\">Az ukrajnai h\u00e1bor\u00fa jelent\u0151sen befoly\u00e1solta a k\u00fcl\u00fcgyi rend\u0151rs\u00e9g kapacit\u00e1s\u00e1t<\/strong><\/h4>\n<p data-start=\"1676\" data-end=\"1985\">Az idegenrend\u00e9szet munkaterhel\u00e9s\u00e9nek \u00f3ri\u00e1si m\u00e9rt\u00e9k\u0171 n\u00f6veked\u00e9s\u00e9hez hozz\u00e1j\u00e1rul\u00f3 egyik legfontosabb t\u00e9nyez\u0151 a k\u00f6vetkez\u0151 <strong data-start=\"1781\" data-end=\"1802\">h\u00e1bor\u00fa Ukrajn\u00e1ban<\/strong>. 2022 \u00f3ta Szlov\u00e1kia t\u00f6bb sz\u00e1zezer ideiglenes mened\u00e9ket keres\u0151 embert fogadott be. T\u00f6bb ezren k\u00f6z\u00fcl\u00fck m\u00e1r hossz\u00fa ideje Szlov\u00e1ki\u00e1ban tart\u00f3zkodnak, \u00e9s m\u00e9g mindig seg\u00edts\u00e9gre van sz\u00fcks\u00e9g\u00fck a tart\u00f3zkod\u00e1si napirenddel kapcsolatban.<\/p>\n<p data-start=\"1987\" data-end=\"2172\">A bel\u00fcgyminiszt\u00e9rium szerint az ukrajnai konfliktussal kapcsolatos rendk\u00edv\u00fcli \u00e1llapotot val\u00f3sz\u00edn\u0171leg a k\u00f6zelj\u00f6v\u0151ben megsz\u00fcntetik. Ez jelent\u0151s hat\u00e1ssal lesz a rezidensek napirendj\u00e9re:<\/p>\n<ul data-start=\"2174\" data-end=\"2390\">\n<li data-start=\"2174\" data-end=\"2280\">\n<p data-start=\"2176\" data-end=\"2280\">k\u00f6r\u00fclbel\u00fcl <strong data-start=\"2186\" data-end=\"2206\">60 000 k\u00fclf\u00f6ldi<\/strong>akik kor\u00e1bban m\u00e1r rendelkeztek t\u00f6rv\u00e9nyes mentess\u00e9ggel, meg kell \u00faj\u00edtaniuk tart\u00f3zkod\u00e1si enged\u00e9ly\u00fcket,<\/p>\n<\/li>\n<li data-start=\"2281\" data-end=\"2390\">\n<p data-start=\"2283\" data-end=\"2390\">k\u00f6vetkez\u0151 <strong data-start=\"2291\" data-end=\"2340\">130 000 szem\u00e9lynek ny\u00fajtottak ideiglenes mened\u00e9ket<\/strong> m\u00e1s t\u00edpus\u00fa tart\u00f3zkod\u00e1si st\u00e1tuszra kell v\u00e1ltania.<\/p>\n<\/li>\n<\/ul>\n<p data-start=\"2392\" data-end=\"2606\">Ez a folyamat az idegenrend\u00e9szet t\u00f6rt\u00e9net\u00e9nek egyik legnagyobb adminisztrat\u00edv hull\u00e1m\u00e1t fogja okozni. Ha a szem\u00e9lyzet nem lesz el\u00e9gs\u00e9ges, ez rendk\u00edv\u00fcli v\u00e1rakoz\u00e1si id\u0151kh\u00f6z \u00e9s a szolg\u00e1ltat\u00e1sok el\u00e9rhet\u0151s\u00e9g\u00e9nek roml\u00e1s\u00e1hoz vezethet.<\/p>\n<h4><strong data-start=\"2611\" data-end=\"2689\">A befektet\u0151k, a munkaer\u0151-migr\u00e1ci\u00f3 \u00e9s a nemzetk\u00f6zi di\u00e1kok n\u00f6velik a rendszerre nehezed\u0151 nyom\u00e1st<\/strong><\/h4>\n<p data-start=\"2691\" data-end=\"2831\">Szlov\u00e1kia a k\u00fclf\u00f6ldi befektet\u0151k fokozott \u00e9rdekl\u0151d\u00e9s\u00e9vel is szembes\u00fcl, akik \u00faj projekteket \u00e9s munkahelyeket hoznak az orsz\u00e1gba. Ezek f\u0151k\u00e9nt a k\u00f6vetkez\u0151 \u00e1gazatokban m\u0171k\u00f6dnek:<\/p>\n<ul data-start=\"2833\" data-end=\"2971\">\n<li data-start=\"2833\" data-end=\"2860\">\n<p data-start=\"2835\" data-end=\"2860\">aut\u00f3ipar,<\/p>\n<\/li>\n<li data-start=\"2833\" data-end=\"2860\">\n<p data-start=\"2835\" data-end=\"2860\"><span style=\"background-color: transparent;\">sz\u00e1ll\u00edt\u00e1s \u00e9s logisztika,<\/span><\/p>\n<\/li>\n<li data-start=\"2886\" data-end=\"2928\">\n<p data-start=\"2888\" data-end=\"2928\">\u00e1pol\u00e1si \u00e9s eg\u00e9szs\u00e9g\u00fcgyi szolg\u00e1ltat\u00e1sok,<\/p>\n<\/li>\n<li data-start=\"2929\" data-end=\"2945\">\n<p data-start=\"2931\" data-end=\"2945\">gasztron\u00f3mia,<\/p>\n<\/li>\n<li data-start=\"2929\" data-end=\"2945\">\n<p data-start=\"2931\" data-end=\"2945\"><span style=\"background-color: transparent;\">technol\u00f3giai ipar\u00e1gak.<\/span><\/p>\n<\/li>\n<\/ul>\n<p data-start=\"2973\" data-end=\"3214\">E v\u00e1llalatok k\u00f6z\u00fcl sokan sz\u00e1m\u00edtanak harmadik orsz\u00e1gbeli munkav\u00e1llal\u00f3k \u00e9rkez\u00e9s\u00e9re, akiknek tart\u00f3zkod\u00e1si enged\u00e9lyt kell adniuk vagy meg kell hosszabb\u00edtaniuk tart\u00f3zkod\u00e1si enged\u00e9ly\u00fcket. Nagysz\u00e1m\u00fa k\u00e9relem \u00e9rkezik a k\u00f6vetkez\u0151kt\u0151l is <strong data-start=\"3144\" data-end=\"3170\">nemzetk\u00f6zi di\u00e1kok<\/strong>akik a szlov\u00e1kiai egyetemekre j\u00e1rnak.<\/p>\n<p data-start=\"3216\" data-end=\"3340\">A Bel\u00fcgyminiszt\u00e9rium r\u00e1mutat, hogy a k\u00fcl\u00fcgyi rend\u0151rs\u00e9g jelenlegi kapacit\u00e1sa nincs felk\u00e9sz\u00fclve a migr\u00e1ci\u00f3s \u00e1raml\u00e1sok ilyen m\u00e9rt\u00e9k\u0171 kezel\u00e9s\u00e9re.<\/p>\n<h4><strong data-start=\"3345\" data-end=\"3422\">Tervezett int\u00e9zked\u00e9sek: \u00faj idegen k\u00f6zpontok \u00e9s a szem\u00e9lyzet l\u00e9tsz\u00e1m\u00e1nak n\u00f6vel\u00e9se<\/strong><\/h4>\n<p data-start=\"3424\" data-end=\"3520\">Mat\u00fa\u0161 \u0160utaj E\u0161tok miniszter szerint a k\u00fcl\u00fcgyi rend\u0151rs\u00e9g meger\u0151s\u00edt\u00e9s\u00e9t a k\u00f6vetkez\u0151k form\u00e1j\u00e1ban kell megval\u00f3s\u00edtani:<\/p>\n<ol data-start=\"3522\" data-end=\"3673\">\n<li data-start=\"3522\" data-end=\"3579\">\n<p data-start=\"3525\" data-end=\"3579\"><strong data-start=\"3525\" data-end=\"3576\">nagy kapacit\u00e1s\u00fa idegenforgalmi k\u00f6zpontok l\u00e9trehoz\u00e1sa<\/strong>,<\/p>\n<\/li>\n<li data-start=\"3580\" data-end=\"3673\">\n<p data-start=\"3583\" data-end=\"3673\"><strong data-start=\"3583\" data-end=\"3644\">a rend\u0151rtisztek \u00e9s az adminisztrat\u00edv szem\u00e9lyzet l\u00e9tsz\u00e1m\u00e1nak n\u00f6vel\u00e9se<\/strong> a megl\u00e9v\u0151 oszt\u00e1lyokon.<\/p>\n<\/li>\n<\/ol>\n<p data-start=\"3675\" data-end=\"3860\">A miniszt\u00e9rium m\u00e1r azonos\u00edtotta a megfelel\u0151 helyis\u00e9geket, amelyek lehet\u0151v\u00e9 tenn\u00e9k ilyen k\u00f6zpontok l\u00e9trehoz\u00e1s\u00e1t. C\u00e9ljuk az, hogy felgyors\u00edts\u00e1k a feldolgoz\u00e1si folyamatot \u00e9s cs\u00f6kkents\u00e9k az idegenrend\u00e9szet egyes oszt\u00e1lyainak terheit.<\/p>\n<h4><strong data-start=\"3866\" data-end=\"3915\">Javasolt kapacit\u00e1sb\u0151v\u00edt\u00e9s r\u00e9gi\u00f3nk\u00e9nt<\/strong><\/h4>\n<ul data-start=\"3917\" data-end=\"4131\">\n<li data-start=\"3917\" data-end=\"3988\">\n<p data-start=\"3919\" data-end=\"3988\"><strong data-start=\"3919\" data-end=\"3950\">HCP Pozsonyi Igazgat\u00f3s\u00e1g<\/strong> - meger\u0151s\u00edt\u00e9se <strong data-start=\"3966\" data-end=\"3985\">50 alkalmazott<\/strong>,<\/p>\n<\/li>\n<li data-start=\"3989\" data-end=\"4065\">\n<p data-start=\"3991\" data-end=\"4065\"><strong data-start=\"3991\" data-end=\"4027\">HCP Bansk\u00e1 Bystrica Igazgat\u00f3s\u00e1g Bansk\u00e1 Bystrica<\/strong> - meger\u0151s\u00edt\u00e9se <strong data-start=\"4043\" data-end=\"4062\">25 alkalmazott<\/strong>,<\/p>\n<\/li>\n<li data-start=\"4066\" data-end=\"4131\">\n<p data-start=\"4068\" data-end=\"4131\"><strong data-start=\"4068\" data-end=\"4095\">HCP Pre\u0161ov igazgat\u00f3s\u00e1g<\/strong> - meger\u0151s\u00edt\u00e9se <strong data-start=\"4111\" data-end=\"4130\">25 alkalmazott<\/strong>.<\/p>\n<\/li>\n<\/ul>\n<p data-start=\"4133\" data-end=\"4365\">Hossz\u00fa t\u00e1von a legnagyobb nyom\u00e1s a k\u00f6vetkez\u0151kre nehezedik <strong data-start=\"4165\" data-end=\"4183\">OCP Bratislava<\/strong>amely a legt\u00f6bb k\u00e9relmez\u0151t kezeli Szlov\u00e1ki\u00e1ban. R\u00e1ad\u00e1sul jelent\u0151s a bet\u00f6ltetlen \u00e1ll\u00e1shelyek sz\u00e1ma - a tervezett 57 rend\u0151r helyett jelenleg csak 37 dolgozik.<\/p>\n<h4><strong data-start=\"4370\" data-end=\"4444\">A k\u00f6zszolg\u00e1ltat\u00e1sok jav\u00edt\u00e1sa: t\u00f6bb munkahely, hosszabb nyitvatart\u00e1si id\u0151<\/strong><\/h4>\n<p data-start=\"4446\" data-end=\"4600\">A szem\u00e9lyzeti meger\u0151s\u00edt\u00e9sek mellett az anyag sz\u00e1mos olyan gyakorlati int\u00e9zked\u00e9st is el\u0151ir\u00e1nyoz, amelyek k\u00f6zvetlen\u00fcl jav\u00edtj\u00e1k a k\u00e9relmez\u0151k k\u00e9nyelm\u00e9t. A miniszt\u00e9rium a k\u00f6vetkez\u0151ket javasolja:<\/p>\n<ul data-start=\"4602\" data-end=\"4813\">\n<li data-start=\"4602\" data-end=\"4671\">\n<p data-start=\"4604\" data-end=\"4671\">A webes pultok kezel\u0151ablakainak sz\u00e1m\u00e1nak n\u00f6vel\u00e9se,<\/p>\n<\/li>\n<li data-start=\"4672\" data-end=\"4735\">\n<p data-start=\"4674\" data-end=\"4735\">ahol ez nem lehets\u00e9ges, <strong data-start=\"4700\" data-end=\"4732\">az oldal nyitvatart\u00e1si idej\u00e9nek meghosszabb\u00edt\u00e1sa<\/strong>,<\/p>\n<\/li>\n<li data-start=\"4736\" data-end=\"4813\">\n<p data-start=\"4738\" data-end=\"4813\">az adminisztrat\u00edv folyamatok optimaliz\u00e1l\u00e1sa a v\u00e1rakoz\u00e1si id\u0151k cs\u00f6kkent\u00e9se \u00e9rdek\u00e9ben.<\/p>\n<\/li>\n<\/ul>\n<p data-start=\"4815\" data-end=\"4957\">A c\u00e9l a szolg\u00e1ltat\u00e1sok hat\u00e9konys\u00e1g\u00e1nak \u00e9s el\u00e9rhet\u0151s\u00e9g\u00e9nek n\u00f6vel\u00e9se, hogy a k\u00e9relmez\u0151knek ne kelljen t\u00f6bb \u00f3r\u00e1s sorban \u00e1ll\u00e1ssal vagy el\u00e9rhetetlen id\u0151pontokkal k\u00fczdeni\u00fck.<\/p>\n<p data-start=\"4815\" data-end=\"4957\">Forr\u00e1s.<\/p>\t\t\t\t\t\t<\/div>\n\t\t\t\t<\/div>\n\t\t\t\t\t<\/div>\n\t\t<\/div>\n\t\t\t\t\t<\/div>\n\t\t<\/section>\n\t\t\t\t<\/div>","protected":false},"excerpt":{"rendered":"<p>A Szlov\u00e1k K\u00f6zt\u00e1rsas\u00e1g Bel\u00fcgyminiszt\u00e9riuma olyan javaslatot tett k\u00f6zz\u00e9, amely alapvet\u0151en befoly\u00e1solhatja a szlov\u00e1kiai idegenrend\u00e9szet m\u0171k\u00f6d\u00e9s\u00e9t. Mat\u00fa\u0161 \u0160utaj E\u0161tok bel\u00fcgyminiszter szerd\u00e1n, 2025. november 12-\u00e9n terjesztette a korm\u00e1ny el\u00e9 azt az anyagot, amely a k\u00fcl\u00fcgyi rend\u0151rs\u00e9g hossz\u00fa t\u00e1v\u00fa t\u00falterhelts\u00e9g\u00e9re \u00e9s a Szlov\u00e1ki\u00e1ban \u00e9l\u0151 k\u00fclf\u00f6ldiek n\u00f6vekv\u0151 sz\u00e1m\u00e1ra reag\u00e1l. A miniszt\u00e9rium szerint a jelenlegi szem\u00e9lyi kapacit\u00e1sok nem elegend\u0151ek, \u00e9s nem el\u00e9g\u00edtik ki a [...]<\/p>","protected":false},"author":1,"featured_media":14419,"comment_status":"open","ping_status":"open","sticky":false,"template":"","format":"standard","meta":{"footnotes":"","iawp_total_views":318},"categories":[70,52],"tags":[],"acf":[],"_links":{"self":[{"href":"https:\/\/vizum.sk\/hu\/wp-json\/wp\/v2\/posts\/14417"}],"collection":[{"href":"https:\/\/vizum.sk\/hu\/wp-json\/wp\/v2\/posts"}],"about":[{"href":"https:\/\/vizum.sk\/hu\/wp-json\/wp\/v2\/types\/post"}],"author":[{"embeddable":true,"href":"https:\/\/vizum.sk\/hu\/wp-json\/wp\/v2\/users\/1"}],"replies":[{"embeddable":true,"href":"https:\/\/vizum.sk\/hu\/wp-json\/wp\/v2\/comments?post=14417"}],"version-history":[{"count":26,"href":"https:\/\/vizum.sk\/hu\/wp-json\/wp\/v2\/posts\/14417\/revisions"}],"predecessor-version":[{"id":14446,"href":"https:\/\/vizum.sk\/hu\/wp-json\/wp\/v2\/posts\/14417\/revisions\/14446"}],"wp:featuredmedia":[{"embeddable":true,"href":"https:\/\/vizum.sk\/hu\/wp-json\/wp\/v2\/media\/14419"}],"wp:attachment":[{"href":"https:\/\/vizum.sk\/hu\/wp-json\/wp\/v2\/media?parent=14417"}],"wp:term":[{"taxonomy":"category","embeddable":true,"href":"https:\/\/vizum.sk\/hu\/wp-json\/wp\/v2\/categories?post=14417"},{"taxonomy":"post_tag","embeddable":true,"href":"https:\/\/vizum.sk\/hu\/wp-json\/wp\/v2\/tags?post=14417"}],"curies":[{"name":"wp","href":"https:\/\/api.w.org\/{rel}","templated":true}]}}