{"id":14512,"date":"2026-01-15T21:20:19","date_gmt":"2026-01-15T20:20:19","guid":{"rendered":"https:\/\/vizum.sk\/?p=14512"},"modified":"2026-01-15T21:29:47","modified_gmt":"2026-01-15T20:29:47","slug":"upozornenie-cudzinecka-policia-bude-19-01-2026-zatvorena","status":"publish","type":"post","link":"https:\/\/vizum.sk\/hu\/kozlemeny-az-idegenrendeszet-2026-01-19-en-zarva-tart\/","title":{"rendered":"Megjegyz\u00e9s: A K\u00fcl\u00fcgyi Rend\u0151rs\u00e9g 2026.01.19-\u00e9n z\u00e1rva lesz."},"content":{"rendered":"<div data-elementor-type=\"wp-post\" data-elementor-id=\"14512\" class=\"elementor elementor-14512\">\n\t\t\t\t\t\t<section class=\"elementor-section elementor-top-section elementor-element elementor-element-438ec30 elementor-section-boxed elementor-section-height-default elementor-section-height-default\" data-id=\"438ec30\" data-element_type=\"section\">\n\t\t\t\t\t\t<div class=\"elementor-container elementor-column-gap-default\">\n\t\t\t\t\t<div class=\"elementor-column elementor-col-100 elementor-top-column elementor-element elementor-element-59f369f\" data-id=\"59f369f\" data-element_type=\"column\">\n\t\t\t<div class=\"elementor-widget-wrap elementor-element-populated\">\n\t\t\t\t\t\t<div class=\"elementor-element elementor-element-03b3608 elementor-widget elementor-widget-text-editor\" data-id=\"03b3608\" data-element_type=\"widget\" data-widget_type=\"text-editor.default\">\n\t\t\t\t<div class=\"elementor-widget-container\">\n\t\t\t\t\t\t\t<p>A Szlov\u00e1k K\u00f6zt\u00e1rsas\u00e1g Bel\u00fcgyminiszt\u00e9riuma t\u00e1j\u00e9koztatja a polg\u00e1rokat a szolg\u00e1ltat\u00e1sok tervezett cs\u00f6kkent\u00e9s\u00e9r\u0151l, amely Szlov\u00e1kia-szerte \u00e9rinti a munkahelyeket. H\u00e9tf\u0151n <b data-path-to-node=\"4\" data-index-in-node=\"156\">janu\u00e1r 19. 2026<\/b> a szolg\u00e1ltat\u00e1sok technikai okokb\u00f3l nem lesznek el\u00e9rhet\u0151k a kulcsfontoss\u00e1g\u00fa szervezeti egys\u00e9gekben. Minden megl\u00e9v\u0151 kinevez\u00e9st \u00e1thelyeztek a <b>janu\u00e1r 21. 2026 <\/b>az eredeti id\u0151vel, ugyanaz a PIN-k\u00f3d, amelyet elk\u00fcldtek \u00d6nnek, szint\u00e9n \u00e9rv\u00e9nyes marad. <b>Tartsa szemmel az e-mail postal\u00e1d\u00e1j\u00e1t a pontos inform\u00e1ci\u00f3k\u00e9rt.<\/b><\/p><h3 data-path-to-node=\"5\">A le\u00e1ll\u00edt\u00e1s hat\u00e1lya<\/h3><p data-path-to-node=\"6\">Az \u00fczemsz\u00fcnet a Szlov\u00e1k K\u00f6zt\u00e1rsas\u00e1gon bel\u00fcli \u00f6sszes telephelyet \u00e9rinti, nevezetesen:<\/p><p data-path-to-node=\"6\"><b style=\"background-color: transparent;\" data-path-to-node=\"7,0,0\" data-index-in-node=\"0\">Dokumentumoszt\u00e1lyok<\/b><span style=\"background-color: transparent;\"> (szem\u00e9lyi igazolv\u00e1nyok, \u00fatlevelek, vezet\u0151i enged\u00e9lyek ki\u00e1ll\u00edt\u00e1sa).<br \/><\/span><b style=\"background-color: transparent;\" data-path-to-node=\"7,1,0\" data-index-in-node=\"0\">K\u00f6zleked\u00e9si fel\u00fcgyel\u0151s\u00e9gek<\/b><span style=\"background-color: transparent;\"> (g\u00e9pj\u00e1rm\u0171-nyilv\u00e1ntart\u00e1s \u00e9s kapcsol\u00f3d\u00f3 m\u0171veletek).<br \/><\/span><b style=\"background-color: transparent;\" data-path-to-node=\"7,2,0\" data-index-in-node=\"0\">K\u00fclf\u00f6ldi rend\u0151rs\u00e9gek<\/b><span style=\"background-color: transparent;\"> PZ.<\/span><\/p><h3 data-path-to-node=\"8\">A szolg\u00e1ltat\u00e1s megszak\u00edt\u00e1s\u00e1nak oka<\/h3><p data-path-to-node=\"9\">Ennek a korl\u00e1toz\u00e1snak az az oka, hogy <b data-path-to-node=\"9\" data-index-in-node=\"28\">tervezett m\u0171szaki beavatkoz\u00e1s a kommunik\u00e1ci\u00f3s infrastrukt\u00far\u00e1ba<\/b> A Szlov\u00e1k K\u00f6zt\u00e1rsas\u00e1g Bel\u00fcgyminiszt\u00e9riuma. A munka \u00f6sszetetts\u00e9ge \u00e9s jellege miatt ezt a beavatkoz\u00e1st nem lehet a norm\u00e1l m\u0171k\u00f6d\u00e9s sor\u00e1n elv\u00e9gezni a rendszerek teljes le\u00e1ll\u00edt\u00e1sa n\u00e9lk\u00fcl.<\/p><blockquote data-path-to-node=\"10\"><p data-path-to-node=\"10,0\"><b data-path-to-node=\"10,0\" data-index-in-node=\"0\">Fontos \u00e9rtes\u00edt\u00e9s:<\/b> Azok a polg\u00e1rok, akik online foglaltak id\u0151pontot erre a tal\u00e1lkoz\u00f3ra, lemond\u00e1si \u00e9rtes\u00edt\u00e9st kapnak. A k\u00f6vetkez\u0151 napokban a k\u00f6vetkez\u0151 szabad id\u0151pontokban tudj\u00e1k majd k\u00e9r\u00e9seiket feldolgozni.<\/p><\/blockquote><h3 data-path-to-node=\"11\">Aj\u00e1nl\u00e1sok a nyilv\u00e1noss\u00e1g sz\u00e1m\u00e1ra<\/h3><ul data-path-to-node=\"12\"><li><p data-path-to-node=\"12,0,0\"><b data-path-to-node=\"12,0,0\" data-index-in-node=\"0\">Tervezzen el\u0151re:<\/b> Ha s\u00fcrg\u0151s \u00fcgyeket kell int\u00e9znie, javasoljuk, hogy janu\u00e1r 16-\u00e1n, p\u00e9nteken, vagy ezt k\u00f6vet\u0151en janu\u00e1r 20-t\u00f3l, keddt\u0151l keresse fel az irod\u00e1kat.<\/p><\/li><li><p data-path-to-node=\"12,1,0\"><b data-path-to-node=\"12,1,0\" data-index-in-node=\"0\">Elektronikus szolg\u00e1ltat\u00e1sok:<\/b> A Szlov\u00e1k K\u00f6zt\u00e1rsas\u00e1g Bel\u00fcgyminiszt\u00e9rium\u00e1nak egyes, az \u00e9rintett infrastrukt\u00far\u00e1hoz kapcsol\u00f3d\u00f3 elektronikus szolg\u00e1ltat\u00e1sai szint\u00e9n nem lesznek el\u00e9rhet\u0151ek a m\u0171szaki beavatkoz\u00e1s ideje alatt.<\/p><\/li><\/ul><p data-path-to-node=\"13\">A Bel\u00fcgyminiszt\u00e9rium eln\u00e9z\u00e9st k\u00e9r az okozott kellemetlens\u00e9gek\u00e9rt, \u00e9s k\u00f6sz\u00f6ni meg\u00e9rt\u00e9s\u00e9t. A technikai korszer\u0171s\u00edt\u00e9s c\u00e9lja az \u00e1llami rendszerek nagyobb stabilit\u00e1s\u00e1nak \u00e9s biztons\u00e1g\u00e1nak biztos\u00edt\u00e1sa.<\/p><p data-path-to-node=\"13\">Forr\u00e1s.<\/p>\t\t\t\t\t\t<\/div>\n\t\t\t\t<\/div>\n\t\t\t\t\t<\/div>\n\t\t<\/div>\n\t\t\t\t\t<\/div>\n\t\t<\/section>\n\t\t\t\t<\/div>","protected":false},"excerpt":{"rendered":"<p>A Szlov\u00e1k K\u00f6zt\u00e1rsas\u00e1g Bel\u00fcgyminiszt\u00e9riuma t\u00e1j\u00e9koztatja a polg\u00e1rokat a szolg\u00e1ltat\u00e1sok tervezett cs\u00f6kkent\u00e9s\u00e9r\u0151l, amely Szlov\u00e1kia-szerte \u00e9rinti a munkahelyeket. 2026. janu\u00e1r 19-\u00e9n, h\u00e9tf\u0151n technikai okokb\u00f3l nem lesznek el\u00e9rhet\u0151ek a szolg\u00e1ltat\u00e1sok a legfontosabb szervezeti egys\u00e9gekben. Minden megl\u00e9v\u0151 id\u0151pontot \u00e1thelyeztek 2026. janu\u00e1r 21-re, az eredeti id\u0151pontra, tov\u00e1bb\u00e1 ugyanaz a PIN-k\u00f3d marad \u00e9rv\u00e9nyben, amelyet megk\u00fcldtek \u00d6nnek. Tartsa [...]<\/p>","protected":false},"author":1,"featured_media":14521,"comment_status":"open","ping_status":"open","sticky":false,"template":"","format":"standard","meta":{"footnotes":"","iawp_total_views":69},"categories":[70],"tags":[],"acf":[],"_links":{"self":[{"href":"https:\/\/vizum.sk\/hu\/wp-json\/wp\/v2\/posts\/14512"}],"collection":[{"href":"https:\/\/vizum.sk\/hu\/wp-json\/wp\/v2\/posts"}],"about":[{"href":"https:\/\/vizum.sk\/hu\/wp-json\/wp\/v2\/types\/post"}],"author":[{"embeddable":true,"href":"https:\/\/vizum.sk\/hu\/wp-json\/wp\/v2\/users\/1"}],"replies":[{"embeddable":true,"href":"https:\/\/vizum.sk\/hu\/wp-json\/wp\/v2\/comments?post=14512"}],"version-history":[{"count":7,"href":"https:\/\/vizum.sk\/hu\/wp-json\/wp\/v2\/posts\/14512\/revisions"}],"predecessor-version":[{"id":14519,"href":"https:\/\/vizum.sk\/hu\/wp-json\/wp\/v2\/posts\/14512\/revisions\/14519"}],"wp:featuredmedia":[{"embeddable":true,"href":"https:\/\/vizum.sk\/hu\/wp-json\/wp\/v2\/media\/14521"}],"wp:attachment":[{"href":"https:\/\/vizum.sk\/hu\/wp-json\/wp\/v2\/media?parent=14512"}],"wp:term":[{"taxonomy":"category","embeddable":true,"href":"https:\/\/vizum.sk\/hu\/wp-json\/wp\/v2\/categories?post=14512"},{"taxonomy":"post_tag","embeddable":true,"href":"https:\/\/vizum.sk\/hu\/wp-json\/wp\/v2\/tags?post=14512"}],"curies":[{"name":"wp","href":"https:\/\/api.w.org\/{rel}","templated":true}]}}