{"id":14522,"date":"2026-01-15T21:33:55","date_gmt":"2026-01-15T20:33:55","guid":{"rendered":"https:\/\/vizum.sk\/?p=14522"},"modified":"2026-01-15T21:46:58","modified_gmt":"2026-01-15T20:46:58","slug":"nove-velvyslanectvo-sr-v-tanzanii","status":"publish","type":"post","link":"https:\/\/vizum.sk\/hu\/uj-tanzaniai-sr-nagykovetseg\/","title":{"rendered":"\u00daj szlov\u00e1k nagyk\u00f6vets\u00e9g Tanz\u00e1ni\u00e1ban"},"content":{"rendered":"<div data-elementor-type=\"wp-post\" data-elementor-id=\"14522\" class=\"elementor elementor-14522\">\n\t\t\t\t\t\t<section class=\"elementor-section elementor-top-section elementor-element elementor-element-c92370d elementor-section-boxed elementor-section-height-default elementor-section-height-default\" data-id=\"c92370d\" data-element_type=\"section\">\n\t\t\t\t\t\t<div class=\"elementor-container elementor-column-gap-default\">\n\t\t\t\t\t<div class=\"elementor-column elementor-col-100 elementor-top-column elementor-element elementor-element-4c6b08b\" data-id=\"4c6b08b\" data-element_type=\"column\">\n\t\t\t<div class=\"elementor-widget-wrap elementor-element-populated\">\n\t\t\t\t\t\t<div class=\"elementor-element elementor-element-fa4f297 elementor-widget elementor-widget-text-editor\" data-id=\"fa4f297\" data-element_type=\"widget\" data-widget_type=\"text-editor.default\">\n\t\t\t\t<div class=\"elementor-widget-container\">\n\t\t\t\t\t\t\t<p data-path-to-node=\"3\"><b data-path-to-node=\"3\" data-index-in-node=\"0\">A K\u00fcl\u00fcgyminiszt\u00e9rium bejelenti a Szlov\u00e1k K\u00f6zt\u00e1rsas\u00e1g \u00faj nagyk\u00f6vets\u00e9g\u00e9nek megnyit\u00e1s\u00e1t.<\/b> Szlov\u00e1kia hivatalosan is meger\u0151s\u00edti afrikai jelenl\u00e9t\u00e9t, \u00e9s \u00faj fejezetet nyit a szubszaharai t\u00e9rs\u00e9g orsz\u00e1gaival fenntartott kapcsolataiban. Az \u00e9v eleje \u00f3ta egy \u00faj <b data-path-to-node=\"3\" data-index-in-node=\"265\">A Szlov\u00e1k K\u00f6zt\u00e1rsas\u00e1g tanz\u00e1niai nagyk\u00f6vets\u00e9ge, sz\u00e9khely: Dar es Salaam<\/b>ezzel teljes\u00edtve a diplom\u00e1ciai miniszt\u00e9rium 2023 elej\u00e9n bejelentett strat\u00e9giai terveit.<\/p><p data-path-to-node=\"4\">Ez kulcsfontoss\u00e1g\u00fa h\u00edr \u00fcgyfeleink, \u00fczleti utaz\u00f3k \u00e9s turist\u00e1k sz\u00e1m\u00e1ra, akik erre az egzotikus r\u00e9gi\u00f3ra utaznak. B\u00e1r az iroda hivatalosan m\u00e1r nyitva van, a teljes funkcionalit\u00e1s \u00e9s az \u00f6sszes adminisztrat\u00edv folyamat beind\u00edt\u00e1sa olyan saj\u00e1toss\u00e1gokkal j\u00e1r, amelyekkel tiszt\u00e1ban kell lennie.<\/p><h2 data-path-to-node=\"5\">Ki vezeti az \u00faj irod\u00e1t?<\/h2><p data-path-to-node=\"6\">Tanz\u00e1niai nagyk\u00f6vets\u00e9g, amelyet egy tapasztalt karrierdiplomata vezet <b data-path-to-node=\"6\" data-index-in-node=\"58\">Ivan Lan\u010dari\u010d<\/b>. Neve diplom\u00e1ciai \u00e9s politikai k\u00f6r\u00f6kben a szakmais\u00e1g garanci\u00e1ja. Gazdag p\u00e1lyafut\u00e1sa sor\u00e1n t\u00f6bb kontinensen szerzett \u00e9rt\u00e9kes tapasztalatokat:<\/p><ul data-path-to-node=\"7\"><li><p data-path-to-node=\"7,0,0\">A Szlov\u00e1k K\u00f6zt\u00e1rsas\u00e1g nagyk\u00f6vetek\u00e9nt szolg\u00e1lt a Szlov\u00e1k K\u00f6zt\u00e1rsas\u00e1gban. <b data-path-to-node=\"7,0,0\" data-index-in-node=\"29\">India<\/b> a <b data-path-to-node=\"7,0,0\" data-index-in-node=\"37\">Kuvait<\/b>.<\/p><\/li><li><p data-path-to-node=\"7,1,0\">Szlov\u00e1k \u00e9rdekeket k\u00e9pviselt a <b data-path-to-node=\"7,1,0\" data-index-in-node=\"30\">Egyes\u00fclt Kir\u00e1lys\u00e1g<\/b>, <b data-path-to-node=\"7,1,0\" data-index-in-node=\"51\">Horv\u00e1torsz\u00e1g<\/b> a <b data-path-to-node=\"7,1,0\" data-index-in-node=\"64\">Georgia<\/b>.<\/p><\/li><\/ul><p data-path-to-node=\"8\">A vil\u00e1g dinamikus r\u00e9gi\u00f3iban szerzett kor\u00e1bbi tapasztalatai el\u0151felt\u00e9telei a szlov\u00e1k iroda sikeres l\u00e9trehoz\u00e1s\u00e1nak egy olyan fontos afrikai k\u00f6zpontban, mint Tanz\u00e1nia.<\/p><h2 data-path-to-node=\"9\">Strat\u00e9giai jelent\u0151s\u00e9g \u00e9s sz\u00e9les diplom\u00e1ciai hat\u00f3k\u00f6r<\/h2><p data-path-to-node=\"10\">A Dar es Salaam-i iroda nem csup\u00e1n a tanz\u00e1niai ig\u00e9nyek helyi k\u00e9pviselet\u00e9t l\u00e1tja el. Ez egy strat\u00e9giai pont, rendk\u00edv\u00fcl sz\u00e9les diplom\u00e1ciai hat\u00f3k\u00f6rrel. Ezen az irod\u00e1n kereszt\u00fcl a Szlov\u00e1k K\u00f6zt\u00e1rsas\u00e1g akkredit\u00e1ci\u00f3t biztos\u00edt a k\u00f6z\u00e9p- \u00e9s kelet-afrikai orsz\u00e1gok eg\u00e9sz csoportja sz\u00e1m\u00e1ra. Az orsz\u00e1gon k\u00edv\u00fcl a <b data-path-to-node=\"10\" data-index-in-node=\"283\">Tanz\u00e1niai Egyes\u00fclt K\u00f6zt\u00e1rsas\u00e1g<\/b> a Hivatal diplom\u00e1ciai szempontb\u00f3l is fedezni fogja:<\/p><ul data-path-to-node=\"11\"><li><p data-path-to-node=\"11,0,0\"><b data-path-to-node=\"11,0,0\" data-index-in-node=\"0\">a Burundi K\u00f6zt\u00e1rsas\u00e1g \u00e9s a Malawi K\u00f6zt\u00e1rsas\u00e1g<\/b><\/p><\/li><li><p data-path-to-node=\"11,1,0\"><b data-path-to-node=\"11,1,0\" data-index-in-node=\"0\">a Gaboni K\u00f6zt\u00e1rsas\u00e1g \u00e9s a Kameruni K\u00f6zt\u00e1rsas\u00e1g<\/b><\/p><\/li><li><p data-path-to-node=\"11,2,0\"><b data-path-to-node=\"11,2,0\" data-index-in-node=\"0\">a Kong\u00f3i K\u00f6zt\u00e1rsas\u00e1g \u00e9s a Kong\u00f3i Demokratikus K\u00f6zt\u00e1rsas\u00e1g<\/b><\/p><\/li><li><p data-path-to-node=\"11,3,0\"><b data-path-to-node=\"11,3,0\" data-index-in-node=\"0\">az Egyenl\u00edt\u0151i-guineai K\u00f6zt\u00e1rsas\u00e1g \u00e9s a Zambiai K\u00f6zt\u00e1rsas\u00e1g<\/b><\/p><\/li><\/ul><p data-path-to-node=\"12\">Ez a sz\u00e9lesk\u00f6r\u0171s\u00e9g azt jelenti, hogy a nagyk\u00f6vets\u00e9g nemcsak a politikai p\u00e1rbesz\u00e9dben j\u00e1tszik majd kulcsszerepet, hanem abban is, hogy seg\u00edts\u00e9get ny\u00fajtson a r\u00e1szorul\u00f3 szlov\u00e1k \u00e1llampolg\u00e1roknak ezekben az orsz\u00e1gokban.<\/p><h2 data-path-to-node=\"13\">Mikor lesznek el\u00e9rhet\u0151k a kapcsolattart\u00f3k \u00e9s a rendel\u00e9si id\u0151?<\/h2><p data-path-to-node=\"14\">B\u00e1r a Hivatal hivatalosan a k\u00f6vetkez\u0151k \u00f3ta m\u0171k\u00f6dik <b data-path-to-node=\"14\" data-index-in-node=\"30\">janu\u00e1r 1. 2026<\/b>, amely jelenleg intenz\u00edv technikai \u00e9s adminisztrat\u00edv rendez\u00e9s alatt \u00e1ll. A gyakorlatban ez azt jelenti, hogy biztons\u00e1gos kommunik\u00e1ci\u00f3s vonalakat, informatikai infrastrukt\u00far\u00e1t \u00e9s nyilv\u00e1nos tereket alak\u00edtanak ki.<\/p><p data-path-to-node=\"15\">Jelenleg a miniszt\u00e9rium vagy a konzul\u00e1tus hivatalos honlapj\u00e1n nem tal\u00e1l pontos telefonsz\u00e1mokat vagy e-mail c\u00edmeket. Inform\u00e1ci\u00f3ink szerint ezeket az el\u00e9rhet\u0151s\u00e9geket a k\u00f6vetkez\u0151 napokban kell k\u00f6zz\u00e9tenni. Az utaz\u00f3knak azt tan\u00e1csoljuk, hogy miel\u0151tt a r\u00e9gi\u00f3ba tervezn\u00e9nek utaz\u00e1st, ellen\u0151rizz\u00e9k a honlapon az aktu\u00e1lis \u00e1llapotot. <b data-path-to-node=\"15\" data-index-in-node=\"310\">visa.sk<\/b> vagy k\u00f6zvetlen\u00fcl a Szlov\u00e1k K\u00f6zt\u00e1rsas\u00e1g K\u00fcl\u00fcgyminiszt\u00e9rium\u00e1nak honlapj\u00e1n.<\/p><h2 data-path-to-node=\"16\">A legfontosabb k\u00e9rd\u00e9s: Lesznek-e itt v\u00edzumok?<\/h2><p data-path-to-node=\"17\">Ez a t\u00e9ma \u00e9rdekli legink\u00e1bb \u00fcgyfeleinket - legyenek azok Afrik\u00e1b\u00f3l \u00fczleti partnereket h\u00edv\u00f3 v\u00e1llalatok vagy a r\u00e9gi\u00f3ban \u00e9l\u0151 csal\u00e1dtagok.<\/p><p data-path-to-node=\"18\"><b data-path-to-node=\"18\" data-index-in-node=\"0\">Jelenlegi \u00e1llapot 2026.1.15-\u00e9n:<\/b> M\u00e9g nem er\u0151s\u00edtett\u00e9k meg, hogy ez az \u00faj hivatal is v\u00e9gez-e majd <b data-path-to-node=\"18\" data-index-in-node=\"92\">v\u00edzum\u00fcgyek napirendje<\/b> (azaz a k\u00e9relmek fogad\u00e1sa \u00e9s a nemzeti \u00e9s schengeni v\u00edzumok kiad\u00e1sa).<\/p><p data-path-to-node=\"19\">Jelenleg \u00e1tfog\u00f3 konzuli elj\u00e1r\u00e1sok kialak\u00edt\u00e1sa van folyamatban. A logisztikai kapacit\u00e1st\u00f3l \u00e9s a biztons\u00e1gi protokollokt\u00f3l f\u00fcgg, hogy Dar es Salaamban l\u00e9trehoznak-e egy teljes \u00e9rt\u00e9k\u0171 v\u00edzumhivatalt. Az \u00fcgyfelek sz\u00e1m\u00e1ra ez a k\u00f6vetkez\u0151ket jelenti:<\/p><ol start=\"1\" data-path-to-node=\"20\"><li><p data-path-to-node=\"20,0,0\">Az ezen orsz\u00e1gok \u00e1llampolg\u00e1rai sz\u00e1m\u00e1ra a v\u00edzumk\u00e9relmi elj\u00e1r\u00e1s egyel\u0151re v\u00e1ltozatlan marad.<\/p><\/li><li><p data-path-to-node=\"20,1,0\">A k\u00e9relmez\u0151knek tov\u00e1bbra is a megl\u00e9v\u0151 szab\u00e1lyokat kell k\u00f6vetni\u00fck (az adott ter\u00fclet\u00e9rt kor\u00e1bban illet\u00e9kes nagyk\u00f6vets\u00e9geken, pl. Nairobiban vagy Kair\u00f3ban, az orsz\u00e1gt\u00f3l f\u00fcgg\u0151en).<\/p><\/li><li><p data-path-to-node=\"20,2,0\">A miniszt\u00e9rium hivatalos ir\u00e1nymutat\u00e1s\u00e1ra v\u00e1rnak annak meghat\u00e1roz\u00e1s\u00e1ra, hogy mikor ker\u00fclhet \u00e1t a v\u00edzum\u00fcgyek napirendje Dar es Salaam al\u00e1, ha egy\u00e1ltal\u00e1n \u00e1tker\u00fcl.<\/p><\/li><\/ol><h2 data-path-to-node=\"21\">Mi\u00e9rt fontos egy nagyk\u00f6vets\u00e9g megnyit\u00e1sa?<\/h2><p data-path-to-node=\"22\">A szubszaharai Afrika a vil\u00e1g egyik leggyorsabban n\u00f6vekv\u0151 piaca. Egy szlov\u00e1k diplomata k\u00f6zvetlen jelenl\u00e9te a r\u00e9gi\u00f3ban megk\u00f6nny\u00edti:<\/p><ul data-path-to-node=\"23\"><li><p data-path-to-node=\"23,0,0\"><b data-path-to-node=\"23,0,0\" data-index-in-node=\"0\">\u00dczleti egy\u00fcttm\u0171k\u00f6d\u00e9s:<\/b> A szlov\u00e1k v\u00e1llalatok k\u00f6zvetlen kapcsolatot \u00e9s t\u00e1mogat\u00e1st kapnak, amikor Tanz\u00e1nia vagy Zambia piac\u00e1ra l\u00e9pnek.<\/p><\/li><li><p data-path-to-node=\"23,1,0\"><b data-path-to-node=\"23,1,0\" data-index-in-node=\"0\">Konzuli v\u00e9delem:<\/b> A Zanzib\u00e1rba vagy a Serengetibe szafarira indul\u00f3 turist\u00e1knak k\u00f6nnyebben el\u00e9rhet\u0151 seg\u00edts\u00e9g az elveszett dokumentumok vagy egy\u00e9b probl\u00e9m\u00e1k eset\u00e9n.<\/p><\/li><li><p data-path-to-node=\"23,2,0\"><b data-path-to-node=\"23,2,0\" data-index-in-node=\"0\">Fejleszt\u00e9si egy\u00fcttm\u0171k\u00f6d\u00e9s:<\/b> Hat\u00e9konyabb projektir\u00e1ny\u00edt\u00e1s azokon a ter\u00fcleteken, ahol Szlov\u00e1kia m\u00e1r r\u00e9g\u00f3ta seg\u00edt.<\/p><\/li><\/ul><p data-path-to-node=\"24\">A helyzet a <b data-path-to-node=\"24\" data-index-in-node=\"12\">www.vizum.sk<\/b> szorosan figyelj\u00fck. Meg\u00e9rtj\u00fck, hogy a pontos inform\u00e1ci\u00f3k elengedhetetlenek utaz\u00e1sa \u00e9s \u00fczleti \u00fcgyei megtervez\u00e9s\u00e9hez. Amint a tanz\u00e1niai hivatal hivatalos el\u00e9rhet\u0151s\u00e9gei \u00e9s a v\u00edzumhat\u00f3s\u00e1ggal kapcsolatos inform\u00e1ci\u00f3k megjelennek, azonnal t\u00e1j\u00e9koztatni fogjuk \u00d6nt.<\/p><p data-path-to-node=\"25\"><i data-path-to-node=\"25\" data-index-in-node=\"0\">Az inform\u00e1ci\u00f3 forr\u00e1sa: a Szlov\u00e1k K\u00f6zt\u00e1rsas\u00e1g K\u00fcl\u00fcgyi \u00e9s Eur\u00f3pai \u00dcgyek Miniszt\u00e9riuma (MFAEES SR).<\/i><\/p>\t\t\t\t\t\t<\/div>\n\t\t\t\t<\/div>\n\t\t\t\t\t<\/div>\n\t\t<\/div>\n\t\t\t\t\t<\/div>\n\t\t<\/section>\n\t\t\t\t<\/div>","protected":false},"excerpt":{"rendered":"<p>A K\u00fcl\u00fcgyminiszt\u00e9rium bejelenti a Szlov\u00e1k K\u00f6zt\u00e1rsas\u00e1g \u00faj nagyk\u00f6vets\u00e9g\u00e9nek megnyit\u00e1s\u00e1t. Szlov\u00e1kia hivatalosan is meger\u0151s\u00edti afrikai jelenl\u00e9t\u00e9t, \u00e9s \u00faj fejezetet nyit a szubszaharai t\u00e9rs\u00e9g orsz\u00e1gaival val\u00f3 kapcsolataiban. Ez \u00e9v elej\u00e9t\u0151l \u00faj szlov\u00e1k nagyk\u00f6vets\u00e9g l\u00e9tes\u00fclt Tanz\u00e1ni\u00e1ban, Dar es Salaamban, ezzel teljes\u00edtve a strat\u00e9giai terveket [...].<\/p>","protected":false},"author":1,"featured_media":14529,"comment_status":"open","ping_status":"open","sticky":false,"template":"","format":"standard","meta":{"footnotes":"","iawp_total_views":61},"categories":[52,50],"tags":[],"acf":[],"_links":{"self":[{"href":"https:\/\/vizum.sk\/hu\/wp-json\/wp\/v2\/posts\/14522"}],"collection":[{"href":"https:\/\/vizum.sk\/hu\/wp-json\/wp\/v2\/posts"}],"about":[{"href":"https:\/\/vizum.sk\/hu\/wp-json\/wp\/v2\/types\/post"}],"author":[{"embeddable":true,"href":"https:\/\/vizum.sk\/hu\/wp-json\/wp\/v2\/users\/1"}],"replies":[{"embeddable":true,"href":"https:\/\/vizum.sk\/hu\/wp-json\/wp\/v2\/comments?post=14522"}],"version-history":[{"count":11,"href":"https:\/\/vizum.sk\/hu\/wp-json\/wp\/v2\/posts\/14522\/revisions"}],"predecessor-version":[{"id":14537,"href":"https:\/\/vizum.sk\/hu\/wp-json\/wp\/v2\/posts\/14522\/revisions\/14537"}],"wp:featuredmedia":[{"embeddable":true,"href":"https:\/\/vizum.sk\/hu\/wp-json\/wp\/v2\/media\/14529"}],"wp:attachment":[{"href":"https:\/\/vizum.sk\/hu\/wp-json\/wp\/v2\/media?parent=14522"}],"wp:term":[{"taxonomy":"category","embeddable":true,"href":"https:\/\/vizum.sk\/hu\/wp-json\/wp\/v2\/categories?post=14522"},{"taxonomy":"post_tag","embeddable":true,"href":"https:\/\/vizum.sk\/hu\/wp-json\/wp\/v2\/tags?post=14522"}],"curies":[{"name":"wp","href":"https:\/\/api.w.org\/{rel}","templated":true}]}}