{"id":14588,"date":"2026-03-01T20:16:27","date_gmt":"2026-03-01T19:16:27","guid":{"rendered":"https:\/\/vizum.sk\/?p=14588"},"modified":"2026-03-01T20:26:25","modified_gmt":"2026-03-01T19:26:25","slug":"aktualna-situacia-na-blizkom-vychode","status":"publish","type":"post","link":"https:\/\/vizum.sk\/hu\/jelenlegi-helyzet-a-kozel-keleten\/","title":{"rendered":"Jelenlegi helyzet a K\u00f6zel-Keleten"},"content":{"rendered":"<div data-elementor-type=\"wp-post\" data-elementor-id=\"14588\" class=\"elementor elementor-14588\">\n\t\t\t\t\t\t<section class=\"elementor-section elementor-top-section elementor-element elementor-element-a8d9c32 elementor-section-boxed elementor-section-height-default elementor-section-height-default\" data-id=\"a8d9c32\" data-element_type=\"section\">\n\t\t\t\t\t\t<div class=\"elementor-container elementor-column-gap-default\">\n\t\t\t\t\t<div class=\"elementor-column elementor-col-100 elementor-top-column elementor-element elementor-element-3565ef0\" data-id=\"3565ef0\" data-element_type=\"column\">\n\t\t\t<div class=\"elementor-widget-wrap elementor-element-populated\">\n\t\t\t\t\t\t<div class=\"elementor-element elementor-element-27e472d elementor-widget elementor-widget-text-editor\" data-id=\"27e472d\" data-element_type=\"widget\" data-widget_type=\"text-editor.default\">\n\t\t\t\t<div class=\"elementor-widget-container\">\n\t\t\t\t\t\t\t<h3 data-path-to-node=\"3\"><b data-path-to-node=\"3\" data-index-in-node=\"0\">\u00c1tfog\u00f3 elemz\u00e9s \u00e9s biztons\u00e1gi \u00fatmutat\u00e1s a k\u00f6zel-keleti r\u00e9gi\u00f3 eszkal\u00e1ci\u00f3j\u00e1val kapcsolatban<\/b><\/h3><p data-path-to-node=\"4\"><b data-path-to-node=\"4\" data-index-in-node=\"0\">Pozsony, 2026. m\u00e1rcius 1.<\/b> \u2013 A Szlov\u00e1k K\u00f6zt\u00e1rsas\u00e1g K\u00fcl\u00fcgyminiszt\u00e9riuma \u00e9s Eur\u00f3pa-\u00fcgyi Miniszt\u00e9riuma (MZVEZ SR) a Bel\u00fcgyminiszt\u00e9riummal \u00e9s a nemzetk\u00f6zi partnerekkel szoros egy\u00fcttm\u0171k\u00f6d\u00e9sben figyelemmel k\u00eds\u00e9ri a biztons\u00e1gi helyzet kritikus roml\u00e1s\u00e1t a t\u00e1gabb k\u00f6zel-keleti r\u00e9gi\u00f3ban. Ali Khamenei, Ir\u00e1n legfels\u0151bb vezet\u0151j\u00e9nek meger\u0151s\u00edtett hal\u00e1l\u00e1t \u00e9s az Ir\u00e1ni Iszl\u00e1m K\u00f6zt\u00e1rsas\u00e1g f\u0151parancsnoks\u00e1g\u00e1nak t\u00f6bb tagj\u00e1nak elt\u00e1vol\u00edt\u00e1s\u00e1t k\u00f6vet\u0151en a fesz\u00fclts\u00e9g ellen\u0151rizetlen eszkal\u00e1l\u00f3d\u00e1sa tapasztalhat\u00f3, ami k\u00f6zvetlen hat\u00e1ssal van a szlov\u00e1k \u00e1llampolg\u00e1rok biztons\u00e1g\u00e1ra \u00e9s a glob\u00e1lis piacok stabilit\u00e1s\u00e1ra.<\/p><h4 data-path-to-node=\"5\"><b data-path-to-node=\"5\" data-index-in-node=\"0\">A biztons\u00e1gi kock\u00e1zatok \u00e9s a katonai helyzet elemz\u00e9se<\/b><\/h4><p data-path-to-node=\"6\">A jelenlegi er\u0151szakhull\u00e1m t\u00fall\u00e9pte a helyi konfliktus hat\u00e1rait, \u00e9s region\u00e1lis konfront\u00e1ci\u00f3 jelleg\u00e9t \u00f6lt\u00f6tte. Az Egyes\u00fclt Arab Em\u00edrs\u00e9gek (Abu Dhabi, Dubai), Katar \u00e9s Bahrein kulcsfontoss\u00e1g\u00fa v\u00e1rosi agglomer\u00e1ci\u00f3it c\u00e9lz\u00f3 ir\u00e1ni megtorl\u00f3 t\u00e1mad\u00e1sok k\u00f6zvetlen vesz\u00e9lyt jelentenek a civil lakoss\u00e1gra. K\u00fcl\u00f6n\u00f6sen aggaszt\u00f3 az om\u00e1ni ter\u00fclet elleni els\u0151 k\u00f6zvetlen csap\u00e1s, amely meger\u0151s\u00edti a konfliktusz\u00f3n\u00e1k kor\u00e1bban stabil ter\u00fcletekre val\u00f3 kiterjed\u00e9s\u00e9t.<\/p><p data-path-to-node=\"7\">A v\u00e9delmi m\u0171veletek r\u00e9szek\u00e9nt jelent\u0151s sz\u00e1m\u00fa ballisztikus rak\u00e9t\u00e1t \u00e9s pil\u00f3ta n\u00e9lk\u00fcli l\u00e9gi j\u00e1rm\u0171vet semmis\u00edtettek meg a Perzsa-\u00f6b\u00f6l felett. Ezzel kapcsolatban a Szlov\u00e1k K\u00f6zt\u00e1rsas\u00e1g K\u00fcl\u00fcgyminiszt\u00e9riuma figyelmeztet a lel\u0151tt l\u0151szer t\u00f6rmel\u00e9keinek \u00e9s szil\u00e1nkjainak becsap\u00f3d\u00e1s\u00e1b\u00f3l ered\u0151 m\u00e1sodlagos vesz\u00e9lyre. Ezek a t\u00e1rgyak nagyfok\u00fa instabilit\u00e1st mutathatnak, \u00e9s m\u00e9rgez\u0151 \u00f6sszetev\u0151ket vagy fel nem robbant ind\u00edt\u00f3szerkezeteket tartalmazhatnak. A Diplom\u00e1ciai Miniszt\u00e9rium ez\u00e9rt arra k\u00e9ri a polg\u00e1rokat, hogy semmilyen k\u00f6r\u00fclm\u00e9nyek k\u00f6z\u00f6tt ne manipul\u00e1ljanak ismeretlen t\u00e1rgyakat, \u00e9s tartsanak biztons\u00e1gos t\u00e1vols\u00e1got.<\/p><h4 data-path-to-node=\"8\"><b data-path-to-node=\"8\" data-index-in-node=\"0\">Tervezett hazasz\u00e1ll\u00edt\u00e1si \u00e9s evaku\u00e1l\u00e1si mechanizmusok<\/b><\/h4><p data-path-to-node=\"9\">Mivel t\u00f6bb orsz\u00e1g felett de facto lez\u00e1rt\u00e1k a l\u00e9gteret, \u00e9s megb\u00e9nult a kereskedelmi l\u00e9gi k\u00f6zleked\u00e9s, a Szlov\u00e1k K\u00f6zt\u00e1rsas\u00e1g Bel\u00fcgyminiszt\u00e9riuma \u00fagy d\u00f6nt\u00f6tt, hogy ig\u00e9nybe veszi a Szlov\u00e1k K\u00f6zt\u00e1rsas\u00e1g Bel\u00fcgyminiszt\u00e9rium\u00e1nak L\u00e9gik\u00f6zleked\u00e9si Oszt\u00e1ly\u00e1nak er\u0151forr\u00e1sait. Azon a napon <b data-path-to-node=\"9\" data-index-in-node=\"203\">2026. m\u00e1rcius 3.<\/b> A tervek szerint megkezd\u0151dtek az els\u0151, korm\u00e1nyzati k\u00fcl\u00f6nleges rep\u00fcl\u0151g\u00e9pekkel v\u00e9grehajtott hazasz\u00e1ll\u00edt\u00e1si j\u00e1ratok, amelyek c\u00e9lja a szlov\u00e1k \u00e1llampolg\u00e1rok vesz\u00e9lyeztetett ter\u00fcletekr\u0151l haz\u00e1jukba sz\u00e1ll\u00edt\u00e1sa.<\/p><p data-path-to-node=\"10\">A logisztikai m\u0171veletet a kair\u00f3i, tel-avivi \u00e9s bejr\u00fati nagyk\u00f6vets\u00e9gek koordin\u00e1lj\u00e1k. A sz\u00e1ll\u00edt\u00e1sban els\u0151bbs\u00e9get \u00e9lveznek a gyermekes csal\u00e1dok, az eg\u00e9szs\u00e9g\u00fcgyi probl\u00e9m\u00e1kkal k\u00fczd\u0151 szem\u00e9lyek \u00e9s a nemzetk\u00f6zi rep\u00fcl\u0151terek tranzitz\u00f3n\u00e1iban ragadt \u00e1llampolg\u00e1rok, akik nem tudnak tov\u00e1bbmenni. A Szlov\u00e1k K\u00f6zt\u00e1rsas\u00e1g K\u00fcl\u00fcgyminiszt\u00e9riuma felsz\u00f3l\u00edtja a r\u00e9gi\u00f3 minden \u00e1llampolg\u00e1r\u00e1t, hogy halad\u00e9ktalanul friss\u00edts\u00e9k adataikat az \u00f6nk\u00e9ntes regisztr\u00e1ci\u00f3s rendszerben, mivel ezek az adatok k\u00e9pezik az evaku\u00e1l\u00e1si list\u00e1k \u00f6ssze\u00e1ll\u00edt\u00e1s\u00e1nak els\u0151dleges alapj\u00e1t.<\/p><p data-path-to-node=\"11\"><b data-path-to-node=\"11\" data-index-in-node=\"0\">A Hormuzi-szoros blok\u00e1dj\u00e1nak gazdas\u00e1gi \u00e9s strat\u00e9giai k\u00f6vetkezm\u00e9nyei<\/b><\/p><p data-path-to-node=\"12\">Ir\u00e1n katonai strat\u00e9gi\u00e1j\u00e1nak r\u00e9sze volt a Hormuzi-szoros, az energiahordoz\u00f3k sz\u00e1ll\u00edt\u00e1s\u00e1nak legfontosabb tengeri \u00fatvonal\u00e1nak teljes blok\u00e1dja. A tart\u00e1lyhaj\u00f3-forgalom le\u00e1ll\u00e1sa ezen a ponton azonnali sokkot okozott a glob\u00e1lis \u00e1rut\u0151zsd\u00e9ken. A Brent nyersolaj hord\u00f3nk\u00e9nti \u00e1ra el\u00e9rte a 100 doll\u00e1ros hat\u00e1rt, ami drasztikus hat\u00e1ssal lesz az eur\u00f3pai kiskereskedelmi \u00fczemanyag\u00e1rakra.<\/p><p data-path-to-node=\"13\">Energiaszak\u00e9rt\u0151k el\u0151zetes elemz\u00e9sei szerint a szoros blok\u00e1dja a szlov\u00e1k benzinkutakn\u00e1l az \u00e1rak meredek emelked\u00e9s\u00e9hez vezethet. A benzin \u00e9s a g\u00e1zolaj \u00e1r\u00e1nak becs\u00fclt emelked\u00e9se k\u00f6r\u00fclbel\u00fcl <b data-path-to-node=\"13\" data-index-in-node=\"201\">0,60 eur\u00f3 literenk\u00e9nt<\/b>, ami komoly vesz\u00e9lyt jelent az infl\u00e1ci\u00f3s stabilit\u00e1sra \u00e9s a logisztikai k\u00f6lts\u00e9gekre Szlov\u00e1kia eg\u00e9sz ter\u00fclet\u00e9n. A szlov\u00e1k korm\u00e1ny ez\u00e9rt elemzi a v\u00e9szhelyzeti olajtartal\u00e9kok felhaszn\u00e1l\u00e1s\u00e1nak lehet\u0151s\u00e9geit a belf\u00f6ldi piaci \u00e1ringadoz\u00e1sok m\u00e9rs\u00e9kl\u00e9se \u00e9rdek\u00e9ben.<\/p><h4 data-path-to-node=\"14\"><b data-path-to-node=\"14\" data-index-in-node=\"0\">Aj\u00e1nl\u00e1sok a polg\u00e1rok \u00e9s a v\u00e9szhelyzeti kommunik\u00e1ci\u00f3 sz\u00e1m\u00e1ra<\/b><\/h4><p data-path-to-node=\"15\">A Szlov\u00e1k K\u00f6zt\u00e1rsas\u00e1g K\u00fcl\u00fcgyi \u00e9s Kereskedelmi Miniszt\u00e9riuma azt javasolja, hogy a j\u00e1rv\u00e1ny \u00e1ltal \u00e9rintett ter\u00fcleteken tart\u00f3zkod\u00f3 Szlov\u00e1k K\u00f6zt\u00e1rsas\u00e1g \u00e1llampolg\u00e1rai aktiv\u00e1lj\u00e1k a \u201ehelyben marad\u00e1s\u201d rendszert. Megfelel\u0151 helyek az ablak n\u00e9lk\u00fcli bels\u0151 szob\u00e1k, ide\u00e1lis esetben minim\u00e1lis sz\u00e1m\u00fa k\u00fcls\u0151 fallal. Fontos, hogy k\u00f6vess\u00e9k a helyi hat\u00f3s\u00e1gok, p\u00e9ld\u00e1ul az Egyes\u00fclt Arab Em\u00edrs\u00e9gek Nemzeti V\u00e9szhelyzeti \u00e9s Katasztr\u00f3fav\u00e9delmi Hat\u00f3s\u00e1g\u00e1nak (NCEMA) hivatalos csatorn\u00e1it, \u00e9s szigor\u00faan tarts\u00e1k be utas\u00edt\u00e1saikat.<\/p><p data-path-to-node=\"16\">V\u00e9szhelyzet eset\u00e9n a pozsonyi Nemzetk\u00f6zi V\u00e1ls\u00e1gkezel\u00e9si K\u00f6zpont \u00e9s a nagyk\u00f6vets\u00e9gi h\u00e1l\u00f3zat el\u00e9rhet\u0151:<\/p><ul data-path-to-node=\"17\"><li><p data-path-to-node=\"17,0,0\"><b data-path-to-node=\"17,0,0\" data-index-in-node=\"0\">Nemzetk\u00f6zi M\u0171veleti V\u00e1ls\u00e1gk\u00f6zpont (24\/7):<\/b> +421 2 5978 5978 \/ +421 906 07 5978<\/p><\/li><li><p data-path-to-node=\"17,1,0\"><b data-path-to-node=\"17,1,0\" data-index-in-node=\"0\">Tel-Avivi Egyetem (Izrael):<\/b> +972 544 556 640<\/p><\/li><li><p data-path-to-node=\"17,2,0\"><b data-path-to-node=\"17,2,0\" data-index-in-node=\"0\">Abu Dhabi Nemzetk\u00f6zi Rep\u00fcl\u0151t\u00e9r (Egyes\u00fclt Arab Em\u00edrs\u00e9gek):<\/b> +971 2 594 9130<\/p><\/li><li><p data-path-to-node=\"17,3,0\"><b data-path-to-node=\"17,3,0\" data-index-in-node=\"0\">VZU Bejr\u00fat (Libanon, Jord\u00e1nia, Irak):<\/b> +961 1 216 808<\/p><\/li><li><p data-path-to-node=\"17,4,0\"><b data-path-to-node=\"17,4,0\" data-index-in-node=\"0\">VZU Teher\u00e1n (Ir\u00e1n):<\/b> +98 912 215 5727<\/p><\/li><li><p data-path-to-node=\"17,5,0\"><b data-path-to-node=\"17,5,0\" data-index-in-node=\"0\">Kair\u00f3i Egyetem (Egyiptom, Om\u00e1n):<\/b> +20 122 216 8086<\/p><\/li><li><p data-path-to-node=\"17,6,0\"><b data-path-to-node=\"17,6,0\" data-index-in-node=\"0\">Rij\u00e1d (Sza\u00fad-Ar\u00e1bia):<\/b> +966 11 488 2269<\/p><\/li><li><p data-path-to-node=\"17,7,0\"><b data-path-to-node=\"17,7,0\" data-index-in-node=\"0\">VZU Kuwait (Kuvait, Bahrein, Katar):<\/b> +965 2531 4530<\/p><\/li><\/ul><p data-path-to-node=\"18\">A Szlov\u00e1k K\u00f6zt\u00e1rsas\u00e1g K\u00fcl\u00fcgyminiszt\u00e9riuma eml\u00e9keztet arra, hogy az utaz\u00e1si aj\u00e1nl\u00e1sok fontos inform\u00e1ci\u00f3s eszk\u00f6z\u00f6k, \u00e9s minden k\u00fclf\u00f6ld\u00f6n tart\u00f3zkod\u00f3 \u00e1llampolg\u00e1r szem\u00e9lyes felel\u0151ss\u00e9ggel tartozik d\u00f6nt\u00e9sei\u00e9rt, mik\u00f6zben a Diplom\u00e1ciai Miniszt\u00e9rium minden er\u0151fesz\u00edt\u00e9st megtesz a folyamatban l\u00e9v\u0151 v\u00e1ls\u00e1g szlov\u00e1k \u00e1llampolg\u00e1rok \u00e9let\u00e9re \u00e9s vagyon\u00e1ra gyakorolt hat\u00e1sainak enyh\u00edt\u00e9s\u00e9re.<\/p><hr data-path-to-node=\"19\" \/><p data-path-to-node=\"20\"><b data-path-to-node=\"20\" data-index-in-node=\"0\">Forr\u00e1s:<\/b> Szlov\u00e1k K\u00f6zt\u00e1rsas\u00e1g K\u00fcl\u00fcgyminiszt\u00e9riuma \u00e9s Eur\u00f3pai \u00dcgyek Miniszt\u00e9riuma \/ vizum.sk <b data-path-to-node=\"20\" data-index-in-node=\"77\">D\u00e1tum:<\/b> 01. 03. 2026<\/p>\t\t\t\t\t\t<\/div>\n\t\t\t\t<\/div>\n\t\t\t\t\t<\/div>\n\t\t<\/div>\n\t\t\t\t\t<\/div>\n\t\t<\/section>\n\t\t\t\t<\/div>","protected":false},"excerpt":{"rendered":"<p>\u00c1tfog\u00f3 elemz\u00e9s \u00e9s biztons\u00e1gi ir\u00e1nyelvek a k\u00f6zel-keleti t\u00e9rs\u00e9gben zajl\u00f3 eszkal\u00e1ci\u00f3val kapcsolatban Pozsony, 2026. m\u00e1rcius 1. \u2013 A Szlov\u00e1k K\u00f6zt\u00e1rsas\u00e1g K\u00fcl\u00fcgyminiszt\u00e9riuma \u00e9s Eur\u00f3pa-\u00fcgyi Miniszt\u00e9riuma (MZVEZ SR) a Bel\u00fcgyminiszt\u00e9riummal \u00e9s a nemzetk\u00f6zi partnerekkel szorosan egy\u00fcttm\u0171k\u00f6dve figyelemmel k\u00eds\u00e9ri a t\u00e1gabb k\u00f6zel-keleti r\u00e9gi\u00f3 biztons\u00e1gi helyzet\u00e9nek kritikus roml\u00e1s\u00e1t. Az ir\u00e1ni legmagasabb rang\u00fa tisztvisel\u0151 meger\u0151s\u00edtett hal\u00e1l\u00e1t k\u00f6vet\u0151en [\u2026]<\/p>","protected":false},"author":1,"featured_media":14589,"comment_status":"open","ping_status":"open","sticky":false,"template":"","format":"standard","meta":{"footnotes":"","iawp_total_views":56},"categories":[81,70],"tags":[],"acf":[],"_links":{"self":[{"href":"https:\/\/vizum.sk\/hu\/wp-json\/wp\/v2\/posts\/14588"}],"collection":[{"href":"https:\/\/vizum.sk\/hu\/wp-json\/wp\/v2\/posts"}],"about":[{"href":"https:\/\/vizum.sk\/hu\/wp-json\/wp\/v2\/types\/post"}],"author":[{"embeddable":true,"href":"https:\/\/vizum.sk\/hu\/wp-json\/wp\/v2\/users\/1"}],"replies":[{"embeddable":true,"href":"https:\/\/vizum.sk\/hu\/wp-json\/wp\/v2\/comments?post=14588"}],"version-history":[{"count":6,"href":"https:\/\/vizum.sk\/hu\/wp-json\/wp\/v2\/posts\/14588\/revisions"}],"predecessor-version":[{"id":14595,"href":"https:\/\/vizum.sk\/hu\/wp-json\/wp\/v2\/posts\/14588\/revisions\/14595"}],"wp:featuredmedia":[{"embeddable":true,"href":"https:\/\/vizum.sk\/hu\/wp-json\/wp\/v2\/media\/14589"}],"wp:attachment":[{"href":"https:\/\/vizum.sk\/hu\/wp-json\/wp\/v2\/media?parent=14588"}],"wp:term":[{"taxonomy":"category","embeddable":true,"href":"https:\/\/vizum.sk\/hu\/wp-json\/wp\/v2\/categories?post=14588"},{"taxonomy":"post_tag","embeddable":true,"href":"https:\/\/vizum.sk\/hu\/wp-json\/wp\/v2\/tags?post=14588"}],"curies":[{"name":"wp","href":"https:\/\/api.w.org\/{rel}","templated":true}]}}