{"id":2938,"date":"2022-09-30T00:12:42","date_gmt":"2022-09-29T22:12:42","guid":{"rendered":"https:\/\/vizum.sk\/?p=2938"},"modified":"2022-09-30T19:57:35","modified_gmt":"2022-09-30T17:57:35","slug":"aktualna-situacia-ruska-federacia","status":"publish","type":"post","link":"https:\/\/vizum.sk\/hu\/az-orosz-foderacio-jelenlegi-helyzete\/","title":{"rendered":"Jelenlegi helyzet - Orosz F\u00f6der\u00e1ci\u00f3"},"content":{"rendered":"<div data-elementor-type=\"wp-post\" data-elementor-id=\"2938\" class=\"elementor elementor-2938\">\n\t\t\t\t\t\t<section class=\"elementor-section elementor-top-section elementor-element elementor-element-10ca634 elementor-section-boxed elementor-section-height-default elementor-section-height-default\" data-id=\"10ca634\" data-element_type=\"section\">\n\t\t\t\t\t\t<div class=\"elementor-container elementor-column-gap-default\">\n\t\t\t\t\t<div class=\"elementor-column elementor-col-100 elementor-top-column elementor-element elementor-element-f84339c\" data-id=\"f84339c\" data-element_type=\"column\">\n\t\t\t<div class=\"elementor-widget-wrap elementor-element-populated\">\n\t\t\t\t\t\t<div class=\"elementor-element elementor-element-75748cd elementor-widget elementor-widget-text-editor\" data-id=\"75748cd\" data-element_type=\"widget\" data-widget_type=\"text-editor.default\">\n\t\t\t\t<div class=\"elementor-widget-container\">\n\t\t\t\t\t\t\t<p>Kedves \u00dcgyfeleink!\u00a0<\/p><p>T\u00e1j\u00e9koztatjuk \u00d6n\u00f6ket, hogy az Orosz F\u00f6der\u00e1ci\u00f3 nagyk\u00f6vets\u00e9gein jelenleg probl\u00e9ma van a Szlov\u00e1k K\u00f6zt\u00e1rsas\u00e1gba ir\u00e1nyul\u00f3 v\u00edzumk\u00e9relmekkel. A v\u00edzum megszerz\u00e9s\u00e9re vagy a tart\u00f3zkod\u00e1si enged\u00e9ly k\u00e9relmez\u00e9s\u00e9re vonatkoz\u00f3 jelenlegi \u00fcres id\u0151pontok meghaladj\u00e1k a 6 h\u00f3napos v\u00e1rakoz\u00e1si id\u0151t.\u00a0<\/p><p>Ez\u00e9rt jelenleg nem fogadunk el p\u00e1ly\u00e1zatokat az Orosz F\u00f6der\u00e1ci\u00f3 \u00e1llampolg\u00e1rait\u00f3l, akik haz\u00e1jukban tart\u00f3zkodnak. A szlov\u00e1k nagyk\u00f6vets\u00e9gek sem fogadnak el turista v\u00edzumk\u00e9relmeket.\u00a0<\/p>\t\t\t\t\t\t<\/div>\n\t\t\t\t<\/div>\n\t\t\t\t\t<\/div>\n\t\t<\/div>\n\t\t\t\t\t<\/div>\n\t\t<\/section>\n\t\t\t\t<\/div>","protected":false},"excerpt":{"rendered":"<p>Tisztelt \u00dcgyfeleink, szeretn\u00e9nk t\u00e1j\u00e9koztatni \u00d6n\u00f6ket, hogy jelenleg probl\u00e9m\u00e1t tapasztalunk a Szlov\u00e1k K\u00f6zt\u00e1rsas\u00e1gba ir\u00e1nyul\u00f3 v\u00edzumk\u00e9relmekkel kapcsolatban az Orosz F\u00f6der\u00e1ci\u00f3 nagyk\u00f6vets\u00e9gein\u00e9l. A v\u00edzum megszerz\u00e9s\u00e9re vagy a tart\u00f3zkod\u00e1si enged\u00e9ly k\u00e9relmez\u00e9s\u00e9re vonatkoz\u00f3 jelenlegi \u00fcres id\u0151pontok meghaladj\u00e1k a 6 h\u00f3napos v\u00e1rakoz\u00e1si id\u0151t. Emiatt jelenleg nem fogadjuk el az Orosz F\u00f6der\u00e1ci\u00f3 \u00e1llampolg\u00e1rainak k\u00e9relmeit, akik [...]<\/p>","protected":false},"author":1,"featured_media":2894,"comment_status":"open","ping_status":"open","sticky":false,"template":"","format":"standard","meta":{"footnotes":"","iawp_total_views":35},"categories":[50,45],"tags":[],"acf":[],"_links":{"self":[{"href":"https:\/\/vizum.sk\/hu\/wp-json\/wp\/v2\/posts\/2938"}],"collection":[{"href":"https:\/\/vizum.sk\/hu\/wp-json\/wp\/v2\/posts"}],"about":[{"href":"https:\/\/vizum.sk\/hu\/wp-json\/wp\/v2\/types\/post"}],"author":[{"embeddable":true,"href":"https:\/\/vizum.sk\/hu\/wp-json\/wp\/v2\/users\/1"}],"replies":[{"embeddable":true,"href":"https:\/\/vizum.sk\/hu\/wp-json\/wp\/v2\/comments?post=2938"}],"version-history":[{"count":0,"href":"https:\/\/vizum.sk\/hu\/wp-json\/wp\/v2\/posts\/2938\/revisions"}],"wp:featuredmedia":[{"embeddable":true,"href":"https:\/\/vizum.sk\/hu\/wp-json\/wp\/v2\/media\/2894"}],"wp:attachment":[{"href":"https:\/\/vizum.sk\/hu\/wp-json\/wp\/v2\/media?parent=2938"}],"wp:term":[{"taxonomy":"category","embeddable":true,"href":"https:\/\/vizum.sk\/hu\/wp-json\/wp\/v2\/categories?post=2938"},{"taxonomy":"post_tag","embeddable":true,"href":"https:\/\/vizum.sk\/hu\/wp-json\/wp\/v2\/tags?post=2938"}],"curies":[{"name":"wp","href":"https:\/\/api.w.org\/{rel}","templated":true}]}}