{"id":2983,"date":"2022-10-20T09:40:31","date_gmt":"2022-10-20T07:40:31","guid":{"rendered":"https:\/\/vizum.sk\/?p=2983"},"modified":"2022-11-21T18:43:12","modified_gmt":"2022-11-21T17:43:12","slug":"zmeny-v-cennikoch-poskytovanych-sluzieb","status":"publish","type":"post","link":"https:\/\/vizum.sk\/hu\/a-nyujtott-szolgaltatasok-arlistainak-valtozasai-2\/","title":{"rendered":"A ny\u00fajtott szolg\u00e1ltat\u00e1sok d\u00edjszab\u00e1s\u00e1nak m\u00f3dos\u00edt\u00e1sa"},"content":{"rendered":"<div data-elementor-type=\"wp-post\" data-elementor-id=\"2983\" class=\"elementor elementor-2983\">\n\t\t\t\t\t\t<section class=\"elementor-section elementor-top-section elementor-element elementor-element-408fccc elementor-section-boxed elementor-section-height-default elementor-section-height-default\" data-id=\"408fccc\" data-element_type=\"section\">\n\t\t\t\t\t\t<div class=\"elementor-container elementor-column-gap-default\">\n\t\t\t\t\t<div class=\"elementor-column elementor-col-100 elementor-top-column elementor-element elementor-element-6388f2d\" data-id=\"6388f2d\" data-element_type=\"column\">\n\t\t\t<div class=\"elementor-widget-wrap elementor-element-populated\">\n\t\t\t\t\t\t<div class=\"elementor-element elementor-element-d14c9e5 elementor-widget elementor-widget-heading\" data-id=\"d14c9e5\" data-element_type=\"widget\" data-widget_type=\"heading.default\">\n\t\t\t\t<div class=\"elementor-widget-container\">\n\t\t\t<h2 class=\"elementor-heading-title elementor-size-default\">A ny\u00fajtott szolg\u00e1ltat\u00e1sok d\u00edjszab\u00e1s\u00e1nak m\u00f3dos\u00edt\u00e1sa <\/h2>\t\t<\/div>\n\t\t\t\t<\/div>\n\t\t\t\t\t<\/div>\n\t\t<\/div>\n\t\t\t\t\t<\/div>\n\t\t<\/section>\n\t\t\t\t<section class=\"elementor-section elementor-top-section elementor-element elementor-element-042ebba elementor-section-boxed elementor-section-height-default elementor-section-height-default\" data-id=\"042ebba\" data-element_type=\"section\">\n\t\t\t\t\t\t<div class=\"elementor-container elementor-column-gap-default\">\n\t\t\t\t\t<div class=\"elementor-column elementor-col-100 elementor-top-column elementor-element elementor-element-ccf1ade\" data-id=\"ccf1ade\" data-element_type=\"column\">\n\t\t\t<div class=\"elementor-widget-wrap elementor-element-populated\">\n\t\t\t\t\t\t<div class=\"elementor-element elementor-element-46d2410 elementor-widget elementor-widget-text-editor\" data-id=\"46d2410\" data-element_type=\"widget\" data-widget_type=\"text-editor.default\">\n\t\t\t\t<div class=\"elementor-widget-container\">\n\t\t\t\t\t\t\t<p>Kedves \u00dcgyf\u00e9l,<\/p><p>A glob\u00e1lis infl\u00e1ci\u00f3 okozta jelenlegi folyamatos piaci \u00e1remelked\u00e9sek alapj\u00e1n arra az elker\u00fclhetetlen k\u00f6vetkeztet\u00e9sre jutottunk, hogy a ny\u00fajtott szolg\u00e1ltat\u00e1sok \u00e1rai \u00e1tlagosan 20%-tel emelkednek. Mi a v\u00e1ls\u00e1g kezdete \u00f3ta proakt\u00edvan v\u00e1ltozatlanul tartottuk \u00e1rainkat, de partnereink is emelt\u00e9k \u00e1raikat, ami n\u00f6velte \u00fczleti k\u00f6lts\u00e9geinket. Ez\u00e9rt mi is k\u00e9nytelenek voltunk emiatt \u00e1remel\u00e9ssel \u00e9lni.\u00a0<\/p><p>Az \u00e1rlista kiigaz\u00edt\u00e1sa radik\u00e1lisnak t\u0171nhet, de figyelembe v\u00e9ve a jelenlegi szlov\u00e1kiai infl\u00e1ci\u00f3s helyzetet, amely okt\u00f3berben el\u00e9rte a 18%-t, ez a l\u00e9p\u00e9s sz\u00fcks\u00e9ges a r\u00e9sz\u00fcnkr\u0151l annak \u00e9rdek\u00e9ben, hogy v\u00e1ltozatlan felt\u00e9telek mellett tov\u00e1bbra is ugyanazt a szolg\u00e1ltat\u00e1si min\u0151s\u00e9get ny\u00fajtsuk, \u00e9s ne befoly\u00e1soljuk a tart\u00f3zkod\u00e1s enged\u00e9lyez\u00e9s\u00e9nek folyamat\u00e1t, illetve ne sz\u00e1m\u00edtsunk fel t\u00f6bbletd\u00edjat a szolg\u00e1ltat\u00e1sainkat jelenleg ig\u00e9nybe vev\u0151 \u00fcgyfeleknek.\u00a0<\/p><p><strong>A jelenlegi m\u00f3dos\u00edt\u00e1sok 2022.11.01-t\u0151l \u00e9rv\u00e9nyesek, \u00e9s csak az \u00fajonnan l\u00e9tes\u00edtett szerz\u0151d\u00e9ses kapcsolatokra vonatkoznak.<br \/><\/strong> A folyamatban l\u00e9v\u0151 szerz\u0151d\u00e9ses kapcsolatokat ez a v\u00e1ltoz\u00e1s nem \u00e9rinti, \u00e9s a folyamatban l\u00e9v\u0151 elj\u00e1r\u00e1sok szerz\u0151d\u00e9ses felt\u00e9teleit nem m\u00f3dos\u00edtjuk m\u00f3dos\u00edt\u00e1sokkal.\u00a0<\/p><p>B\u00e1r nem sz\u00edvesen jelentj\u00fck be ezt a t\u00e9nyt, ezt a l\u00e9p\u00e9st t\u00f6bbsz\u00f6ri t\u00e1rgyal\u00e1s ut\u00e1n nem lehetett elker\u00fclni.\u00a0<\/p><p>\u0150szint\u00e9n rem\u00e9lj\u00fck, hogy meg\u00e9rt\u00e9ssel fogadj\u00e1k ezt az \u00fczenetet.\u00a0<\/p><p>Tisztelettel,\u00a0<br \/>Az \u00d6n Szlov\u00e1ki\u00e1ba k\u00f6lt\u00f6z\u0151 csapata<br \/>MTS Consulting, s.r.o.<\/p>\t\t\t\t\t\t<\/div>\n\t\t\t\t<\/div>\n\t\t\t\t\t<\/div>\n\t\t<\/div>\n\t\t\t\t\t<\/div>\n\t\t<\/section>\n\t\t\t\t<\/div>","protected":false},"excerpt":{"rendered":"<p>A Szolg\u00e1ltat\u00e1sok d\u00edjszab\u00e1s\u00e1nak m\u00f3dos\u00edt\u00e1sa Kedves \u00dcgyfel\u00fcnk, A glob\u00e1lis infl\u00e1ci\u00f3 okozta jelenlegi folyamatos piaci \u00e1remelked\u00e9s alapj\u00e1n arra az elker\u00fclhetetlen k\u00f6vetkeztet\u00e9sre jutottunk, hogy a ny\u00fajtott szolg\u00e1ltat\u00e1sok \u00e1rait \u00e1tlagosan 20%-tal megemelj\u00fck. Mi a v\u00e1ls\u00e1g kezdete \u00f3ta proakt\u00edvan v\u00e1ltozatlanul tartottuk \u00e1rainkat, de partnereink is emelt\u00e9k \u00e1raikat, ami [...]<\/p>","protected":false},"author":1,"featured_media":2986,"comment_status":"open","ping_status":"open","sticky":false,"template":"","format":"standard","meta":{"footnotes":"","iawp_total_views":20},"categories":[51],"tags":[],"acf":[],"_links":{"self":[{"href":"https:\/\/vizum.sk\/hu\/wp-json\/wp\/v2\/posts\/2983"}],"collection":[{"href":"https:\/\/vizum.sk\/hu\/wp-json\/wp\/v2\/posts"}],"about":[{"href":"https:\/\/vizum.sk\/hu\/wp-json\/wp\/v2\/types\/post"}],"author":[{"embeddable":true,"href":"https:\/\/vizum.sk\/hu\/wp-json\/wp\/v2\/users\/1"}],"replies":[{"embeddable":true,"href":"https:\/\/vizum.sk\/hu\/wp-json\/wp\/v2\/comments?post=2983"}],"version-history":[{"count":0,"href":"https:\/\/vizum.sk\/hu\/wp-json\/wp\/v2\/posts\/2983\/revisions"}],"wp:featuredmedia":[{"embeddable":true,"href":"https:\/\/vizum.sk\/hu\/wp-json\/wp\/v2\/media\/2986"}],"wp:attachment":[{"href":"https:\/\/vizum.sk\/hu\/wp-json\/wp\/v2\/media?parent=2983"}],"wp:term":[{"taxonomy":"category","embeddable":true,"href":"https:\/\/vizum.sk\/hu\/wp-json\/wp\/v2\/categories?post=2983"},{"taxonomy":"post_tag","embeddable":true,"href":"https:\/\/vizum.sk\/hu\/wp-json\/wp\/v2\/tags?post=2983"}],"curies":[{"name":"wp","href":"https:\/\/api.w.org\/{rel}","templated":true}]}}