{"id":3534,"date":"2023-01-01T19:55:52","date_gmt":"2023-01-01T18:55:52","guid":{"rendered":"https:\/\/vizum.sk\/?p=3534"},"modified":"2023-01-07T21:14:25","modified_gmt":"2023-01-07T20:14:25","slug":"vstup-chorvatska-do-schengenu","status":"publish","type":"post","link":"https:\/\/vizum.sk\/hu\/horvatorszag-belepese-a-schengeni-ovezetbe\/","title":{"rendered":"Horv\u00e1torsz\u00e1g csatlakoz\u00e1sa a schengeni t\u00e9rs\u00e9ghez"},"content":{"rendered":"<div data-elementor-type=\"wp-post\" data-elementor-id=\"3534\" class=\"elementor elementor-3534\">\n\t\t\t\t\t\t<section class=\"elementor-section elementor-top-section elementor-element elementor-element-b5fc0e7 elementor-section-boxed elementor-section-height-default elementor-section-height-default\" data-id=\"b5fc0e7\" data-element_type=\"section\">\n\t\t\t\t\t\t<div class=\"elementor-container elementor-column-gap-default\">\n\t\t\t\t\t<div class=\"elementor-column elementor-col-100 elementor-top-column elementor-element elementor-element-7256eab\" data-id=\"7256eab\" data-element_type=\"column\">\n\t\t\t<div class=\"elementor-widget-wrap elementor-element-populated\">\n\t\t\t\t\t\t<div class=\"elementor-element elementor-element-1287647 elementor-widget elementor-widget-text-editor\" data-id=\"1287647\" data-element_type=\"widget\" data-widget_type=\"text-editor.default\">\n\t\t\t\t<div class=\"elementor-widget-container\">\n\t\t\t\t\t\t\t<h4><strong>Horv\u00e1torsz\u00e1g megnyitja hat\u00e1rait Schengen el\u0151tt<\/strong><\/h4><h6><strong>Horv\u00e1torsz\u00e1g felv\u00e9tel\u00e9re h\u00e1rom \u00e9vvel azut\u00e1n ker\u00fclt sor, hogy az Eur\u00f3pai Bizotts\u00e1g el\u0151sz\u00f6r \u00e9rt\u00e9kelte, hogy az orsz\u00e1g megfelel a hagyom\u00e1nyos hat\u00e1rok n\u00e9lk\u00fcli \u00f6vezethez val\u00f3 csatlakoz\u00e1s felt\u00e9teleinek. Ez v\u00e9g\u00fcl az orsz\u00e1g eur\u00f3pai integr\u00e1ci\u00f3j\u00e1nak k\u00f6vetkez\u0151 nagy l\u00e9p\u00e9s\u00e9vel, az eur\u00f3 bevezet\u00e9s\u00e9vel egy id\u0151ben v\u00e1lik majd val\u00f3s\u00e1gg\u00e1. A k\u00f6z\u00f6s valuta horv\u00e1torsz\u00e1gi bevezet\u00e9s\u00e9r\u0151l az uni\u00f3s p\u00e9nz\u00fcgyminiszterek j\u00faliusban \u00e1llapodtak meg.<\/strong><\/h6><p>Andrej Plenkovic horv\u00e1t minisztereln\u00f6k vas\u00e1rnap a szlov\u00e9n hat\u00e1r\u00e1tkel\u0151n\u00e9l fogadta Ursula von der Leyen, az Eur\u00f3pai Bizotts\u00e1g eln\u00f6k\u00e9t, hogy meg\u00fcnnepelje Horv\u00e1torsz\u00e1g bel\u00e9p\u00e9s\u00e9t a szabad mozg\u00e1s schengeni \u00f6vezet\u00e9be. A hat\u00e1r\u00e1tkel\u0151helyeken \u00e9jf\u00e9lkor feloldott\u00e1k a soromp\u00f3kat.<\/p><p>Az orsz\u00e1g az eur\u00f3\u00f6vezethez val\u00f3 csatlakoz\u00e1s\u00e1t is \u00fcnnepli: a p\u00e9nz\u00fcgyminiszter \u00e9s a k\u00f6zponti bank vezet\u0151je jelk\u00e9pesen eur\u00f3t vett ki egy z\u00e1gr\u00e1bi bankautomat\u00e1b\u00f3l - jelentette a horv\u00e1t m\u00e9dia.<\/p><h5><strong>Nyaraljon Horv\u00e1torsz\u00e1gban az EUROM seg\u00edts\u00e9g\u00e9vel, a hat\u00e1r\u00e1tkel\u0151k\u00f6n kialakult sorban \u00e1ll\u00e1s n\u00e9lk\u00fcl<\/strong><\/h5><p>Vas\u00e1rnap Horv\u00e1torsz\u00e1gban is hat\u00e1lyba l\u00e9pett a k\u00f6z\u00f6s eur\u00f3pai valuta, az eur\u00f3. Marko Primorac p\u00e9nz\u00fcgyminiszter Vujcic korm\u00e1nyf\u0151vel egy\u00fctt \u00fcnnepelte a l\u00e9p\u00e9st, \u00e9s mindketten 50 eur\u00f3t vettek ki egy bankautomat\u00e1b\u00f3l.\u00a0<strong>&#8220;<\/strong><strong>B\u00fcszke vagyok arra, hogy az Eur\u00f3pai Uni\u00f3hoz val\u00f3 csatlakoz\u00e1sunk \u00f3ta eltelt kevesebb mint t\u00edz \u00e9v alatt \u00fajabb strat\u00e9giai c\u00e9lt \u00e9rt\u00fcnk el, \u00e9s hogy Horv\u00e1torsz\u00e1g imm\u00e1r az eur\u00f3\u00f6vezet tagja.\" - tette hozz\u00e1.<\/strong>\u00a0Primorac az N1-nek nyilatkozva hozz\u00e1tette, hogy az eur\u00f3\u00a0<strong>\"a stabilit\u00e1s szil\u00e1rd alapja\"\u00a0<\/strong>az aktu\u00e1lis\u00a0<strong>\"viharos id\u0151k\".<\/strong>\u00a0Vujcic a horv\u00e1t ATM-ekb\u0151l t\u00f6rt\u00e9n\u0151 eur\u00f3felv\u00e9tel lehet\u0151s\u00e9g\u00e9t \u00fagy jellemezte, hogy\u00a0<strong>\"nagyszer\u0171 \u00e9rz\u00e9s\"<\/strong>.\u00a0<strong>\"Ellen\u00e1ll\u00f3bbak lesz\u00fcnk a v\u00e1ls\u00e1gokkal szemben, \u00e9s vonz\u00f3bbak lesz\u00fcnk a befektet\u00e9sek \u00e9s az \u00fczleti \u00e9let sz\u00e1m\u00e1ra.\"<\/strong>\u00a0Hozz\u00e1tette.<\/p><div class=\"headline-meta-source\">Forr\u00e1s: ta3 tasr \u010dtk<\/div><div class=\"headline-meta-source\">Fot\u00f3 forr\u00e1sa: TASR\/AP<\/div>\t\t\t\t\t\t<\/div>\n\t\t\t\t<\/div>\n\t\t\t\t\t<\/div>\n\t\t<\/div>\n\t\t\t\t\t<\/div>\n\t\t<\/section>\n\t\t\t\t<\/div>","protected":false},"excerpt":{"rendered":"<p>Horv\u00e1torsz\u00e1g megnyitja hat\u00e1rait a schengeni \u00f6vezet el\u0151tt Horv\u00e1torsz\u00e1got h\u00e1rom \u00e9vvel azut\u00e1n vett\u00e9k fel, hogy az Eur\u00f3pai Bizotts\u00e1g el\u0151sz\u00f6r \u00e9rt\u00e9kelte, hogy az orsz\u00e1g megfelel a hagyom\u00e1nyos hat\u00e1rok n\u00e9lk\u00fcli \u00f6vezethez val\u00f3 csatlakoz\u00e1s felt\u00e9teleinek. Ez v\u00e9g\u00fcl az orsz\u00e1g eur\u00f3pai integr\u00e1ci\u00f3j\u00e1nak k\u00f6vetkez\u0151 nagy l\u00e9p\u00e9s\u00e9vel, az eur\u00f3 bevezet\u00e9s\u00e9vel egy id\u0151ben v\u00e1lik val\u00f3s\u00e1gg\u00e1. A k\u00f6z\u00f6s valuta horv\u00e1torsz\u00e1gi bevezet\u00e9s\u00e9r\u0151l az uni\u00f3s p\u00e9nz\u00fcgyminiszterek meg\u00e1llapodtak [...]<\/p>","protected":false},"author":1,"featured_media":3795,"comment_status":"open","ping_status":"open","sticky":false,"template":"","format":"standard","meta":{"footnotes":"","iawp_total_views":17},"categories":[50],"tags":[],"acf":[],"_links":{"self":[{"href":"https:\/\/vizum.sk\/hu\/wp-json\/wp\/v2\/posts\/3534"}],"collection":[{"href":"https:\/\/vizum.sk\/hu\/wp-json\/wp\/v2\/posts"}],"about":[{"href":"https:\/\/vizum.sk\/hu\/wp-json\/wp\/v2\/types\/post"}],"author":[{"embeddable":true,"href":"https:\/\/vizum.sk\/hu\/wp-json\/wp\/v2\/users\/1"}],"replies":[{"embeddable":true,"href":"https:\/\/vizum.sk\/hu\/wp-json\/wp\/v2\/comments?post=3534"}],"version-history":[{"count":0,"href":"https:\/\/vizum.sk\/hu\/wp-json\/wp\/v2\/posts\/3534\/revisions"}],"wp:featuredmedia":[{"embeddable":true,"href":"https:\/\/vizum.sk\/hu\/wp-json\/wp\/v2\/media\/3795"}],"wp:attachment":[{"href":"https:\/\/vizum.sk\/hu\/wp-json\/wp\/v2\/media?parent=3534"}],"wp:term":[{"taxonomy":"category","embeddable":true,"href":"https:\/\/vizum.sk\/hu\/wp-json\/wp\/v2\/categories?post=3534"},{"taxonomy":"post_tag","embeddable":true,"href":"https:\/\/vizum.sk\/hu\/wp-json\/wp\/v2\/tags?post=3534"}],"curies":[{"name":"wp","href":"https:\/\/api.w.org\/{rel}","templated":true}]}}