{"id":4208,"date":"2023-01-19T10:00:11","date_gmt":"2023-01-19T09:00:11","guid":{"rendered":"https:\/\/vizum.sk\/?p=4208"},"modified":"2023-02-14T11:04:09","modified_gmt":"2023-02-14T10:04:09","slug":"zmena-cudzinecka-policia","status":"publish","type":"post","link":"https:\/\/vizum.sk\/hu\/valtozas-a-bevandorlasi-rendorsegnel\/","title":{"rendered":"V\u00e1ltoz\u00e1s az idegenrend\u00e9szetn\u00e9l"},"content":{"rendered":"<div data-elementor-type=\"wp-post\" data-elementor-id=\"4208\" class=\"elementor elementor-4208\">\n\t\t\t\t\t\t<section class=\"elementor-section elementor-top-section elementor-element elementor-element-52575d0 elementor-section-boxed elementor-section-height-default elementor-section-height-default\" data-id=\"52575d0\" data-element_type=\"section\">\n\t\t\t\t\t\t<div class=\"elementor-container elementor-column-gap-default\">\n\t\t\t\t\t<div class=\"elementor-column elementor-col-100 elementor-top-column elementor-element elementor-element-6968c7f\" data-id=\"6968c7f\" data-element_type=\"column\">\n\t\t\t<div class=\"elementor-widget-wrap elementor-element-populated\">\n\t\t\t\t\t\t<div class=\"elementor-element elementor-element-162c2b1 elementor-widget elementor-widget-text-editor\" data-id=\"162c2b1\" data-element_type=\"widget\" data-widget_type=\"text-editor.default\">\n\t\t\t\t<div class=\"elementor-widget-container\">\n\t\t\t\t\t\t\t<p>Kedves \u00dcgyfeleink!\u00a0<\/p><p>Eml\u00edts\u00fck meg r\u00f6viden az idegenrend\u00e9szetben 2022.12.01-t\u0151l bek\u00f6vetkezett fontos v\u00e1ltoz\u00e1sokat, amelyek jelent\u0151sen jav\u00edtj\u00e1k \u00e9s el\u0151seg\u00edtik a pozit\u00edv v\u00e1ltoz\u00e1sokat a rend\u0151rs\u00e9g ezen egys\u00e9g\u00e9nek oszt\u00e1lyain.\u00a0<br \/><br \/><strong>El\u0151sz\u00f6r is, tal\u00e1n a legfontosabb v\u00e1ltoz\u00e1s maga a tart\u00f3zkod\u00e1si enged\u00e9ly ir\u00e1nti k\u00e9relem. Eddig a lak\u00f3hely szerinti idegenrend\u00e9szet illet\u00e9kes oszt\u00e1ly\u00e1n kellett k\u00e9relmezni. 2022.12.01-t\u0151l a k\u00e9relmez\u0151k mostant\u00f3l az idegenrend\u00e9szet b\u00e1rmelyik oszt\u00e1ly\u00e1n beny\u00fajthatj\u00e1k k\u00e9relm\u00fcket, amely a k\u00e9relem be\u00e9rkez\u00e9s\u00e9t k\u00f6vet\u0151en tov\u00e1bb\u00edtja azt a lak\u00f3hely szerinti illet\u00e9kes oszt\u00e1lyra.<\/strong> <br \/><br \/><em>\"Az ideiglenes tart\u00f3zkod\u00e1sra, az \u00f6t \u00e9vre sz\u00f3l\u00f3 \u00e1lland\u00f3 tart\u00f3zkod\u00e1sra, a t\u0171rt tart\u00f3zkod\u00e1sra \u00e9s a nemzeti v\u00edzumra vonatkoz\u00f3 k\u00e9relmek eset\u00e9ben b\u00e1rmelyik k\u00fclf\u00f6ldi rend\u0151rkapit\u00e1nys\u00e1gon lehet id\u0151pontot k\u00e9rni, \u00e9s nem k\u00f6t\u0151dnek az illet\u00e9kes oszt\u00e1lyhoz.\"<\/em><\/p><p><strong>Az elektronikus foglal\u00e1si rendszer m\u00e1sik \u00fajdons\u00e1ga, hogy m\u00e1s feladatokra is lehet foglalni, m\u00edg eddig csak a tart\u00f3zkod\u00e1si k\u00e9relmekkel kapcsolatos feladatokra lehetett foglalni, mostant\u00f3l a megh\u00edv\u00e1sok ellen\u0151rz\u00e9s\u00e9hez is regisztr\u00e1lni kell a rendszerben. Az inform\u00e1ci\u00f3k az eredeti \u00fczemm\u00f3dban maradnak az oldal \u00f3rasz\u00e1m\u00e1nak \u00e9s az idegenrend\u00e9szet adott oszt\u00e1ly\u00e1nak \u00fczemm\u00f3dj\u00e1nak megfelel\u0151en.\u00a0<\/strong><\/p><p><em>Az elektronikus szolg\u00e1ltat\u00e1sfoglal\u00e1si rendszer lehet\u0151v\u00e9 teszi a regisztr\u00e1ci\u00f3t:<\/em><\/p><ol><li><em>ideiglenes tart\u00f3zkod\u00e1s ir\u00e1nti k\u00e9relem;<\/em><\/li><li><em>az ideiglenes tart\u00f3zkod\u00e1s meghosszabb\u00edt\u00e1sa ir\u00e1nti k\u00e9relem;<\/em><\/li><li><em>uni\u00f3s polg\u00e1rk\u00e9nt val\u00f3 nyilv\u00e1ntart\u00e1sba v\u00e9tel ir\u00e1nti k\u00e9relem;<\/em><\/li><li><em>az uni\u00f3s polg\u00e1r csal\u00e1dtagja tart\u00f3zkod\u00e1si jog\u00e1nak nyilv\u00e1ntart\u00e1sba v\u00e9tele ir\u00e1nti k\u00e9relem;<\/em><\/li><li><em>az uni\u00f3s polg\u00e1r csal\u00e1dtagja \u00e1lland\u00f3 tart\u00f3zkod\u00e1si jog\u00e1nak nyilv\u00e1ntart\u00e1sba v\u00e9tele ir\u00e1nti k\u00e9relem;<\/em><\/li><li><em>5 \u00e9vre sz\u00f3l\u00f3 \u00e1lland\u00f3 tart\u00f3zkod\u00e1s ir\u00e1nti k\u00e9relem;<\/em><\/li><li><em>hat\u00e1rozatlan id\u0151re sz\u00f3l\u00f3 \u00e1lland\u00f3 tart\u00f3zkod\u00e1s ir\u00e1nti k\u00e9relem;<\/em><\/li><li><em>huzamos tart\u00f3zkod\u00e1si enged\u00e9ly ir\u00e1nti k\u00e9relem<\/em><\/li><li><em>t\u0171rt tart\u00f3zkod\u00e1s ir\u00e1nti k\u00e9relem<\/em><\/li><li><em>a megh\u00edv\u00f3 igazol\u00e1sa ir\u00e1nti k\u00e9relem<\/em><\/li><li><em>a tart\u00f3zkod\u00e1si okm\u00e1nyok\/k\u00fclf\u00f6ldiek \u00fati okm\u00e1nyainak kiad\u00e1s\u00e1val kapcsolatos jogi aktusok<\/em><\/li><li><em>nemzeti v\u00edzumok ig\u00e9nyl\u00e9se \/ schengeni v\u00edzumok meghosszabb\u00edt\u00e1sa<\/em><\/li><li><em>alternat\u00edv hiteles\u00edt\u0151t k\u00e9r<\/em><\/li><\/ol><p><em><br \/><\/em>Egy\u00e9b m\u0171veletek, p\u00e9ld\u00e1ul dokumentumok \u00e1tv\u00e9tele, a foglal\u00e1si rendszerben nem szerepl\u0151 dokumentumok beny\u00fajt\u00e1sa a k\u00e9relemhez az Idegenrend\u00e9szeti Oszt\u00e1lyon 15.00 \u00e9s 15.30 \u00f3ra k\u00f6z\u00f6tti hivatali id\u0151ben v\u00e9gezhet\u0151k.<br \/><br \/><strong>K\u00fcl\u00f6n\u00f6sen dics\u00e9retre m\u00e9lt\u00f3 a szem\u00e9lyzeti v\u00e1ltoz\u00e1s a K\u00fcl\u00fcgyi Rend\u0151rs\u00e9g egyes munkahelyein, amely jelent\u0151sen jobbra fordult. Szil\u00e1rdan hisz\u00fcnk abban, hogy ezeket a pozit\u00edv v\u00e1ltoz\u00e1sokat a Bel\u00fcgyminiszt\u00e9rium \u00e9s az egyes egys\u00e9gek \u00e9s oszt\u00e1lyok folytatni fogj\u00e1k.\u00a0<br \/><\/strong><br \/><strong>Forr\u00e1sok:<\/strong><br \/><a href=\"https:\/\/www.minv.sk\/?objednavaci-system-na-ocp\" target=\"_blank\" rel=\"noopener\">Bel\u00fcgyminiszt\u00e9rium, Hat\u00e1r- \u00e9s Idegenrend\u00e9szet - https:\/\/www.minv.sk\/?objednavaci-system-na-ocp<\/a><\/p>\t\t\t\t\t\t<\/div>\n\t\t\t\t<\/div>\n\t\t\t\t\t<\/div>\n\t\t<\/div>\n\t\t\t\t\t<\/div>\n\t\t<\/section>\n\t\t\t\t<\/div>","protected":false},"excerpt":{"rendered":"<p>Kedves \u00fcgyfeleink, r\u00f6viden megeml\u00edtj\u00fck az Idegenrend\u00e9szetben 2022.12.01-t\u0151l bek\u00f6vetkezett fontos v\u00e1ltoz\u00e1sokat, amelyek jelent\u0151sen jav\u00edtj\u00e1k \u00e9s el\u0151seg\u00edtik a pozit\u00edv v\u00e1ltoz\u00e1sokat a rend\u0151rs\u00e9g oszt\u00e1lyain. Kezdj\u00fck tal\u00e1n a legfontosabb v\u00e1ltoz\u00e1s mag\u00e1val a tart\u00f3zkod\u00e1si enged\u00e9ly ir\u00e1nti k\u00e9relemmel. A mai napig k\u00e9relmet kellett beny\u00fajtani a [...]<\/p>","protected":false},"author":1,"featured_media":4209,"comment_status":"open","ping_status":"open","sticky":false,"template":"","format":"standard","meta":{"footnotes":"","iawp_total_views":1250},"categories":[52,46],"tags":[],"acf":[],"_links":{"self":[{"href":"https:\/\/vizum.sk\/hu\/wp-json\/wp\/v2\/posts\/4208"}],"collection":[{"href":"https:\/\/vizum.sk\/hu\/wp-json\/wp\/v2\/posts"}],"about":[{"href":"https:\/\/vizum.sk\/hu\/wp-json\/wp\/v2\/types\/post"}],"author":[{"embeddable":true,"href":"https:\/\/vizum.sk\/hu\/wp-json\/wp\/v2\/users\/1"}],"replies":[{"embeddable":true,"href":"https:\/\/vizum.sk\/hu\/wp-json\/wp\/v2\/comments?post=4208"}],"version-history":[{"count":0,"href":"https:\/\/vizum.sk\/hu\/wp-json\/wp\/v2\/posts\/4208\/revisions"}],"wp:featuredmedia":[{"embeddable":true,"href":"https:\/\/vizum.sk\/hu\/wp-json\/wp\/v2\/media\/4209"}],"wp:attachment":[{"href":"https:\/\/vizum.sk\/hu\/wp-json\/wp\/v2\/media?parent=4208"}],"wp:term":[{"taxonomy":"category","embeddable":true,"href":"https:\/\/vizum.sk\/hu\/wp-json\/wp\/v2\/categories?post=4208"},{"taxonomy":"post_tag","embeddable":true,"href":"https:\/\/vizum.sk\/hu\/wp-json\/wp\/v2\/tags?post=4208"}],"curies":[{"name":"wp","href":"https:\/\/api.w.org\/{rel}","templated":true}]}}