{"id":4237,"date":"2023-02-17T09:33:43","date_gmt":"2023-02-17T08:33:43","guid":{"rendered":"https:\/\/vizum.sk\/?p=4237"},"modified":"2023-02-17T14:01:27","modified_gmt":"2023-02-17T13:01:27","slug":"ruska-federacia-sankciovane-banky","status":"publish","type":"post","link":"https:\/\/vizum.sk\/hu\/az-orosz-foderacio-altal-szankcionalt-bankok\/","title":{"rendered":"Orosz F\u00f6der\u00e1ci\u00f3 - Szankcion\u00e1lt bankok"},"content":{"rendered":"<div data-elementor-type=\"wp-post\" data-elementor-id=\"4237\" class=\"elementor elementor-4237\">\n\t\t\t\t\t\t<section class=\"elementor-section elementor-top-section elementor-element elementor-element-b236794 elementor-section-boxed elementor-section-height-default elementor-section-height-default\" data-id=\"b236794\" data-element_type=\"section\">\n\t\t\t\t\t\t<div class=\"elementor-container elementor-column-gap-default\">\n\t\t\t\t\t<div class=\"elementor-column elementor-col-100 elementor-top-column elementor-element elementor-element-4e44ddf\" data-id=\"4e44ddf\" data-element_type=\"column\">\n\t\t\t<div class=\"elementor-widget-wrap elementor-element-populated\">\n\t\t\t\t\t\t<div class=\"elementor-element elementor-element-3e25b02 elementor-widget elementor-widget-text-editor\" data-id=\"3e25b02\" data-element_type=\"widget\" data-widget_type=\"text-editor.default\">\n\t\t\t\t<div class=\"elementor-widget-container\">\n\t\t\t\t\t\t\t<p>Kedves \u00dcgyfeleink!<\/p><p>T\u00e1j\u00e9koztatjuk \u00d6n\u00f6ket, hogy 2022.12.08-t\u00f3l a szlov\u00e1k hat\u00f3s\u00e1gok, \u00edgy a Bel\u00fcgyminiszt\u00e9rium Hat\u00e1r- \u00e9s Idegenrend\u00e9szeti Hivatala, valamint a K\u00fcl\u00fcgyi \u00e9s Eur\u00f3pai \u00dcgyek Miniszt\u00e9riuma, <strong><span style=\"text-decoration: underline;\">tov\u00e1bb\u00e1 nem fogadj\u00e1k el a sz\u00e1mlaegyenlegek igazol\u00e1s\u00e1t, valamint az orosz \u00e9s feh\u00e9rorosz bankok \u00e1ltal ki\u00e1ll\u00edtott banksz\u00e1mlakivonatokat.<\/span><\/strong>, ugyanakkor sem az Orosz F\u00f6der\u00e1ci\u00f3ban vagy Feh\u00e9roroszorsz\u00e1gban sz\u00e9khellyel rendelkez\u0151 k\u00fclf\u00f6ldi bankok, sem az Eur\u00f3pai Uni\u00f3 \u00e1ltal szankcion\u00e1lt k\u00fclf\u00f6ldi bankok \u00e1ltal ki\u00e1ll\u00edtott igazol\u00e1sokat \u00e9s nyilatkozatokat nem fogadj\u00e1k el.\u00a0<\/p><p>Az al\u00e1bbiakban az Eur\u00f3pai Uni\u00f3 szankci\u00f3s list\u00e1j\u00e1n szerepl\u0151 bankok aktu\u00e1lis list\u00e1j\u00e1t k\u00e9sz\u00edtett\u00fck el \u00d6nnek, azonban nem z\u00e1rhat\u00f3 ki azonnal, hogy olyan bankot, amely nincs rajta a list\u00e1n, vagy id\u0151k\u00f6zben ker\u00fclt fel a szankci\u00f3s list\u00e1ra, nem fogadunk el. Nem v\u00e1llalunk garanci\u00e1t arra, hogy ezt a bejegyz\u00e9st friss\u00edteni fogjuk, \u00e9s a k\u00f6zz\u00e9t\u00e9tel id\u0151pontj\u00e1ban csak t\u00e1j\u00e9koztat\u00f3 jelleg\u0171.<\/p><p>A szankci\u00f3s list\u00e1n jelenleg hivatalosan a k\u00f6vetkez\u0151 p\u00e9nz\u00fcgyi int\u00e9zm\u00e9nyek szerepelnek:<\/p><ul><li>Orosz K\u00f6zponti Bank<\/li><li>Novikombank<\/li><li>Promsvyazbank<\/li><li>Bank Rossiya<\/li><li>VTB Bank PJSC egys\u00e9g JSC<\/li><li>VTB Leasing<\/li><li>Gazprombank JSC<\/li><li>Gazprombank Leasing JSC<\/li><li>Raiffeisen Bank<\/li><li>Nemzetk\u00f6zi AG<\/li><li>Raiffeisen-Leasing<\/li><li>UniCredit SpA<\/li><li>UniCredit Leasing<\/li><li>Sberbank<\/li><li>Sovcombank<\/li><li>PJSC Rosbank<\/li><li>JSC Tinkoff Bank<\/li><li>Orosz Mez\u0151gazdas\u00e1gi Bank<\/li><li>Moszkvai Hitelbank<\/li><li>Belinvestbank JSC<\/li><li>JSC Bank Moscow Industrial Bank<\/li><li>JSC Alfa-Bank<\/li><li>Otkritie Financial Corp. Bank<\/li><\/ul><p><strong>Forr\u00e1s:\u00a0<br \/><\/strong>https:\/\/www.eeas.europa.eu\/eeas\/european-union-sanctions_en<\/p>\t\t\t\t\t\t<\/div>\n\t\t\t\t<\/div>\n\t\t\t\t\t<\/div>\n\t\t<\/div>\n\t\t\t\t\t<\/div>\n\t\t<\/section>\n\t\t\t\t<\/div>","protected":false},"excerpt":{"rendered":"<p>Tisztelt \u00dcgyfeleink, t\u00e1j\u00e9koztatjuk \u00d6n\u00f6ket, hogy 2022.12.08-t\u00f3l a szlov\u00e1k hat\u00f3s\u00e1gok, mint p\u00e9ld\u00e1ul a Bel\u00fcgyminiszt\u00e9rium Hat\u00e1r- \u00e9s K\u00fcl\u00fcgyi Rend\u0151rs\u00e9gi Hivatala, valamint a K\u00fcl\u00fcgyi \u00e9s Eur\u00f3pai \u00dcgyek Miniszt\u00e9riuma nem fogadj\u00e1k el a sz\u00e1mlaegyenlegek igazol\u00e1s\u00e1t, valamint az orosz \u00e9s feh\u00e9rorosz banksz\u00e1ml\u00e1kr\u00f3l sz\u00f3l\u00f3 [...]<\/p>","protected":false},"author":1,"featured_media":4261,"comment_status":"open","ping_status":"open","sticky":false,"template":"","format":"standard","meta":{"footnotes":"","iawp_total_views":524},"categories":[70,52,71],"tags":[],"acf":[],"_links":{"self":[{"href":"https:\/\/vizum.sk\/hu\/wp-json\/wp\/v2\/posts\/4237"}],"collection":[{"href":"https:\/\/vizum.sk\/hu\/wp-json\/wp\/v2\/posts"}],"about":[{"href":"https:\/\/vizum.sk\/hu\/wp-json\/wp\/v2\/types\/post"}],"author":[{"embeddable":true,"href":"https:\/\/vizum.sk\/hu\/wp-json\/wp\/v2\/users\/1"}],"replies":[{"embeddable":true,"href":"https:\/\/vizum.sk\/hu\/wp-json\/wp\/v2\/comments?post=4237"}],"version-history":[{"count":0,"href":"https:\/\/vizum.sk\/hu\/wp-json\/wp\/v2\/posts\/4237\/revisions"}],"wp:featuredmedia":[{"embeddable":true,"href":"https:\/\/vizum.sk\/hu\/wp-json\/wp\/v2\/media\/4261"}],"wp:attachment":[{"href":"https:\/\/vizum.sk\/hu\/wp-json\/wp\/v2\/media?parent=4237"}],"wp:term":[{"taxonomy":"category","embeddable":true,"href":"https:\/\/vizum.sk\/hu\/wp-json\/wp\/v2\/categories?post=4237"},{"taxonomy":"post_tag","embeddable":true,"href":"https:\/\/vizum.sk\/hu\/wp-json\/wp\/v2\/tags?post=4237"}],"curies":[{"name":"wp","href":"https:\/\/api.w.org\/{rel}","templated":true}]}}