{"id":4442,"date":"2023-03-16T12:18:57","date_gmt":"2023-03-16T11:18:57","guid":{"rendered":"https:\/\/vizum.sk\/?p=4442"},"modified":"2023-10-30T11:18:09","modified_gmt":"2023-10-30T10:18:09","slug":"co-je-schengensky-informacny-system","status":"publish","type":"post","link":"https:\/\/vizum.sk\/hu\/mi-a-schengeni-informacios-rendszer\/","title":{"rendered":"Mi az a Schengeni Inform\u00e1ci\u00f3s Rendszer?"},"content":{"rendered":"<div data-elementor-type=\"wp-post\" data-elementor-id=\"4442\" class=\"elementor elementor-4442\">\n\t\t\t\t\t\t<section class=\"elementor-section elementor-top-section elementor-element elementor-element-f6f3213 elementor-section-boxed elementor-section-height-default elementor-section-height-default\" data-id=\"f6f3213\" data-element_type=\"section\">\n\t\t\t\t\t\t<div class=\"elementor-container elementor-column-gap-default\">\n\t\t\t\t\t<div class=\"elementor-column elementor-col-100 elementor-top-column elementor-element elementor-element-2e0391a\" data-id=\"2e0391a\" data-element_type=\"column\">\n\t\t\t<div class=\"elementor-widget-wrap elementor-element-populated\">\n\t\t\t\t\t\t<div class=\"elementor-element elementor-element-f343396 elementor-widget elementor-widget-text-editor\" data-id=\"f343396\" data-element_type=\"widget\" data-widget_type=\"text-editor.default\">\n\t\t\t\t<div class=\"elementor-widget-container\">\n\t\t\t\t\t\t\t<div dir=\"auto\">Kedves \u00dcgyfeleink!<\/div><div dir=\"auto\">Ebben a cikkben az Eur\u00f3pai Uni\u00f3 Schengeni Inform\u00e1ci\u00f3s Rendszer\u00e9nek m\u0171k\u00f6d\u00e9s\u00e9r\u0151l ny\u00fajtunk megosztott inform\u00e1ci\u00f3kat. Ebben a cikkben r\u00e9szletes \u00e9s naprak\u00e9sz inform\u00e1ci\u00f3kat tal\u00e1l a cikk megjelen\u00e9s\u00e9nek id\u0151pontj\u00e1ban.<\/div><div dir=\"auto\">\u00a0<\/div><div id=\"block-ewcms-theme-page-header\"><div class=\"ecl-page-header\"><div class=\"ecl-container\"><div class=\"ecl-page-header__title-container\"><div class=\"x11i5rnm xat24cr x1mh8g0r x1vvkbs xtlvy1s x126k92a\"><div dir=\"auto\">A rendszer az ellen\u0151rz\u00f6tt szem\u00e9ly vagy dolog \u00e1tvil\u00e1g\u00edt\u00e1s\u00e1b\u00f3l \u00e1ll. Hogy a szem\u00e9ly vagy dolog rendelkezik-e nyilv\u00e1ntart\u00e1ssal, \u00e9s hogy abban a pillanatban sz\u00fcks\u00e9ges-e b\u00e1rmilyen int\u00e9zked\u00e9st tenni. P\u00e9ld\u00e1ul egy k\u00f6r\u00f6z\u00f6tt szem\u00e9lyt \u0151rizetbe kell venni, egy elt\u0171nt szem\u00e9lyt v\u00e9delemben kell r\u00e9szes\u00edteni, egy lopott t\u00e1rgyat le kell foglalni stb. A SIS nemcsak a hat\u00e1r\u00e1tkel\u0151helyeken, hanem a belf\u00f6ld\u00f6n is a rend\u0151r\u00f6k rendelkez\u00e9s\u00e9re \u00e1ll. Ebben a rendszerben m\u00e1sodpercenk\u00e9nt k\u00f6r\u00fclbel\u00fcl 400 keres\u00e9st hajtanak v\u00e9gre. Tavaly a rend\u0151r\u00f6k a SIS-nek k\u00f6sz\u00f6nhet\u0151en t\u00f6bb mint 263 ezer szem\u00e9lyt \u00e9s t\u00e1rgyat nyomoztak le.<\/div><\/div><div class=\"x11i5rnm xat24cr x1mh8g0r x1vvkbs xtlvy1s x126k92a\"><div dir=\"auto\">\u00a0<\/div><div dir=\"auto\"><p>A SIS-t haszn\u00e1l\u00f3 valamennyi orsz\u00e1g rendelkezik a rend\u0151rs\u00e9gi hivatalok h\u00e1l\u00f3zat\u00e1val - SIRENE -, amelyek kicser\u00e9lik a szem\u00e9lyeket \u00e9s t\u00e1rgyakat \u00e9rint\u0151 lefoglal\u00e1si esetekre vonatkoz\u00f3 inform\u00e1ci\u00f3kat.<\/p><p>Az egyik orsz\u00e1g \u00e1ltal a SIS-be bevitt figyelmeztet\u0151 jelz\u00e9s val\u00f3s id\u0151ben el\u00e9rhet\u0151 lesz a SIS-t haszn\u00e1l\u00f3 \u00f6sszes t\u00f6bbi orsz\u00e1gban, \u00edgy az illet\u00e9kes hat\u00f3s\u00e1gok az eg\u00e9sz EU-ban megtal\u00e1lhatj\u00e1k a figyelmeztet\u0151 jelz\u00e9st.<\/p><\/div><\/div><\/div><\/div><\/div><\/div><p>\u00a0<\/p><div class=\"ecl-container\"><div class=\"ecl-row\"><div class=\"ecl-col-s-12\"><div id=\"block-ewcms-theme-main-page-content\" class=\"ecl-u-mb-l\" data-inpage-navigation-source-area=\"h2, div.ecl-featured-item__heading\"><article role=\"article\"><div class=\"ecl-u-mb-2xl\"><article class=\"ecl-featured-item\"><div class=\"ecl-featured-item__container ecl-featured-item__container--right\"><div class=\"ecl-featured-item__item\"><div class=\"ecl-featured-item__description\"><div class=\"ecl\"><p>A SIS technikailag a k\u00f6vetkez\u0151 \u00f6sszetev\u0151kb\u0151l \u00e1ll:<\/p><ul><li>k\u00f6zponti rendszer,<\/li><li>nemzeti SIS-rendszerek a SIS-t haszn\u00e1l\u00f3 valamennyi orsz\u00e1gban,<\/li><li>h\u00e1l\u00f3zat a rendszerek k\u00f6z\u00f6tt.<\/li><\/ul><p>A SIS-t haszn\u00e1l\u00f3 egyes orsz\u00e1gok felel\u0151sek nemzeti rendszer\u00fck \u00e9s strukt\u00far\u00e1ik l\u00e9trehoz\u00e1s\u00e1\u00e9rt, m\u0171k\u00f6dtet\u00e9s\u00e9\u00e9rt \u00e9s fenntart\u00e1s\u00e1\u00e9rt. Az Eur\u00f3pai Bizotts\u00e1g felel\u0151s az \u00e1ltal\u00e1nos fel\u00fcgyelet\u00e9rt, a rendszer \u00e9rt\u00e9kel\u00e9s\u00e9\u00e9rt, valamint a SIS \u00e9s a SIRENE m\u0171k\u00f6d\u00e9s\u00e9re vonatkoz\u00f3 v\u00e9grehajt\u00e1si \u00e9s felhatalmaz\u00e1son alapul\u00f3 jogi aktusok elfogad\u00e1s\u00e1\u00e9rt.\u00a0<a href=\"https:\/\/www.eulisa.europa.eu\/\" target=\"_blank\" rel=\"noopener\">A szabads\u00e1gon, a biztons\u00e1gon \u00e9s a jog \u00e9rv\u00e9nyes\u00fcl\u00e9s\u00e9n alapul\u00f3 t\u00e9rs\u00e9g nagym\u00e9ret\u0171 IT-rendszereinek \u00fczemeltet\u00e9si igazgat\u00e1s\u00e1val foglalkoz\u00f3 eur\u00f3pai uni\u00f3s \u00fcgyn\u00f6ks\u00e9g.<\/a>\u00a0(eu-LISA) felel\u0151s a k\u00f6zponti rendszer \u00e9s a h\u00e1l\u00f3zat \u00fczemeltet\u00e9si igazgat\u00e1s\u00e1\u00e9rt.<\/p><p><strong>A SIS-t haszn\u00e1l\u00f3 orsz\u00e1gok<\/strong><\/p><p>A SIS a legt\u00f6bb uni\u00f3s orsz\u00e1gban \u00e9s a schengeni t\u00e9rs\u00e9ghez t\u00e1rsult orsz\u00e1gokban (Sv\u00e1jc, Norv\u00e9gia, Liechtenstein \u00e9s Izland) m\u0171k\u00f6dik.<\/p><\/div><\/div><\/div><\/div><\/article><\/div><div class=\"ecl-u-mb-2xl\"><p>\u00a0<\/p><div class=\"ecl\"><h2>Meg\u00faj\u00edtott SIS funkci\u00f3k 2023-t\u00f3l<\/h2><h3>Inform\u00e1ci\u00f3csere<\/h3><p>A figyelmeztet\u0151 jelz\u00e9sek \u00e9s egy\u00e9b adatok \u00faj kateg\u00f3ri\u00e1it osztj\u00e1k meg a SIS-en kereszt\u00fcl, \u00edgy a SIS-t haszn\u00e1l\u00f3 orsz\u00e1gok hat\u00f3s\u00e1gai teljesebb \u00e9s megb\u00edzhat\u00f3bb inform\u00e1ci\u00f3kat kapnak.<\/p><h3>Biometrikus adatok<\/h3><p>2023 m\u00e1rcius\u00e1t\u00f3l a SIS a k\u00f6vetkez\u0151 t\u00edpus\u00fa biometrikus adatokat tartalmazza a rendszerben nyilv\u00e1ntartott szem\u00e9lyek szem\u00e9lyazonoss\u00e1g\u00e1nak meger\u0151s\u00edt\u00e9se \u00e9s ellen\u0151rz\u00e9se c\u00e9lj\u00e1b\u00f3l:<\/p><ul><li>F\u00e9nyk\u00e9pek,<\/li><li>teny\u00e9rlenyomatok,<\/li><li>ujjlenyomatok,<\/li><li>ujjlenyomat nyomok,<\/li><li>teny\u00e9rlenyomatok nyomai,<\/li><li>DNS-nyilv\u00e1ntart\u00e1s (csak elt\u0171nt szem\u00e9lyekkel kapcsolatban).<\/li><\/ul><p>Az ujjlenyomatokat, teny\u00e9rlenyomatokat, ujjlenyomatnyomokat \u00e9s teny\u00e9rlenyomatnyomokat biometrikus keres\u00e9sekhez a k\u00f6vetkez\u0151k haszn\u00e1lj\u00e1k fel\u00a0<strong>automatikus ujjlenyomat-azonos\u00edt\u00f3 rendszer<\/strong>\u00a0a SIS-ben.<\/p><p>A SIS m\u00e9g nem haszn\u00e1l f\u00e9nyk\u00e9p- \u00e9s arcfelismer\u0151 technol\u00f3gi\u00e1t. A Bizotts\u00e1gnak jelent\u00e9st kell k\u00e9sz\u00edtenie az ilyen technol\u00f3gia el\u00e9rhet\u0151s\u00e9g\u00e9r\u0151l, k\u00e9szenl\u00e9t\u00e9r\u0151l \u00e9s megb\u00edzhat\u00f3s\u00e1g\u00e1r\u00f3l, miel\u0151tt azt esetleg bevezetn\u00e9k. A Bizotts\u00e1g a jelent\u00e9sr\u0151l konzult\u00e1lni fog az Eur\u00f3pai Parlamenttel. Amint ez a technol\u00f3gia beker\u00fcl a SIS-be, az orsz\u00e1gok k\u00e9pesek lesznek haszn\u00e1lni ezeket az eszk\u00f6z\u00f6ket a megfelel\u0151 hat\u00e1r\u00e1tkel\u0151helyeken. Ezt k\u00f6vet\u0151en a Bizotts\u00e1g felhatalmaz\u00e1son alapul\u00f3 jogi aktusokat fogadhat el, amelyek meghat\u00e1rozz\u00e1k azokat a tov\u00e1bbi k\u00f6r\u00fclm\u00e9nyeket, amelyek eset\u00e9n a f\u00e9nyk\u00e9pek \u00e9s arck\u00e9pek felhaszn\u00e1lhat\u00f3k a szem\u00e9lyek azonos\u00edt\u00e1s\u00e1ra.<\/p><h3>Harc a terrorizmus ellen<\/h3><p>T\u00f6bb inform\u00e1ci\u00f3t cser\u00e9lnek a terrorizmussal kapcsolatos tev\u00e9kenys\u00e9gekben r\u00e9szt vev\u0151 szem\u00e9lyekr\u0151l \u00e9s dolgokr\u00f3l, ami lehet\u0151v\u00e9 teszi a nemzeti hat\u00f3s\u00e1gok sz\u00e1m\u00e1ra, hogy hat\u00e9konyabban \u00fcld\u00f6zz\u00e9k \u00e9s megel\u0151zz\u00e9k a s\u00falyos b\u0171ncselekm\u00e9nyeket \u00e9s a terrorizmust.<\/p><p>2021 m\u00e1rcius\u00e1t\u00f3l az orsz\u00e1gok \"meccseket\" cser\u00e9lnek a\u00a0<strong>Terrorista b\u0171ncselekm\u00e9nyekkel kapcsolatos SIS figyelmeztet\u0151 jelz\u00e9sek<\/strong>\u00a0az Europollal. Az Europol a SIRENE-irod\u00e1kon kereszt\u00fcl tov\u00e1bbi inform\u00e1ci\u00f3kat cser\u00e9l az orsz\u00e1gokkal a terrorista b\u0171ncselekm\u00e9nyekkel kapcsolatos SIS-riaszt\u00e1sokr\u00f3l.<\/p><h3>Kiszolg\u00e1ltatott szem\u00e9lyek<\/h3><p>Az illet\u00e9kes hat\u00f3s\u00e1gok kiadhatnak\u00a0<strong>elt\u0171nt szem\u00e9lyek nyilv\u00e1ntart\u00e1sa<\/strong>amelyek tov\u00e1bbi adatokat tartalmaznak. A vesz\u00e9lyeztetett szem\u00e9lyek bizonyos kateg\u00f3ri\u00e1inak (elrabl\u00e1s vesz\u00e9ly\u00e9nek kitett gyermekek vagy a terrorizmus, az emberkereskedelem, a nemi alap\u00fa er\u0151szak vagy a fegyveres konfliktusok\/ellens\u00e9gesked\u00e9sek potenci\u00e1lis \u00e1ldozatai) v\u00e9delme \u00e9rdek\u00e9ben megel\u0151z\u0151 figyelmeztet\u0151 jelz\u00e9seket is bevihetnek a rendszerbe.<\/p><h3>Illeg\u00e1lis migr\u00e1ci\u00f3<\/h3><p><strong>Visszat\u00e9r\u00e9sre vonatkoz\u00f3 d\u00f6nt\u00e9sek<\/strong>\u00a0a rendszerben kicser\u00e9lt inform\u00e1ci\u00f3k r\u00e9sz\u00e9t k\u00e9pezik az eml\u00edtett hat\u00e1rozatok hat\u00e9kony v\u00e9grehajt\u00e1s\u00e1nak jav\u00edt\u00e1sa \u00e9rdek\u00e9ben. Az orsz\u00e1goknak be kell illeszteni\u00fck\u00a0<strong>a beutaz\u00e1s vagy tart\u00f3zkod\u00e1s megtagad\u00e1sa c\u00e9lj\u00e1b\u00f3l t\u00f6rt\u00e9n\u0151 beutaz\u00e1sok<\/strong>\u00a0az EU-ban illeg\u00e1lisan tart\u00f3zkod\u00f3 \u00e9s a visszat\u00e9r\u00e9si ir\u00e1nyelv alapj\u00e1n kiadott beutaz\u00e1si tilalom hat\u00e1lya al\u00e1 tartoz\u00f3 szem\u00e9lyekr\u0151l.<\/p><h3>A nyilv\u00e1ntart\u00f3 hat\u00f3s\u00e1gok k\u00f6z\u00f6tti egy\u00fcttm\u0171k\u00f6d\u00e9s kiterjeszt\u00e9se a haj\u00f3k, rep\u00fcl\u0151g\u00e9pek \u00e9s l\u0151fegyverek nyilv\u00e1ntart\u00e1s\u00e1ra is<\/h3><p>Az al\u00e1bbiak\u00e9rt felel\u0151s nemzeti szolg\u00e1latok\u00a0<strong>haj\u00f3k, l\u00e9gi j\u00e1rm\u0171vek \u00e9s l\u0151fegyverek nyilv\u00e1ntart\u00e1sba v\u00e9tele<\/strong>\u00a0a SIS seg\u00edts\u00e9g\u00e9vel ellen\u0151rizhetik a hozz\u00e1juk nyilv\u00e1ntart\u00e1sba v\u00e9tel c\u00e9lj\u00e1b\u00f3l beny\u00fajtott \u00fcgyek jogi st\u00e1tusz\u00e1t.<\/p><ul><li>A haj\u00f3lajstromoz\u00e1si szolg\u00e1latok csak a haj\u00f3kra \u00e9s a haj\u00f3motorokra vonatkoz\u00f3 SIS-bejegyz\u00e9sekhez f\u00e9rnek hozz\u00e1.<\/li><li>A l\u00e9gij\u00e1rm\u0171-nyilv\u00e1ntart\u00f3 szolg\u00e1latok csak a l\u00e9gij\u00e1rm\u0171vek \u00e9s a l\u00e9gij\u00e1rm\u0171vek motorjainak nyilv\u00e1ntart\u00e1s\u00e1hoz f\u00e9rnek hozz\u00e1.<\/li><li>A l\u0151fegyver-nyilv\u00e1ntart\u00f3 szolg\u00e1latok csak \u00e1tad\u00e1s vagy kiadat\u00e1s c\u00e9lj\u00e1b\u00f3l f\u00e9rhetnek hozz\u00e1 a lefoglal\u00e1si nyilv\u00e1ntart\u00e1sokhoz, a diszkr\u00e9t, nyomozati vagy c\u00e9lzott ellen\u0151rz\u00e9s c\u00e9lj\u00e1b\u00f3l k\u00e9sz\u00edtett nyilv\u00e1ntart\u00e1sokhoz, valamint a lefoglal\u00e1s vagy bizony\u00edt\u00e9kk\u00e9nt val\u00f3 felhaszn\u00e1l\u00e1s c\u00e9lj\u00e1b\u00f3l k\u00e9sz\u00edtett l\u0151fegyver-nyilv\u00e1ntart\u00e1sokhoz.<\/li><\/ul><h3>Jobb hozz\u00e1f\u00e9r\u00e9s az uni\u00f3s \u00fcgyn\u00f6ks\u00e9gek sz\u00e1m\u00e1ra<\/h3><p>Az Europol hozz\u00e1f\u00e9r\u00e9ssel rendelkezik a SIS valamennyi figyelmeztet\u0151 jelz\u00e9skateg\u00f3ri\u00e1j\u00e1hoz, \u00e9s tov\u00e1bbi inform\u00e1ci\u00f3kat cser\u00e9l az orsz\u00e1gokkal a hat\u00e1sk\u00f6r\u00e9be tartoz\u00f3 b\u0171ncselekm\u00e9nyekkel kapcsolatos figyelmeztet\u0151 jelz\u00e9sekr\u0151l. Bevezet\u00e9sre ker\u00fcl az Eur\u00f3pai Hat\u00e1r- \u00e9s Partv\u00e9delmi \u00dcgyn\u00f6ks\u00e9g operat\u00edv csoportjainak hozz\u00e1f\u00e9r\u00e9se a SIS-hez.<\/p><h3>Tov\u00e1bbi friss\u00edt\u00e9seket tervez\u00fcnk<\/h3><p>Az Eur\u00f3pai Parlament \u00e9s a Tan\u00e1cs 2022. j\u00falius 6-\u00e1n \u00faj rendeletet fogadott el, amely lehet\u0151v\u00e9 teszi az Europol sz\u00e1m\u00e1ra, hogy harmadik orsz\u00e1gokt\u00f3l sz\u00e1rmaz\u00f3 inform\u00e1ci\u00f3k alapj\u00e1n javasolja az uni\u00f3s orsz\u00e1goknak, hogy a felt\u00e9telezett terrorist\u00e1kra \u00e9s b\u0171n\u00f6z\u0151kre vonatkoz\u00f3 figyelmeztet\u0151 jelz\u00e9seket vigy\u00e9k be a SIS-be. Ez a rendelet 2022. augusztus 1-j\u00e9n l\u00e9pett hat\u00e1lyba. Az \u00faj funkci\u00f3 bevezet\u00e9se folyamatban van.<br \/>SIS figyelmeztet\u0151 jelz\u00e9sek \u00e9s egy\u00e9ni jogok<\/p><\/div><\/div><div class=\"ecl-u-mb-2xl\"><div class=\"ecl\"><p><strong>SIS-bejegyz\u00e9s<\/strong>\u00a0tartalmazza az adott szem\u00e9lyre vagy t\u00e1rgyra vonatkoz\u00f3 inform\u00e1ci\u00f3kat, valamint az illet\u00e9kes hat\u00f3s\u00e1goknak sz\u00f3l\u00f3, a szem\u00e9ly vagy t\u00e1rgy megtal\u00e1l\u00e1sa eset\u00e9n k\u00f6vetend\u0151 elj\u00e1r\u00e1sra vonatkoz\u00f3 utas\u00edt\u00e1sokat.<\/p><p>Speci\u00e1lis\u00a0<a class=\"ecl-link\" href=\"https:\/\/home-affairs.ec.europa.eu\/policies\/schengen-borders-and-visa\/schengen-information-system\/sirene-cooperation_sk\" target=\"_blank\" rel=\"noopener\">nemzeti SIRENE-irod\u00e1k<\/a>\u00a0az egyes orsz\u00e1gokban tal\u00e1lhat\u00f3, a SIS-riaszt\u00e1sokkal kapcsolatos tov\u00e1bbi inform\u00e1ci\u00f3k cser\u00e9j\u00e9re \u00e9s a tev\u00e9kenys\u00e9gek koordin\u00e1l\u00e1s\u00e1ra szolg\u00e1l\u00f3 egyablakos \u00fcgyint\u00e9z\u00e9si pontk\u00e9nt szolg\u00e1lnak.<\/p><p><strong>Minden \u00e9rintett szem\u00e9lynek joga van a k\u00f6vetkez\u0151kh\u00f6z:<\/strong><\/p><ul><li>a r\u00e1juk vonatkoz\u00f3 adatokhoz val\u00f3 hozz\u00e1f\u00e9r\u00e9s,<\/li><li>a pontatlan adatok helyesb\u00edt\u00e9se vagy a rendszerben jogellenesen t\u00e1rolt adatok t\u00f6rl\u00e9se.<\/li><\/ul><p>B\u00e1rki, akire kiutas\u00edt\u00e1si c\u00e9l\u00fa figyelmeztet\u0151 jelz\u00e9st vagy a bel\u00e9p\u00e9s \u00e9s tart\u00f3zkod\u00e1s megtagad\u00e1sa c\u00e9lj\u00e1b\u00f3l figyelmeztet\u0151 jelz\u00e9st adtak ki, jogosult arra, hogy a figyelmeztet\u0151 jelz\u00e9sr\u0151l t\u00e1j\u00e9koztat\u00e1st kapjon.<\/p><p>Minden \u00e9rintett jogosult arra, hogy a SIS-t haszn\u00e1l\u00f3 b\u00e1rmely orsz\u00e1gban b\u00edr\u00f3s\u00e1ghoz vagy illet\u00e9kes hat\u00f3s\u00e1ghoz forduljon az adatokhoz val\u00f3 hozz\u00e1f\u00e9r\u00e9s, azok helyesb\u00edt\u00e9se vagy t\u00f6rl\u00e9se \u00e9rdek\u00e9ben, vagy k\u00e1rt\u00e9r\u00edt\u00e9st k\u00e9rjen az adatv\u00e9delmi jogszab\u00e1lyok megs\u00e9rt\u00e9se miatt elszenvedett k\u00e1rok\u00e9rt.\u00a0<\/p><p><strong>Forr\u00e1sok:<\/strong><\/p><p>https:\/\/home-affairs.ec.europa.eu\/policies\/schengen-borders-and-visa\/schengen-information-system\/what-sis-and-how-does-it-work_sk<br \/>https:\/\/www.facebook.com\/policiaslovakia<strong><br \/><\/strong><\/p><\/div><\/div><\/article><\/div><\/div><\/div><\/div><p>\u00a0<\/p>\t\t\t\t\t\t<\/div>\n\t\t\t\t<\/div>\n\t\t\t\t\t<\/div>\n\t\t<\/div>\n\t\t\t\t\t<\/div>\n\t\t<\/section>\n\t\t\t\t<\/div>","protected":false},"excerpt":{"rendered":"<p>Kedves \u00dcgyfeleink,Ebben a cikkben megosztott inform\u00e1ci\u00f3kat k\u00f6zl\u00fcnk \u00d6n\u00f6kkel az Eur\u00f3pai Uni\u00f3 Schengeni Inform\u00e1ci\u00f3s Rendszer\u00e9nek m\u0171k\u00f6d\u00e9s\u00e9r\u0151l. Ebben a cikkben r\u00e9szletes \u00e9s naprak\u00e9sz inform\u00e1ci\u00f3kat tal\u00e1lnak a cikk megjelen\u00e9s\u00e9nek id\u0151pontj\u00e1ban. A rendszer az ellen\u0151rz\u00f6tt szem\u00e9ly vagy dolog \u00e1tvil\u00e1g\u00edt\u00e1s\u00e1b\u00f3l \u00e1ll. Hogy a szem\u00e9ly vagy dolog rendelkezik-e nyilv\u00e1ntart\u00e1ssal, \u00e9s hogy abban a pillanatban sz\u00fcks\u00e9ges-e b\u00e1rmilyen int\u00e9zked\u00e9st tenni. P\u00e9ld\u00e1ul egy k\u00f6r\u00f6z\u00f6tt szem\u00e9ly \u0151rizetbe v\u00e9tel\u00e9hez [...]<\/p>","protected":false},"author":1,"featured_media":4443,"comment_status":"open","ping_status":"open","sticky":false,"template":"","format":"standard","meta":{"footnotes":"","iawp_total_views":154},"categories":[70,72],"tags":[],"acf":[],"_links":{"self":[{"href":"https:\/\/vizum.sk\/hu\/wp-json\/wp\/v2\/posts\/4442"}],"collection":[{"href":"https:\/\/vizum.sk\/hu\/wp-json\/wp\/v2\/posts"}],"about":[{"href":"https:\/\/vizum.sk\/hu\/wp-json\/wp\/v2\/types\/post"}],"author":[{"embeddable":true,"href":"https:\/\/vizum.sk\/hu\/wp-json\/wp\/v2\/users\/1"}],"replies":[{"embeddable":true,"href":"https:\/\/vizum.sk\/hu\/wp-json\/wp\/v2\/comments?post=4442"}],"version-history":[{"count":0,"href":"https:\/\/vizum.sk\/hu\/wp-json\/wp\/v2\/posts\/4442\/revisions"}],"wp:featuredmedia":[{"embeddable":true,"href":"https:\/\/vizum.sk\/hu\/wp-json\/wp\/v2\/media\/4443"}],"wp:attachment":[{"href":"https:\/\/vizum.sk\/hu\/wp-json\/wp\/v2\/media?parent=4442"}],"wp:term":[{"taxonomy":"category","embeddable":true,"href":"https:\/\/vizum.sk\/hu\/wp-json\/wp\/v2\/categories?post=4442"},{"taxonomy":"post_tag","embeddable":true,"href":"https:\/\/vizum.sk\/hu\/wp-json\/wp\/v2\/tags?post=4442"}],"curies":[{"name":"wp","href":"https:\/\/api.w.org\/{rel}","templated":true}]}}