{"id":4893,"date":"2023-05-10T09:57:40","date_gmt":"2023-05-10T07:57:40","guid":{"rendered":"https:\/\/vizum.sk\/?p=4893"},"modified":"2023-05-10T10:17:12","modified_gmt":"2023-05-10T08:17:12","slug":"migracia-v-cislach","status":"publish","type":"post","link":"https:\/\/vizum.sk\/hu\/szamokban-mert-migracio\/","title":{"rendered":"Migr\u00e1ci\u00f3 sz\u00e1mokban 2023-ra"},"content":{"rendered":"<div data-elementor-type=\"wp-post\" data-elementor-id=\"4893\" class=\"elementor elementor-4893\">\n\t\t\t\t\t\t<section class=\"elementor-section elementor-top-section elementor-element elementor-element-9d3baa3 elementor-section-boxed elementor-section-height-default elementor-section-height-default\" data-id=\"9d3baa3\" data-element_type=\"section\">\n\t\t\t\t\t\t<div class=\"elementor-container elementor-column-gap-default\">\n\t\t\t\t\t<div class=\"elementor-column elementor-col-100 elementor-top-column elementor-element elementor-element-11144b5\" data-id=\"11144b5\" data-element_type=\"column\">\n\t\t\t<div class=\"elementor-widget-wrap elementor-element-populated\">\n\t\t\t\t\t\t<div class=\"elementor-element elementor-element-c12f56d elementor-widget elementor-widget-text-editor\" data-id=\"c12f56d\" data-element_type=\"widget\" data-widget_type=\"text-editor.default\">\n\t\t\t\t<div class=\"elementor-widget-container\">\n\t\t\t\t\t\t\t<p><span data-contrast=\"auto\">A COVID-19 vil\u00e1gj\u00e1rv\u00e1ny kor\u00e1bbi id\u0151szak\u00e1t k\u00f6vet\u0151en a Szlov\u00e1k K\u00f6zt\u00e1rsas\u00e1g Konzuli Szolg\u00e1lat\u00e1nak tev\u00e9kenys\u00e9gei teljes m\u00e9rt\u00e9kben visszat\u00e9rtek a lakoss\u00e1ggal val\u00f3 szem\u00e9lyes kapcsolatfelv\u00e9telhez. A gyakorlatban ez abban nyilv\u00e1nult meg, hogy megn\u0151tt az \u00e9rdekl\u0151d\u00e9s a k\u00e9relmez\u0151 szem\u00e9lyes jelenl\u00e9t\u00e9t ig\u00e9nyl\u0151 tev\u00e9kenys\u00e9gek ir\u00e1nt, amelyek a kor\u00e1bbi \u00e9vekben korl\u00e1tozottak voltak. <\/span><span data-ccp-props=\"{&quot;201341983&quot;:0,&quot;335559739&quot;:160,&quot;335559740&quot;:259}\">\u00a0<\/span><\/p><p><span data-contrast=\"auto\">A vizsg\u00e1lt id\u0151szakban a legt\u00f6bb konzuli szolg\u00e1ltat\u00e1st a szlov\u00e1k \u00e1llampolg\u00e1roknak az anyak\u00f6nyvi \u00e9s \u00fati okm\u00e1nyok ter\u00fclet\u00e9n ny\u00fajtott\u00e1k. A s\u00fcrg\u0151ss\u00e9gi seg\u00edts\u00e9gny\u00fajt\u00e1s \u00e9s t\u00e1j\u00e9koztat\u00e1s ter\u00fclet\u00e9n cs\u00f6kkent a szolg\u00e1ltat\u00e1sok ir\u00e1nti kereslet. A beutaz\u00e1si korl\u00e1toz\u00e1sok felold\u00e1sa k\u00f6vetkezt\u00e9ben mind az \u00e1llampolg\u00e1rok, mind a k\u00fclf\u00f6ldiek mobilit\u00e1sa n\u0151tt. <\/span><span data-ccp-props=\"{&quot;201341983&quot;:0,&quot;335559739&quot;:160,&quot;335559740&quot;:259}\">\u00a0<\/span><\/p><p><span data-contrast=\"auto\">A v\u00edzumk\u00e9relmek sz\u00e1m\u00e1nak jelent\u0151s n\u00f6veked\u00e9s\u00e9t a laz\u00e1bb utaz\u00e1si szab\u00e1lyok, az ukrajnai h\u00e1bor\u00fas konfliktus kirobban\u00e1sa \u00e9s a Szlov\u00e1k K\u00f6zt\u00e1rsas\u00e1gban a d\u00e9lkelet- \u00e9s k\u00f6z\u00e9p-\u00e1zsiai harmadik orsz\u00e1gokb\u00f3l \u00e9rkez\u0151 munkaer\u0151 ir\u00e1nti nagybefektet\u0151k \u00e9rdekl\u0151d\u00e9s\u00e9nek er\u0151teljes n\u00f6veked\u00e9se okozta. <\/span><span data-ccp-props=\"{&quot;201341983&quot;:0,&quot;335559739&quot;:160,&quot;335559740&quot;:259}\">\u00a0<\/span><\/p><p><span data-contrast=\"auto\">Az SR \u00e1llampolg\u00e1rai sz\u00e1m\u00e1ra a nemzeti jogszab\u00e1lyokkal \u00e9s az uni\u00f3s v\u00edvm\u00e1nyokkal teljes \u00f6sszhangban konzuli v\u00e9delmet biztos\u00edtottak. A konzuli tev\u00e9kenys\u00e9gek v\u00e9gz\u00e9se \u00e9s az \u00fcgyfelekkel val\u00f3 kommunik\u00e1ci\u00f3 sor\u00e1n nagy hangs\u00falyt fektettek a ny\u00fajtott szolg\u00e1ltat\u00e1sok id\u0151szer\u0171s\u00e9g\u00e9re, emp\u00e1ti\u00e1j\u00e1ra \u00e9s szakszer\u0171s\u00e9g\u00e9re, valamint az \u00fcgyf\u00e9lsz\u00ednvonal emel\u00e9s\u00e9re. <\/span><span data-ccp-props=\"{&quot;201341983&quot;:0,&quot;335559739&quot;:160,&quot;335559740&quot;:259}\">\u00a0<\/span><\/p><p><span data-contrast=\"auto\">Az \"\u00fcgyf\u00e9lbar\u00e1t\" megold\u00e1sok folytat\u00e1s\u00e1nak r\u00e9szek\u00e9nt a Szlov\u00e1k K\u00f6zt\u00e1rsas\u00e1g K\u00fcl\u00fcgyminiszt\u00e9riuma Konzuli F\u0151oszt\u00e1ly\u00e1nak (a tov\u00e1bbiakban: KONZ) legaliz\u00e1l\u00e1si oszt\u00e1ly\u00e1n a POS-termin\u00e1lon \u00e9s szoftveres p\u00e9nzt\u00e1rg\u00e9pen kereszt\u00fcl t\u00f6rt\u00e9n\u0151 k\u00e9szp\u00e9nzmentes fizet\u00e9s bevezet\u00e9s\u00e9t k\u00f6vet\u0151en k\u00eds\u00e9rleti projekt indult a fizet\u00e9si termin\u00e1l haszn\u00e1lat\u00e1ra a kiv\u00e1lasztott OK-kban. <\/span><span data-ccp-props=\"{&quot;201341983&quot;:0,&quot;335559739&quot;:160,&quot;335559740&quot;:259}\">\u00a0<\/span><\/p><p><span data-contrast=\"auto\">A kiv\u00e1lasztott OC-k eddigi tapasztalatai meger\u0151s\u00edtik, hogy az \u00fcgyfelek pozit\u00edvan \u00edt\u00e9lik meg a termin\u00e1l bevezet\u00e9s\u00e9t.<br \/><strong>Konzuli szolg\u00e1lat 2022-ben t\u00f6bbek k\u00f6z\u00f6tt:<\/strong> <\/span>\u00a0<br \/><span data-contrast=\"auto\"><strong>- hiteles\u00edtett 42 547 dokumentum<\/strong>, m\u00e1solatok, al\u00e1\u00edr\u00e1sok \u00e9s ford\u00edt\u00e1sok <strong>(4 579 cs\u00f6kken\u00e9s)<\/strong>; <\/span>\u00a0<br \/><span data-contrast=\"auto\"><strong>- 23 169 \u00fatlev\u00e9lk\u00e9relmet dolgozott fel (520-al t\u00f6bb)<\/strong>, 7 488 szem\u00e9lyazonos\u00edt\u00f3 igazolv\u00e1ny ir\u00e1nti k\u00e9relem (126-tal t\u00f6bb), 666 vezet\u0151i enged\u00e9ly ir\u00e1nti k\u00e9relem (101-gyel t\u00f6bb) \u00e9s 3 672 \u00fati okm\u00e1ny p\u00f3tl\u00e1sa ir\u00e1nti k\u00e9relem (384-gyel t\u00f6bb); <\/span>\u00a0<br \/><span data-contrast=\"auto\"><strong>- 12 536 nyilv\u00e1ntart\u00e1si m\u0171veletet hajtott v\u00e9gre (3 693-mal t\u00f6bb)<\/strong>; )<br \/><strong>- a Szlov\u00e1k K\u00f6zt\u00e1rsas\u00e1g \u00e1llampolg\u00e1rai \u00e1ltal k\u00fclf\u00f6ld\u00f6n elvesz\u00edtett 4 997 szem\u00e9lyes okm\u00e1nyt \u00e9s t\u00e1rgyat regisztr\u00e1ltak (52-vel kevesebb)<\/strong>; <br \/>- az \u00e1llami polg\u00e1ri \u00fcgyrendben 2 308 \u00fcgyet kezelt (233-mal kevesebb);<\/span>\u00a0<br \/>- 1 297 b\u0171n\u00fcgyi nyilv\u00e1ntart\u00e1si kivonat ir\u00e1nti k\u00e9relmet dolgozott fel a Szlov\u00e1k K\u00f6zt\u00e1rsas\u00e1g Legf\u0151bb \u00dcgy\u00e9szs\u00e9g\u00e9t\u0151l (n\u00f6veked\u00e9s 1 f\u0151vel); \u00a0<br \/>- 1 356 bejelent\u00e9st regisztr\u00e1lt szlov\u00e1k \u00e1llampolg\u00e1rok k\u00fclf\u00f6ldi b\u0171ncselekm\u00e9nyeir\u0151l (73-mal t\u00f6bb);\u00a0<br \/><span data-contrast=\"auto\">- 1 099 szlov\u00e1k \u00e1llampolg\u00e1r hal\u00e1l\u00e1val foglalkozott (7 cs\u00f6kken\u00e9s); <br \/>- 271 sebes\u00fclt \u00e9s k\u00f3rh\u00e1zba sz\u00e1ll\u00edtott szlov\u00e1k \u00e1llampolg\u00e1rnak ny\u00fajtott seg\u00edts\u00e9get (7 f\u0151vel t\u00f6bb); <br \/>- 21 p\u00e1r k\u00f6t\u00f6tt h\u00e1zass\u00e1got k\u00fclf\u00f6ld\u00f6n (11-gyel t\u00f6bb);\u00a0<\/span><br \/><strong>- 20 797 v\u00edzumk\u00e9relmet dolgozott fel (11 503-mal t\u00f6bb) \u00e9s 17 012 v\u00edzumot adott ki (8 647-gyel t\u00f6bb); \u00a0<\/strong><br \/><strong>- 7 589 esetben ny\u00fajtott s\u00fcrg\u0151ss\u00e9gi seg\u00edts\u00e9get (9 783-mal kevesebb); \u00a0<\/strong><br \/><span data-contrast=\"auto\">- 198 625 e-mail megkeres\u00e9sre v\u00e1laszolt (1 340-gyel kevesebb); <\/span>\u00a0<br \/><span data-contrast=\"auto\">- 8 004 telefonos megkeres\u00e9st kezelt a Konzuli Inform\u00e1ci\u00f3s K\u00f6zponton kereszt\u00fcl (10 026-tal kevesebb); <\/span>\u00a0<br \/><strong>- 2 169 ideiglenes \u00e9s \u00e1lland\u00f3 tart\u00f3zkod\u00e1s ir\u00e1nti k\u00e9relmet dolgozott fel (84 f\u0151vel kevesebb). \u00a0<\/strong><\/p><p><span data-contrast=\"auto\">A fent kiv\u00e1lasztott konzuli \u00fcgyek el\u0151z\u0151 \u00e9vhez viszony\u00edtva a konzuli beadv\u00e1nyok sz\u00e1m\u00e1nak n\u00f6veked\u00e9s\u00e9t tapasztalt\u00e1k (\u00fatlev\u00e9lk\u00e9relmek, 2 szem\u00e9lyazonoss\u00e1gi \u00e9s vezet\u0151i enged\u00e9ly, helyettes\u00edt\u0151 \u00fati okm\u00e1nyok, nyilv\u00e1ntart\u00e1si napirend szerinti beadv\u00e1nyok, b\u0171n\u00fcgyi nyilv\u00e1ntart\u00e1s, b\u0171ncselekm\u00e9nyr\u0151l sz\u00f3l\u00f3 bejelent\u00e9s, \u00e1llampolg\u00e1rok s\u00e9r\u00fcl\u00e9sei \u00e9s k\u00f3rh\u00e1zi kezel\u00e9se, k\u00fclf\u00f6ldi h\u00e1zass\u00e1gk\u00f6t\u00e9sek). A v\u00edzum\u00fcgyek napirendj\u00e9n\u00e9l (be\u00e9rkezett v\u00edzumk\u00e9relmek \u00e9s kiadott v\u00edzumok) hatalmas n\u00f6veked\u00e9st tapasztaltak. A jelent\u00e9s \u00f6sszefoglalja a Szlov\u00e1k K\u00f6zt\u00e1rsas\u00e1g nagyk\u00f6vets\u00e9geinek 76 konzuli k\u00e9pviseletb\u0151l \u00e1ll\u00f3 h\u00e1l\u00f3zata \u00e9s a Szlov\u00e1k K\u00f6zt\u00e1rsas\u00e1g K\u00fcl\u00fcgyminiszt\u00e9rium\u00e1nak konzuli oszt\u00e1lya \u00e1ltal a konzuli v\u00e9delem, seg\u00edts\u00e9gny\u00fajt\u00e1s, seg\u00e9lyez\u00e9s \u00e9s szolg\u00e1ltat\u00e1sok ny\u00fajt\u00e1sa ter\u00e9n el\u00e9rt eredm\u00e9nyeket. Tekintettel arra, hogy a TOT-ok nem minden, a szlov\u00e1k \u00e1llampolg\u00e1rokat k\u00fclf\u00f6ld\u00f6n \u00e9rint\u0151 esem\u00e9nyr\u0151l (pl. a k\u00f3rh\u00e1zba ker\u00fclt szem\u00e9lyek pontos sz\u00e1ma, a hal\u00e1lesetek sz\u00e1ma, az elhurcolt gyermekek sz\u00e1ma, a b\u00fcntet\u0151elj\u00e1r\u00e1s al\u00e1 vont szem\u00e9lyek sz\u00e1ma stb.) \u00e9rtes\u00fclnek, a jelent\u00e9s csak azon adatok \u00e9rt\u00e9kel\u00e9s\u00e9t tartalmazza, amelyekr\u0151l a TOT-ok \u00e9s a KONZ tudom\u00e1ssal rendelkeznek.<\/span><span data-ccp-props=\"{&quot;201341983&quot;:0,&quot;335559739&quot;:160,&quot;335559740&quot;:259}\">\u00a0<\/span><\/p><p><strong>Forr\u00e1s:\u00a0<\/strong>K\u00fcl\u00fcgyi \u00e9s Eur\u00f3pai \u00dcgyek Miniszt\u00e9riuma (https:\/\/www.mzv.sk\/)<\/p>\t\t\t\t\t\t<\/div>\n\t\t\t\t<\/div>\n\t\t\t\t\t<\/div>\n\t\t<\/div>\n\t\t\t\t\t<\/div>\n\t\t<\/section>\n\t\t\t\t<\/div>","protected":false},"excerpt":{"rendered":"<p>A COVID-19 vil\u00e1gj\u00e1rv\u00e1ny kor\u00e1bbi id\u0151szak\u00e1t k\u00f6vet\u0151en a Szlov\u00e1k K\u00f6zt\u00e1rsas\u00e1g Konzuli Szolg\u00e1lat\u00e1nak tev\u00e9kenys\u00e9gei teljes m\u00e9rt\u00e9kben visszat\u00e9rtek a lakoss\u00e1ggal val\u00f3 szem\u00e9lyes kapcsolatfelv\u00e9telhez. A gyakorlatban ez abban nyilv\u00e1nult meg, hogy megn\u0151tt az \u00e9rdekl\u0151d\u00e9s a k\u00e9relmez\u0151 szem\u00e9lyes jelenl\u00e9t\u00e9t ig\u00e9nyl\u0151 tev\u00e9kenys\u00e9gek ir\u00e1nt, amelyek a kor\u00e1bbi \u00e9vekben korl\u00e1tozottak voltak. A szlov\u00e1k \u00e1llampolg\u00e1roknak ny\u00fajtott konzuli szolg\u00e1ltat\u00e1sok t\u00f6bbs\u00e9ge a [...]<\/p>","protected":false},"author":1,"featured_media":4898,"comment_status":"open","ping_status":"open","sticky":false,"template":"","format":"standard","meta":{"footnotes":"","iawp_total_views":29},"categories":[70],"tags":[],"acf":[],"_links":{"self":[{"href":"https:\/\/vizum.sk\/hu\/wp-json\/wp\/v2\/posts\/4893"}],"collection":[{"href":"https:\/\/vizum.sk\/hu\/wp-json\/wp\/v2\/posts"}],"about":[{"href":"https:\/\/vizum.sk\/hu\/wp-json\/wp\/v2\/types\/post"}],"author":[{"embeddable":true,"href":"https:\/\/vizum.sk\/hu\/wp-json\/wp\/v2\/users\/1"}],"replies":[{"embeddable":true,"href":"https:\/\/vizum.sk\/hu\/wp-json\/wp\/v2\/comments?post=4893"}],"version-history":[{"count":0,"href":"https:\/\/vizum.sk\/hu\/wp-json\/wp\/v2\/posts\/4893\/revisions"}],"wp:featuredmedia":[{"embeddable":true,"href":"https:\/\/vizum.sk\/hu\/wp-json\/wp\/v2\/media\/4898"}],"wp:attachment":[{"href":"https:\/\/vizum.sk\/hu\/wp-json\/wp\/v2\/media?parent=4893"}],"wp:term":[{"taxonomy":"category","embeddable":true,"href":"https:\/\/vizum.sk\/hu\/wp-json\/wp\/v2\/categories?post=4893"},{"taxonomy":"post_tag","embeddable":true,"href":"https:\/\/vizum.sk\/hu\/wp-json\/wp\/v2\/tags?post=4893"}],"curies":[{"name":"wp","href":"https:\/\/api.w.org\/{rel}","templated":true}]}}