{"id":5074,"date":"2023-06-07T09:59:17","date_gmt":"2023-06-07T07:59:17","guid":{"rendered":"https:\/\/vizum.sk\/?p=5074"},"modified":"2023-06-07T10:06:18","modified_gmt":"2023-06-07T08:06:18","slug":"zmena-v-zakone-podnikanie","status":"publish","type":"post","link":"https:\/\/vizum.sk\/hu\/valtozas-az-uzleti-torvenyben\/","title":{"rendered":"Jogszab\u00e1lyv\u00e1ltoz\u00e1s - \u00fczleti \u00e9let"},"content":{"rendered":"<div data-elementor-type=\"wp-post\" data-elementor-id=\"5074\" class=\"elementor elementor-5074\">\n\t\t\t\t\t\t<section class=\"elementor-section elementor-top-section elementor-element elementor-element-e70566c elementor-section-boxed elementor-section-height-default elementor-section-height-default\" data-id=\"e70566c\" data-element_type=\"section\">\n\t\t\t\t\t\t<div class=\"elementor-container elementor-column-gap-default\">\n\t\t\t\t\t<div class=\"elementor-column elementor-col-100 elementor-top-column elementor-element elementor-element-fd44b77\" data-id=\"fd44b77\" data-element_type=\"column\">\n\t\t\t<div class=\"elementor-widget-wrap elementor-element-populated\">\n\t\t\t\t\t\t<div class=\"elementor-element elementor-element-75e6f2c elementor-widget elementor-widget-text-editor\" data-id=\"75e6f2c\" data-element_type=\"widget\" data-widget_type=\"text-editor.default\">\n\t\t\t\t<div class=\"elementor-widget-container\">\n\t\t\t\t\t\t\t<p>Kedves \u00dcgyfeleink!<\/p><p>a 150\/2022. sz. t\u00f6rv\u00e9ny \u00faj m\u00f3dos\u00edt\u00e1sainak \u00e9rv\u00e9nyess\u00e9g\u00e9vel kapcsolatban t\u00e1j\u00e9koztatjuk \u00d6n\u00f6ket, hogy a 150\/2022. sz. t\u00f6rv\u00e9ny (Coll. a  honlapr\u00f3l. <strong>0<\/strong><b>1.06.2023<\/b>hogy v\u00e1ltoz\u00e1s t\u00f6rt\u00e9nt a kereskedelmi nyilv\u00e1ntart\u00e1s vezet\u00e9s\u00e9ben:<br \/><br \/>- a Pozsonyi Ker\u00fcleti B\u00edr\u00f3s\u00e1g j\u00e1r\u00e1s\u00e1\u00e9rt felel\u0151s vezet\u0151je vezeti a kereskedelmi nyilv\u00e1ntart\u00e1st <b>Pozsonyi V\u00e1rosi B\u00edr\u00f3s\u00e1g III<\/b>\u00a0<br \/>(kor\u00e1bban Pozsony I. ker\u00fcleti b\u00edr\u00f3s\u00e1g)<br \/>- vezeti a kassai region\u00e1lis b\u00edr\u00f3s\u00e1g ker\u00fclet\u00e9nek kereskedelmi nyilv\u00e1ntart\u00e1s\u00e1t <b>Kassai V\u00e1rosi B\u00edr\u00f3s\u00e1g<\/b>\u00a0<br \/>(kor\u00e1bban Kassai I. ker\u00fcleti b\u00edr\u00f3s\u00e1g)<br \/><br \/>Szeretn\u00e9nk figyelmeztetni \u00d6nt, ha m\u00e9g nem tette volna meg, hogy ez <strong>k\u00f6teles felt\u00fcntetni a sz\u00e1ml\u00e1kon<\/strong>\u00a0\u00e9s egy\u00e9b kereskedelmi okm\u00e1nyok a nyilv\u00e1ntart\u00e1si sz\u00e1m \u00e9s <strong>annak a nyilv\u00e1ntart\u00e1snak a neve, amely a v\u00e1llalkoz\u00f3t a c\u00e9gjegyz\u00e9kbe bejegyezte.<br \/><\/strong><br \/>Ha a dokumentumaiban megeml\u00edti az eredeti b\u00edr\u00f3s\u00e1got, amely az ORSR-ben tartja a c\u00e9g bejegyz\u00e9s\u00e9t, <strong>ezt az inform\u00e1ci\u00f3t az 1.6.2023-as verzi\u00f3r\u00f3l az aktu\u00e1lisra kell m\u00f3dos\u00edtani.<br \/><\/strong><br \/>A sz\u00e1ml\u00e1kon \u00e9s dokumentumokon 2023.06.01-t\u0151l a fenti nyilatkozatban szerepl\u0151 joghat\u00f3s\u00e1g szerinti \u00faj c\u00e9gjegyz\u00e9k nevet kell felt\u00fcntetnie. Amennyiben nem tudja saj\u00e1t maga elv\u00e9gezni a m\u00f3dos\u00edt\u00e1st, k\u00e9rj\u00fck, forduljon k\u00f6nyvel\u0151j\u00e9hez vagy a sz\u00e1ml\u00e1z\u00e1si rendszer szolg\u00e1ltat\u00f3j\u00e1hoz.<br \/><br \/>K\u00f6sz\u00f6n\u00f6m a figyelm\u00fcket.<br \/><br \/>Tisztelettel,<br \/>V\u00edzum.sk csapat<\/p>\t\t\t\t\t\t<\/div>\n\t\t\t\t<\/div>\n\t\t\t\t\t<\/div>\n\t\t<\/div>\n\t\t\t\t\t<\/div>\n\t\t<\/section>\n\t\t\t\t<\/div>","protected":false},"excerpt":{"rendered":"<p>Tisztelt \u00dcgyfeleink, szeretn\u00e9nk t\u00e1j\u00e9koztatni \u00d6n\u00f6ket a 150\/2022 sz. t\u00f6rv\u00e9ny \u00faj m\u00f3dos\u00edt\u00e1sainak \u00e9rv\u00e9nyess\u00e9g\u00e9vel kapcsolatban. 2023.06.01-t\u0151l v\u00e1ltoz\u00e1s t\u00f6rt\u00e9nt a c\u00e9gjegyz\u00e9k vezet\u00e9s\u00e9ben: - a Pozsonyi Ker\u00fcleti B\u00edr\u00f3s\u00e1g j\u00e1r\u00e1sa eset\u00e9ben a c\u00e9gjegyz\u00e9ket a Pozsonyi III. ker\u00fcleti B\u00edr\u00f3s\u00e1g (kor\u00e1bban Pozsony I. ker\u00fcleti B\u00edr\u00f3s\u00e1g)- a Kassai Ker\u00fcleti B\u00edr\u00f3s\u00e1g j\u00e1r\u00e1sa eset\u00e9ben a c\u00e9gjegyz\u00e9ket a Kassai V\u00e1rosi B\u00edr\u00f3s\u00e1g (kor\u00e1bban [...].<\/p>","protected":false},"author":1,"featured_media":667,"comment_status":"open","ping_status":"open","sticky":false,"template":"","format":"standard","meta":{"footnotes":"","iawp_total_views":27},"categories":[48,46],"tags":[],"acf":[],"_links":{"self":[{"href":"https:\/\/vizum.sk\/hu\/wp-json\/wp\/v2\/posts\/5074"}],"collection":[{"href":"https:\/\/vizum.sk\/hu\/wp-json\/wp\/v2\/posts"}],"about":[{"href":"https:\/\/vizum.sk\/hu\/wp-json\/wp\/v2\/types\/post"}],"author":[{"embeddable":true,"href":"https:\/\/vizum.sk\/hu\/wp-json\/wp\/v2\/users\/1"}],"replies":[{"embeddable":true,"href":"https:\/\/vizum.sk\/hu\/wp-json\/wp\/v2\/comments?post=5074"}],"version-history":[{"count":0,"href":"https:\/\/vizum.sk\/hu\/wp-json\/wp\/v2\/posts\/5074\/revisions"}],"wp:featuredmedia":[{"embeddable":true,"href":"https:\/\/vizum.sk\/hu\/wp-json\/wp\/v2\/media\/667"}],"wp:attachment":[{"href":"https:\/\/vizum.sk\/hu\/wp-json\/wp\/v2\/media?parent=5074"}],"wp:term":[{"taxonomy":"category","embeddable":true,"href":"https:\/\/vizum.sk\/hu\/wp-json\/wp\/v2\/categories?post=5074"},{"taxonomy":"post_tag","embeddable":true,"href":"https:\/\/vizum.sk\/hu\/wp-json\/wp\/v2\/tags?post=5074"}],"curies":[{"name":"wp","href":"https:\/\/api.w.org\/{rel}","templated":true}]}}