{"id":6494,"date":"2023-09-07T11:09:42","date_gmt":"2023-09-07T09:09:42","guid":{"rendered":"https:\/\/vizum.sk\/?p=6494"},"modified":"2024-01-23T18:37:56","modified_gmt":"2024-01-23T17:37:56","slug":"zmena-zakona-o-pobyte-cudzincov-c-404-2011","status":"publish","type":"post","link":"https:\/\/vizum.sk\/hu\/a-kulfoldiek-tartozkodasarol-szolo-2011-evi-404-szamu-torveny-modositasa\/","title":{"rendered":"A k\u00fclf\u00f6ldiek tart\u00f3zkod\u00e1s\u00e1r\u00f3l sz\u00f3l\u00f3 404\/2011. sz. t\u00f6rv\u00e9ny m\u00f3dos\u00edt\u00e1sa"},"content":{"rendered":"<div data-elementor-type=\"wp-post\" data-elementor-id=\"6494\" class=\"elementor elementor-6494\">\n\t\t\t\t\t\t<section class=\"elementor-section elementor-top-section elementor-element elementor-element-c8f43ac elementor-section-boxed elementor-section-height-default elementor-section-height-default\" data-id=\"c8f43ac\" data-element_type=\"section\">\n\t\t\t\t\t\t<div class=\"elementor-container elementor-column-gap-default\">\n\t\t\t\t\t<div class=\"elementor-column elementor-col-100 elementor-top-column elementor-element elementor-element-b57f167\" data-id=\"b57f167\" data-element_type=\"column\">\n\t\t\t<div class=\"elementor-widget-wrap elementor-element-populated\">\n\t\t\t\t\t\t<div class=\"elementor-element elementor-element-4432eab elementor-widget elementor-widget-text-editor\" data-id=\"4432eab\" data-element_type=\"widget\" data-widget_type=\"text-editor.default\">\n\t\t\t\t<div class=\"elementor-widget-container\">\n\t\t\t\t\t\t\t<p>Kedves \u00dcgyfeleink!<\/p>\n<p>t\u00e1j\u00e9koztatjuk \u00d6n\u00f6ket a k\u00fclf\u00f6ldiek tart\u00f3zkod\u00e1s\u00e1r\u00f3l sz\u00f3l\u00f3 t\u00f6rv\u00e9ny m\u00f3dos\u00edt\u00e1s\u00e1nak j\u00f3v\u00e1hagy\u00e1s\u00e1r\u00f3l sz\u00f3l\u00f3 404\/2011. sz. A Szlov\u00e1k K\u00f6zt\u00e1rsas\u00e1g Korm\u00e1nya 2023.09.06-\u00e1n j\u00f3v\u00e1hagyta a Szlov\u00e1k K\u00f6zt\u00e1rsas\u00e1g ter\u00fclet\u00e9n t\u00f6rt\u00e9n\u0151 illeg\u00e1lis migr\u00e1ci\u00f3t \u00e9rint\u0151 l\u00e9nyeges v\u00e1ltoz\u00e1st, amely k\u00fcl\u00f6n\u00f6sen a szem\u00e9lyek Szlov\u00e1k K\u00f6zt\u00e1rsas\u00e1g ter\u00fclet\u00e9n t\u00f6rt\u00e9n\u0151 illeg\u00e1lis migr\u00e1ci\u00f3j\u00e1t \u00e9rinti, \u00e9s amelynek \u00e9rtelm\u00e9ben a Hat\u00e1r- \u00e9s Idegenrend\u00e9szeti Hivatal a tov\u00e1bbiakban nem k\u00f6teles hivatalos k\u00f6zigazgat\u00e1si elj\u00e1r\u00e1st kezdem\u00e9nyezni a k\u00fclf\u00f6ldiek k\u00f6zigazgat\u00e1si kiutas\u00edt\u00e1sa \u00fcgy\u00e9ben. \u00cdgy \u00f6sszess\u00e9g\u00e9ben ez a v\u00e1ltoz\u00e1s a migr\u00e1nsok adminisztrat\u00edv kiutas\u00edt\u00e1s\u00e1val kapcsolatos elj\u00e1r\u00e1sok jelent\u0151s felgyorsul\u00e1s\u00e1t jelenten\u00e9, \u00e9s egy\u00fattal tehermentes\u00edten\u00e9 a Hivatal \u00e9s az illeg\u00e1lis migr\u00e1ci\u00f3 elleni k\u00fczdelemmel foglalkoz\u00f3 egys\u00e9g munk\u00e1j\u00e1t.<\/p>\n<p>Az indokol\u00e1sb\u00f3l \u00e9s az indokl\u00e1sb\u00f3l tov\u00e1bbi inform\u00e1ci\u00f3k az al\u00e1bbi cikkben olvashat\u00f3k. A korm\u00e1ny egy\u00fattal j\u00f3v\u00e1hagyta a r\u00f6vid\u00edtett jogalkot\u00e1si elj\u00e1r\u00e1st, ami laikus nyelven sz\u00f3lva a t\u00f6rv\u00e9ny m\u00f3dos\u00edt\u00e1sainak gyors\u00edtott hat\u00e1lybal\u00e9p\u00e9s\u00e9t \u00e9s hat\u00e1lyveszt\u00e9s\u00e9t jelenti. Az eredeti dokumentumok a cikk v\u00e9g\u00e9n let\u00f6lthet\u0151k.&nbsp;<\/p>\n<p><strong>A t\u00f6rv\u00e9ny egy\u00e9b m\u00f3dos\u00edt\u00e1sai, k\u00fcl\u00f6n\u00f6sen a leg\u00e1lis migr\u00e1ci\u00f3 eset\u00e9ben, nem e t\u00f6rv\u00e9ny m\u00f3dos\u00edt\u00e1s\u00e1val t\u00f6rt\u00e9nnek.<\/strong><\/p>\n<p>A Szlov\u00e1k K\u00f6zt\u00e1rsas\u00e1g ter\u00fclet\u00e9n tapasztalhat\u00f3 n\u00f6vekv\u0151 illeg\u00e1lis migr\u00e1ci\u00f3 miatt a Bizotts\u00e1g javasolja, hogy hozzanak hat\u00e9kony int\u00e9zked\u00e9seket az illeg\u00e1lis migr\u00e1nsok sz\u00e1m\u00e1nak cs\u00f6kkent\u00e9se \u00e9rdek\u00e9ben, \u00e9s halad\u00e9ktalanul \u00e1ll\u00edts\u00e1k vissza az ilyen szem\u00e9lyek adminisztrat\u00edv kiutas\u00edt\u00e1s\u00e1nak lehet\u0151s\u00e9g\u00e9t. A Szlov\u00e1k K\u00f6zt\u00e1rsas\u00e1g ter\u00fclet\u00e9n az illeg\u00e1lis migr\u00e1ci\u00f3 folyamatosan n\u00f6vekszik, 2023 janu\u00e1rja \u00e9s 2023 j\u00faliusa k\u00f6z\u00f6tt 17 529 k\u00fclf\u00f6ldit vettek \u0151rizetbe a Szlov\u00e1k K\u00f6zt\u00e1rsas\u00e1g ter\u00fclet\u00e9n, ami a 2022-es \u00e9v hasonl\u00f3 id\u0151szak\u00e1ban 15 611 \u0151rizetbe vett k\u00fclf\u00f6ldivel val\u00f3 n\u00f6veked\u00e9st jelent. Ezen az \u00f3ri\u00e1si n\u00f6veked\u00e9si tendenci\u00e1n bel\u00fcl tov\u00e1bbra is a nyugat-balk\u00e1ni \u00fatvonalr\u00f3l \u00e9rkez\u0151 illeg\u00e1lis m\u00e1sodlagos tranzitmigr\u00e1ci\u00f3 domin\u00e1l, amely 1 062,3 % n\u00f6veked\u00e9st regisztr\u00e1lt, ami 16 934 \u0151rizetbe vett k\u00fclf\u00f6ldit jelent.<\/p>\n<p>Az els\u0151 int\u00e9zked\u00e9s annak a rendelkez\u00e9snek a m\u00f3dos\u00edt\u00e1sa, amely el\u0151\u00edrja, hogy a rend\u0151rkapit\u00e1nys\u00e1g meghat\u00e1rozott esetekben igazol\u00e1st \u00e1ll\u00edt ki a Szlov\u00e1ki\u00e1ban val\u00f3 tart\u00f3zkod\u00e1sr\u00f3l annak a harmadik orsz\u00e1gbeli \u00e1llampolg\u00e1rnak, akit nem lehet kitoloncolni, mert adminisztrat\u00edv kiutas\u00edt\u00e1s\u00e1nak akad\u00e1lya van, ami h\u00faz\u00f3er\u0151k\u00e9nt hat a balk\u00e1ni \u00fatvonalon utaz\u00f3 illeg\u00e1lis migr\u00e1nsok sz\u00e1m\u00e1ra. Az \u00faj jogszab\u00e1ly javasolja az ilyen okm\u00e1ny ki\u00e1ll\u00edt\u00e1s\u00e1nak lehet\u0151s\u00e9g\u00e9t, \u00e9s az ilyen okm\u00e1nyt m\u00e1r nem minden k\u00fclf\u00f6ldi sz\u00e1m\u00e1ra fogj\u00e1k ki\u00e1ll\u00edtani, k\u00fcl\u00f6n\u00f6sen nem olyan k\u00fclf\u00f6ldiek sz\u00e1m\u00e1ra, akik csak a Szlov\u00e1k K\u00f6zt\u00e1rsas\u00e1g ter\u00fclet\u00e9n kereszt\u00fcl v\u00e1ndorolnak egy m\u00e1sik orsz\u00e1gba. Ez\u00e1ltal a Szlov\u00e1k K\u00f6zt\u00e1rsas\u00e1g kev\u00e9sb\u00e9 lesz vonz\u00f3 a migr\u00e1ci\u00f3 szempontj\u00e1b\u00f3l, ami cs\u00f6kkenten\u00e9 az illeg\u00e1lis k\u00fclf\u00f6ldiek sz\u00e1m\u00e1t.<\/p>\n<p>A t\u00f6rv\u00e9nytervezet arr\u00f3l is rendelkezik, hogy mikor nem indul hivatalos k\u00f6zigazgat\u00e1si kiutas\u00edt\u00e1si elj\u00e1r\u00e1s. Ezek azok az esetek, amikor a k\u00f6zigazgat\u00e1si kiutas\u00edt\u00e1sr\u00f3l sz\u00f3l\u00f3 hat\u00e1rozat re\u00e1lisan nem hajthat\u00f3 v\u00e9gre, p\u00e9ld\u00e1ul a k\u00f6zigazgat\u00e1si kiutas\u00edt\u00e1s akad\u00e1lyai miatt. Ez az int\u00e9zked\u00e9s jelent\u0151sen cs\u00f6kkenti a k\u00f6zigazgat\u00e1si elj\u00e1r\u00e1sok sz\u00e1m\u00e1t, \u00e9s kapacit\u00e1st szabad\u00edt fel az illeg\u00e1lis migr\u00e1ci\u00f3 elleni k\u00fczdelemre.<\/p>\n<p>A COVID-19 betegs\u00e9g okozta vesz\u00e9lyhelyzet kit\u00f6r\u00e9s\u00e9t k\u00f6vet\u0151en ker\u00fclt elfogad\u00e1sra a k\u00fclf\u00f6ldiek tart\u00f3zkod\u00e1s\u00e1r\u00f3l sz\u00f3l\u00f3 t\u00f6rv\u00e9ny m\u00f3dos\u00edt\u00e1sa, amely a k\u00fclf\u00f6ldiek tart\u00f3zkod\u00e1s\u00e1r\u00f3l, valamint egyes t\u00f6rv\u00e9nyek m\u00f3dos\u00edt\u00e1s\u00e1r\u00f3l \u00e9s kieg\u00e9sz\u00edt\u00e9s\u00e9r\u0151l sz\u00f3l\u00f3 m\u00f3dos\u00edtott 404\/2011. sz. t\u00f6rv\u00e9ny 131i. \u00a7 (9) bekezd\u00e9s\u00e9nek rendelkez\u00e9se \u00e9rtelm\u00e9ben a harmadik orsz\u00e1gbeli \u00e1llampolg\u00e1rok ter\u00fclet\u00fcnkr\u0151l vagy az Eur\u00f3pai Uni\u00f3 tag\u00e1llamainak ter\u00fclet\u00e9r\u0151l t\u00f6rt\u00e9n\u0151 k\u00f6zigazgat\u00e1si kiutas\u00edt\u00e1s\u00e1r\u00f3l sz\u00f3l\u00f3 hat\u00e1rozat v\u00e9grehajt\u00e1s\u00e1t a vesz\u00e9lyhelyzet id\u0151tartam\u00e1ra elhalasztja. El\u0151\u00edrja tov\u00e1bb\u00e1, hogy ez a halaszt\u00e1s nem k\u00e9pezi a k\u00fclf\u00f6ldiek tart\u00f3zkod\u00e1s\u00e1r\u00f3l sz\u00f3l\u00f3 t\u00f6rv\u00e9ny 90. cikke (2) bekezd\u00e9se b) pontj\u00e1nak els\u0151 albekezd\u00e9se szerinti fogva tart\u00e1sb\u00f3l val\u00f3 felment\u00e9s alapj\u00e1t.<\/p>\n<p>A fenti rendelkez\u00e9st a COVID-9 vil\u00e1gj\u00e1rv\u00e1ny idej\u00e9n a szem\u00e9lyek harmadik orsz\u00e1gokba t\u00f6rt\u00e9n\u0151 utaz\u00e1s\u00e1nak vagy \u00e1tsz\u00e1ll\u00edt\u00e1s\u00e1nak korl\u00e1toz\u00e1sa (f\u0151k\u00e9nt l\u00e9gi \u00faton) \u00e9s a kapcsol\u00f3d\u00f3 j\u00e1rv\u00e1nyellenes int\u00e9zked\u00e9sek miatt vezett\u00e9k be a k\u00fclf\u00f6ldiek tart\u00f3zkod\u00e1s\u00e1r\u00f3l sz\u00f3l\u00f3 t\u00f6rv\u00e9nybe, ami megakad\u00e1lyozta a visszat\u00e9r\u00e9si orsz\u00e1gokba t\u00f6rt\u00e9n\u0151 adminisztrat\u00edv kiutas\u00edt\u00e1sr\u00f3l sz\u00f3l\u00f3 hat\u00e1rozat v\u00e9grehajt\u00e1s\u00e1t. Amikor ezt a rendelkez\u00e9st bevezett\u00e9k a k\u00fclf\u00f6ldiek tart\u00f3zkod\u00e1s\u00e1r\u00f3l sz\u00f3l\u00f3 t\u00f6rv\u00e9nybe, nem lehetett el\u0151re l\u00e1tni, hogy a v\u00e9szhelyzet meddig fog tartani.<\/p>\n<p>A COVID-19 v\u00edrussal kapcsolatos v\u00e9szhelyzetet a Szlov\u00e1k K\u00f6zt\u00e1rsas\u00e1gban a mai napig nem oldott\u00e1k fel, de a vil\u00e1gj\u00e1rv\u00e1ny\u00fcgyi helyzet jelenleg kedvez\u0151 2 \u00e9s korl\u00e1toz\u00e1sok n\u00e9lk\u00fcl lehet\u0151v\u00e9 teszi az utaz\u00e1st. Ebb\u0151l ad\u00f3dik a k\u00fclf\u00f6ldiek megn\u00f6vekedett be\u00e1raml\u00e1sa a ter\u00fclet\u00fcnkre, valamint a kiadott, de nem v\u00e9grehajthat\u00f3 k\u00f6zigazgat\u00e1si kiutas\u00edt\u00e1si hat\u00e1rozatok sz\u00e1ma. Emiatt is nem c\u00e9lszer\u0171 \u00e9s nem hat\u00e9kony a k\u00f6zigazgat\u00e1si kiutas\u00edt\u00e1s v\u00e9grehajt\u00e1s\u00e1nak tov\u00e1bbi k\u00e9sleltet\u00e9se, ez\u00e9rt az int\u00e9zked\u00e9sek egyikek\u00e9nt a sz\u00f3ban forg\u00f3 rendelkez\u00e9s t\u00f6rl\u00e9s\u00e9t javasoljuk a k\u00fclf\u00f6ldiek tart\u00f3zkod\u00e1s\u00e1r\u00f3l sz\u00f3l\u00f3 t\u00f6rv\u00e9nyb\u0151l.<\/p>\n<p>A t\u00f6rv\u00e9nytervezet nem sz\u00e1mol a k\u00f6zigazgat\u00e1s k\u00f6lts\u00e9gvet\u00e9s\u00e9re, az \u00fczleti k\u00f6rnyezetre, a t\u00e1rsadalmi \u00e9s k\u00f6rnyezeti hat\u00e1sokra, a t\u00e1rsadalom informatiz\u00e1l\u00f3d\u00e1s\u00e1ra, a polg\u00e1roknak ny\u00fajtott k\u00f6zigazgat\u00e1si szolg\u00e1ltat\u00e1sokra, valamint a h\u00e1zass\u00e1gra, a sz\u00fcl\u0151s\u00e9gre \u00e9s a csal\u00e1dra gyakorolt hat\u00e1sokkal.<\/p>\n<p>A t\u00f6rv\u00e9nytervezet \u00f6sszhangban van a Szlov\u00e1k K\u00f6zt\u00e1rsas\u00e1g Alkotm\u00e1ny\u00e1val, az alkotm\u00e1nyos t\u00f6rv\u00e9nyekkel \u00e9s az Alkotm\u00e1nyb\u00edr\u00f3s\u00e1g hat\u00e1rozataival, m\u00e1s t\u00f6rv\u00e9nyekkel, nemzetk\u00f6zi szerz\u0151d\u00e9sekkel \u00e9s egy\u00e9b nemzetk\u00f6zi dokumentumokkal, amelyekhez a Szlov\u00e1k K\u00f6zt\u00e1rsas\u00e1got k\u00f6tik, valamint az Eur\u00f3pai Uni\u00f3 jog\u00e1val.<\/p>\n<p><strong>Forr\u00e1s:<\/strong> <a href=\"https:\/\/rokovania.gov.sk\/RVL\/Material\/28753\/1\" target=\"_blank\" rel=\"noopener\">https:\/\/rokovania.gov.sk\/RVL\/Material\/28753\/1 (biztons\u00e1gos c\u00edm)<\/a><\/p>\t\t\t\t\t\t<\/div>\n\t\t\t\t<\/div>\n\t\t\t\t<div class=\"elementor-element elementor-element-32db86e elementor-tabs-view-horizontal elementor-widget elementor-widget-tabs\" data-id=\"32db86e\" data-element_type=\"widget\" data-widget_type=\"tabs.default\">\n\t\t\t\t<div class=\"elementor-widget-container\">\n\t\t\t\t\t<div class=\"elementor-tabs\">\n\t\t\t<div class=\"elementor-tabs-wrapper\" role=\"tablist\" >\n\t\t\t\t\t\t\t\t\t<div id=\"elementor-tab-title-5331\" class=\"elementor-tab-title elementor-tab-desktop-title\" aria-selected=\"true\" data-tab=\"1\" role=\"tab\" tabindex=\"0\" aria-controls=\"elementor-tab-content-5331\" aria-expanded=\"false\">Let\u00f6lt\u00e9s<\/div>\n\t\t\t\t\t\t\t<\/div>\n\t\t\t<div class=\"elementor-tabs-content-wrapper\" role=\"tablist\" aria-orientation=\"vertical\">\n\t\t\t\t\t\t\t\t\t<div class=\"elementor-tab-title elementor-tab-mobile-title\" aria-selected=\"true\" data-tab=\"1\" role=\"tab\" tabindex=\"0\" aria-controls=\"elementor-tab-content-5331\" aria-expanded=\"false\">Let\u00f6lt\u00e9s<\/div>\n\t\t\t\t\t<div id=\"elementor-tab-content-5331\" class=\"elementor-tab-content elementor-clearfix\" data-tab=\"1\" role=\"tabpanel\" aria-labelledby=\"elementor-tab-title-5331\" tabindex=\"0\" hidden=\"false\"><p><a href=\"https:\/\/vizum.sk\/wp-content\/uploads\/2023\/09\/dovodova_A.pdf\" target=\"_blank\" rel=\"noopener\">Magyar\u00e1z\u00f3 feljegyz\u00e9s A. r\u00e9sz (366 kB)<\/a><\/p><p><a href=\"https:\/\/vizum.sk\/wp-content\/uploads\/2023\/09\/uznesenie.docx\" target=\"_blank\" rel=\"noopener\">Felbont\u00e1s (26 kB)<\/a><\/p><p><a href=\"https:\/\/vizum.sk\/wp-content\/uploads\/2023\/09\/predkladacia.pdf\" target=\"_blank\" rel=\"noopener\">Prezent\u00e1ci\u00f3s jelent\u00e9s (178 kB)<\/a><\/p><p><a href=\"https:\/\/vizum.sk\/wp-content\/uploads\/2023\/09\/dovodova_B.pdf\" target=\"_blank\" rel=\"noopener\">Magyar\u00e1z\u00f3 feljegyz\u00e9s B. r\u00e9sz (191 kB)<\/a><\/p><\/div>\n\t\t\t\t\t\t\t<\/div>\n\t\t<\/div>\n\t\t\t\t<\/div>\n\t\t\t\t<\/div>\n\t\t\t\t\t<\/div>\n\t\t<\/div>\n\t\t\t\t\t<\/div>\n\t\t<\/section>\n\t\t\t\t<\/div>","protected":false},"excerpt":{"rendered":"<p>Tisztelt \u00dcgyfeleink, t\u00e1j\u00e9koztatjuk \u00d6n\u00f6ket a k\u00fclf\u00f6ldiek tart\u00f3zkod\u00e1s\u00e1r\u00f3l sz\u00f3l\u00f3 t\u00f6rv\u00e9ny 404\/2011 sz. A Szlov\u00e1k K\u00f6zt\u00e1rsas\u00e1g Korm\u00e1nya 2023.09.06-\u00e1n j\u00f3v\u00e1hagyta azt a jelent\u0151s v\u00e1ltoz\u00e1st, amely els\u0151sorban a szem\u00e9lyek Szlov\u00e1k K\u00f6zt\u00e1rsas\u00e1g ter\u00fclet\u00e9n kereszt\u00fcl t\u00f6rt\u00e9n\u0151 illeg\u00e1lis migr\u00e1ci\u00f3j\u00e1val kapcsolatos, amikor a Hat\u00e1r- \u00e9s Idegenrend\u00e9szeti Hivatal a tov\u00e1bbiakban nem lesz k\u00f6teles hivatalos k\u00f6zigazgat\u00e1si elj\u00e1r\u00e1st kezdem\u00e9nyezni a k\u00fclf\u00f6ldiek k\u00f6zigazgat\u00e1si kiutas\u00edt\u00e1sa \u00fcgy\u00e9ben. \u00d6sszess\u00e9g\u00e9ben teh\u00e1t ennek a v\u00e1ltoz\u00e1snak [...]<\/p>","protected":false},"author":1,"featured_media":8328,"comment_status":"open","ping_status":"open","sticky":false,"template":"","format":"standard","meta":{"footnotes":"","iawp_total_views":184},"categories":[46,70],"tags":[],"acf":[],"_links":{"self":[{"href":"https:\/\/vizum.sk\/hu\/wp-json\/wp\/v2\/posts\/6494"}],"collection":[{"href":"https:\/\/vizum.sk\/hu\/wp-json\/wp\/v2\/posts"}],"about":[{"href":"https:\/\/vizum.sk\/hu\/wp-json\/wp\/v2\/types\/post"}],"author":[{"embeddable":true,"href":"https:\/\/vizum.sk\/hu\/wp-json\/wp\/v2\/users\/1"}],"replies":[{"embeddable":true,"href":"https:\/\/vizum.sk\/hu\/wp-json\/wp\/v2\/comments?post=6494"}],"version-history":[{"count":0,"href":"https:\/\/vizum.sk\/hu\/wp-json\/wp\/v2\/posts\/6494\/revisions"}],"wp:featuredmedia":[{"embeddable":true,"href":"https:\/\/vizum.sk\/hu\/wp-json\/wp\/v2\/media\/8328"}],"wp:attachment":[{"href":"https:\/\/vizum.sk\/hu\/wp-json\/wp\/v2\/media?parent=6494"}],"wp:term":[{"taxonomy":"category","embeddable":true,"href":"https:\/\/vizum.sk\/hu\/wp-json\/wp\/v2\/categories?post=6494"},{"taxonomy":"post_tag","embeddable":true,"href":"https:\/\/vizum.sk\/hu\/wp-json\/wp\/v2\/tags?post=6494"}],"curies":[{"name":"wp","href":"https:\/\/api.w.org\/{rel}","templated":true}]}}