{"id":6545,"date":"2023-09-08T11:15:18","date_gmt":"2023-09-08T09:15:18","guid":{"rendered":"https:\/\/vizum.sk\/?p=6545"},"modified":"2023-10-06T13:54:15","modified_gmt":"2023-10-06T11:54:15","slug":"uzatvorenie-strankovych-pracovisk-ocp-pz","status":"publish","type":"post","link":"https:\/\/vizum.sk\/hu\/parti-munkahelyek-bezarasa-ocp-pz\/","title":{"rendered":"OCP PZ telephelyek bez\u00e1r\u00e1sa"},"content":{"rendered":"<div data-elementor-type=\"wp-post\" data-elementor-id=\"6545\" class=\"elementor elementor-6545\">\n\t\t\t\t\t\t<section class=\"elementor-section elementor-top-section elementor-element elementor-element-356a210 elementor-section-boxed elementor-section-height-default elementor-section-height-default\" data-id=\"356a210\" data-element_type=\"section\">\n\t\t\t\t\t\t<div class=\"elementor-container elementor-column-gap-default\">\n\t\t\t\t\t<div class=\"elementor-column elementor-col-100 elementor-top-column elementor-element elementor-element-957c5c0\" data-id=\"957c5c0\" data-element_type=\"column\">\n\t\t\t<div class=\"elementor-widget-wrap elementor-element-populated\">\n\t\t\t\t\t\t<div class=\"elementor-element elementor-element-7fd9330 elementor-widget elementor-widget-text-editor\" data-id=\"7fd9330\" data-element_type=\"widget\" data-widget_type=\"text-editor.default\">\n\t\t\t\t<div class=\"elementor-widget-container\">\n\t\t\t\t\t\t\t<p>Kedves \u00dcgyfeleink!\u00a0<br \/>friss\u00edtett cikket k\u00f6zl\u00fcnk az Idegenrend\u00e9szeti Oszt\u00e1ly bez\u00e1r\u00e1s\u00e1val kapcsolatos jelenlegi helyzetr\u0151l. K\u00f6vesse rendszeresen ezt a cikket a legfrissebb inform\u00e1ci\u00f3k\u00e9rt.<\/p><p><span style=\"text-decoration: underline;\"><strong>Friss\u00edtve 06.10.2023:<\/strong><\/span><\/p><p><strong>A Rend\u0151rkapit\u00e1nys\u00e1g Hat\u00e1r- \u00e9s Idegenrend\u00e9szeti Hivatala 2023. okt\u00f3ber 15-ig meghosszabb\u00edtja a Rend\u0151rkapit\u00e1nys\u00e1g Idegenrend\u00e9szeti Oszt\u00e1lyai valamennyi telephely\u00e9nek m\u0171k\u00f6d\u00e9s\u00e9nek korl\u00e1toz\u00e1s\u00e1t.\u00a0<\/strong><strong>Ennek oka, hogy tov\u00e1bbra is meg kell felelni a Szlov\u00e1k K\u00f6zt\u00e1rsas\u00e1g ter\u00fclet\u00e9re ir\u00e1nyul\u00f3 illeg\u00e1lis migr\u00e1ci\u00f3 n\u00f6veked\u00e9s\u00e9vel \u00e9s a Magyarorsz\u00e1ggal val\u00f3 hat\u00e1rellen\u0151rz\u00e9s \u00fajraind\u00edt\u00e1s\u00e1val kapcsolatos kih\u00edv\u00e1soknak.<\/strong><\/p><p>A rend\u0151rs\u00e9g egy h\u00e9ten bel\u00fcl bejelent\u00e9st tesz a helysz\u00ednek tov\u00e1bbi m\u0171k\u00f6d\u00e9s\u00e9nek fel\u00fclvizsg\u00e1lat\u00e1r\u00f3l.<\/p><p><br \/><strong>A k\u00fclf\u00f6ldiek k\u00f6vetkez\u0151 csoportjait azonban tov\u00e1bbra is az OCP PZ-ben kezelik:<\/strong><\/p><ol><li>Azok a di\u00e1kok, akik a k\u00f6z\u00e9piskola vagy az egyetem els\u0151 \u00e9vfolyam\u00e1ba l\u00e9pnek, \u00e9s a foglal\u00e1si rendszeren kereszt\u00fcl m\u00e1r foglaltak,<\/li><li>a Szlov\u00e1k K\u00f6zt\u00e1rsas\u00e1g \u00e9rdek\u00e9ben nemzeti v\u00edzumot k\u00e9relmez\u0151k, akik m\u00e1r a foglal\u00e1si rendszeren kereszt\u00fcl foglaltak,<\/li><li>a Szlov\u00e1k K\u00f6zt\u00e1rsas\u00e1g ter\u00fclet\u00e9n t\u00f6rt\u00e9n\u0151 munkav\u00e1llal\u00e1s c\u00e9lj\u00e1b\u00f3l t\u00f6rt\u00e9n\u0151 ideiglenes tart\u00f3zkod\u00e1sra jelentkez\u0151k, akiket a foglal\u00e1si rendszeren kereszt\u00fcl foglaltak le,<\/li><li>a Szlov\u00e1k K\u00f6zt\u00e1rsas\u00e1gban ideiglenes mened\u00e9kjogot k\u00e9relmez\u0151k.<\/li><\/ol><p class=\"Default\">M\u00e1s p\u00e1ly\u00e1z\u00f3k is befogadhat\u00f3k,\u00a0<strong>ha m\u00e1r foglaltak a foglal\u00e1si rendszeren kereszt\u00fcl, \u00e9s mentess\u00e9get k\u00e9rnek a PZ Eln\u00f6ks\u00e9g\u00e9nek illet\u00e9kes hat\u00e1r- \u00e9s idegenrend\u00e9szeti igazgat\u00f3s\u00e1g\u00e1n.<\/strong>\u00a0berendez\u00e9sek \u00e9s\u00a0<strong>objekt\u00edv okai vannak erre.<\/strong>\u00a0P\u00e9ld\u00e1ul a k\u00f6vetkez\u0151 szem\u00e9lyi kateg\u00f3ri\u00e1k lehetnek \u00e9rintettek:<\/p><ul><li class=\"Default\">k\u00fclf\u00f6ldi \u00e1llampolg\u00e1rok, akiknek \u00faj tart\u00f3zkod\u00e1si enged\u00e9lyre van sz\u00fcks\u00e9g\u00fck,<\/li><li class=\"Default\">azok a k\u00fclf\u00f6ldiek, akiknek a D v\u00edzumuk a szlov\u00e1kiai tart\u00f3zkod\u00e1si k\u00e9relm\u00fckkel \u00f6sszef\u00fcgg\u00e9sben a b\u00f3dult munkahelyek korl\u00e1toz\u00e1s\u00e1nak id\u0151pontj\u00e1ban j\u00e1r le,<\/li><li class=\"Default\">a Szlov\u00e1k K\u00f6zt\u00e1rsas\u00e1g ter\u00fclet\u00e9n jogszer\u0171en tart\u00f3zkod\u00f3 szem\u00e9lyek az al\u00e1bbi rendelkez\u00e9sek alapj\u00e1n\u00a0<em>A k\u00fclf\u00f6ldiek tart\u00f3zkod\u00e1s\u00e1r\u00f3l sz\u00f3l\u00f3 t\u00f6rv\u00e9ny 131j. \u00a7 (2) bekezd\u00e9se.<\/em>\u00a0a COVID-19 \u00e1ltal okozott v\u00e1ls\u00e1ghelyzethez kapcsol\u00f3d\u00f3an 2023. okt\u00f3ber 15-ig foglalt\u00e1k le, \u00e9s tart\u00f3zkod\u00e1si enged\u00e9lyt kell k\u00e9rni\u00fck,<\/li><li class=\"Default\">csal\u00e1degyes\u00edt\u00e9si \u00fcgyek olyan szem\u00e9lyek sz\u00e1m\u00e1ra, akik m\u00e1r r\u00e9szes\u00fcltek mentess\u00e9gben,<\/li><li class=\"Default\">m\u00e1s esetekben, ha objekt\u00edv okok indokolj\u00e1k ezt.<\/li><\/ul><p>\u00a0<\/p><p><span style=\"text-decoration: underline;\"><strong>Friss\u00edtve 28.09.2023:<\/strong><\/span><\/p><p><strong>A Rend\u0151rs\u00e9gi Eln\u00f6ks\u00e9g Hat\u00e1r- \u00e9s Idegenrend\u00e9szeti Hivatala 2023. okt\u00f3ber 8-ig meghosszabb\u00edtja a rend\u0151rs\u00e9g idegenrend\u00e9szeti oszt\u00e1lyai valamennyi telephely\u00e9nek m\u0171k\u00f6d\u00e9s\u00e9nek korl\u00e1toz\u00e1s\u00e1t, mivel a Szlov\u00e1k K\u00f6zt\u00e1rsas\u00e1g ter\u00fclet\u00e9n az illeg\u00e1lis migr\u00e1ci\u00f3 \u00f3ri\u00e1si m\u00e9rt\u00e9k\u0171 n\u00f6veked\u00e9s\u00e9vel kapcsolatos feladatok ell\u00e1t\u00e1s\u00e1ra tov\u00e1bbra is sz\u00fcks\u00e9g van.<\/strong><\/p><p>A k\u00fclf\u00f6ldiek k\u00f6vetkez\u0151 csoportjait azonban tov\u00e1bbra is az OCP PZ-ben kezelik:<\/p><ol><li>A k\u00f6z\u00e9piskola vagy egyetem els\u0151 \u00e9vfolyam\u00e1ba l\u00e9p\u0151, \u00e9s a foglal\u00e1si rendszeren kereszt\u00fcl m\u00e1r lefoglalt di\u00e1kok,<\/li><li>a Szlov\u00e1k K\u00f6zt\u00e1rsas\u00e1g \u00e9rdek\u00e9ben nemzeti v\u00edzumot k\u00e9relmez\u0151k, akik m\u00e1r a foglal\u00e1si rendszeren kereszt\u00fcl foglaltak,<\/li><li>a Szlov\u00e1k K\u00f6zt\u00e1rsas\u00e1gban ideiglenes mened\u00e9kjogot k\u00e9relmez\u0151k.<\/li><\/ol><p>A szem\u00e9lyek k\u00f6vetkez\u0151 kateg\u00f3ri\u00e1ival tov\u00e1bbra is a Rend\u0151rs\u00e9g Eln\u00f6ks\u00e9g\u00e9nek Hat\u00e1r- \u00e9s Idegenrend\u00e9szeti Hivatala foglalkozik majd\u00a0<strong>egy m\u00e1sik kateg\u00f3ri\u00e1val b\u0151v\u00fcl,<\/strong>\u00a0k\u00f6r\u00fclbel\u00fcl:<\/p><p>&#8211;<strong>\u00a0a Szlov\u00e1k K\u00f6zt\u00e1rsas\u00e1g ter\u00fclet\u00e9n munkav\u00e1llal\u00e1s c\u00e9lj\u00e1b\u00f3l t\u00f6rt\u00e9n\u0151 ideiglenes tart\u00f3zkod\u00e1sra jelentkez\u0151k<\/strong><strong>\u00a0\u00e9s m\u00e1r lefoglalt\u00e1k a foglal\u00e1si rendszeren kereszt\u00fcl<\/strong>.<\/p><p>A Rend\u0151rs\u00e9g Eln\u00f6ks\u00e9g\u00e9nek Hat\u00e1r- \u00e9s Idegenrend\u00e9szeti Hivatala\u00a0<strong>felh\u00edvja a figyelmet az al\u00e1bbi rendelkez\u00e9sekre\u00a0<\/strong><strong>A k\u00fclf\u00f6ldiek tart\u00f3zkod\u00e1s\u00e1r\u00f3l sz\u00f3l\u00f3 t\u00f6rv\u00e9ny 131k. \u00a7 (1) bekezd\u00e9se.<\/strong>\u00a0\"a tart\u00f3zkod\u00e1s \u00e9rv\u00e9nyess\u00e9ge automatikusan meghosszabbodik az Ukrajna ter\u00fclet\u00e9n zajl\u00f3 fegyveres konfliktus miatt a Szlov\u00e1k K\u00f6zt\u00e1rsas\u00e1g ter\u00fclet\u00e9re t\u00f6megesen be\u00e1raml\u00f3 k\u00fclf\u00f6ldiekkel kapcsolatos rendk\u00edv\u00fcli helyzet megsz\u0171n\u00e9s\u00e9t\u0151l sz\u00e1m\u00edtott k\u00e9t h\u00f3nap eltelt\u00e9ig\".  Ezzel a rendelkez\u00e9ssel kapcsolatban arra k\u00e9rj\u00fck a k\u00fclf\u00f6ldieket, hogy v\u00e1rjanak, miel\u0151tt a Szlov\u00e1k K\u00f6zt\u00e1rsas\u00e1g ter\u00fclet\u00e9n val\u00f3 ideiglenes tart\u00f3zkod\u00e1s meghosszabb\u00edt\u00e1s\u00e1t k\u00e9relmezik. Ugyanakkor arra k\u00e9rj\u00fck a k\u00fclf\u00f6ldieket, hogy legyenek t\u00fcrelmesek ezzel a helyzettel szemben, \u00e9s arra k\u00e9rj\u00fck \u0151ket, hogy ne terhelj\u00e9k a Rend\u0151rs\u00e9g Eln\u00f6ks\u00e9g\u00e9nek Hat\u00e1r- \u00e9s Idegenrend\u00e9szeti Igazgat\u00f3s\u00e1g\u00e1t mentess\u00e9gi k\u00e9relmekkel, hacsak ez val\u00f3ban nem sz\u00fcks\u00e9ges.<\/p><p>K\u00fcl\u00f6n felh\u00edvjuk a figyelm\u00fcket arra, hogy a Rend\u0151rs\u00e9g Idegenrend\u00e9szeti Oszt\u00e1ly\u00e1n foly\u00f3 \u00e9p\u00edtkez\u00e9sek miatt\u00a0<strong>Ruzomberok<\/strong>\u00a0ez a r\u00e9szleg 2023. okt\u00f3ber 2-4. k\u00f6z\u00f6tt lesz\u00a0<strong>teljesen z\u00e1rva<\/strong>. Azon szem\u00e9lyek csoportjait, akikre kiv\u00e9teles elb\u00edr\u00e1l\u00e1s vonatkozik, \u00e9s ezekre a napokra id\u0151pontot foglaltak, csak 2023. okt\u00f3ber 5-6-\u00e1n fogj\u00e1k feldolgozni, m\u00edg a Beszterceb\u00e1nyai Rend\u0151rkapit\u00e1nys\u00e1g Eln\u00f6ks\u00e9g\u00e9nek Hat\u00e1r- \u00e9s Idegenrend\u00e9szeti Igazgat\u00f3s\u00e1g\u00e1val e-mailben kell felvenni a kapcsolatot (<a class=\"\" href=\"mailto:rcpbb@minv.sk\">rcpbb@minv.sk<\/a>) egy alternat\u00edv id\u0151pontot.<\/p><p><span style=\"text-decoration: underline;\"><strong>Eredeti jelent\u00e9s:<\/strong><\/span><\/p><p><strong>2023. szeptember 11. \u00e9s 30. k\u00f6z\u00f6tt a Rend\u0151rs\u00e9g Eln\u00f6ks\u00e9g\u00e9nek Hat\u00e1r- \u00e9s Idegenrend\u00e9szeti Hivatala a Szlov\u00e1k K\u00f6zt\u00e1rsas\u00e1g ter\u00fclet\u00e9n az illeg\u00e1lis migr\u00e1ci\u00f3 \u00f3ri\u00e1si m\u00e9rt\u00e9k\u0171 n\u00f6veked\u00e9s\u00e9vel kapcsolatos feladatok elv\u00e9gz\u00e9s\u00e9nek sz\u00fcks\u00e9gess\u00e9ge miatt bez\u00e1rja a Rend\u0151rs\u00e9g Idegenrend\u00e9szeti Hivatal\u00e1nak valamennyi oszt\u00e1ly\u00e1nak munkahely\u00e9t.<\/strong><\/p><p>A fentiekkel \u00f6sszef\u00fcgg\u00e9sben azonban az OCP PZ tov\u00e1bbra is kezeli a k\u00f6vetkez\u0151 feladatokat\u00a0<strong>a k\u00fclf\u00f6ldiek k\u00f6vetkez\u0151 csoportjai:<\/strong><\/p><ul><li>A k\u00f6z\u00e9piskola vagy egyetem els\u0151 \u00e9vfolyam\u00e1ba l\u00e9p\u0151, \u00e9s a foglal\u00e1si rendszeren kereszt\u00fcl m\u00e1r lefoglalt di\u00e1kok,<\/li><li>a Szlov\u00e1k K\u00f6zt\u00e1rsas\u00e1g \u00e9rdek\u00e9ben nemzeti v\u00edzumot k\u00e9relmez\u0151k, akik m\u00e1r a foglal\u00e1si rendszeren kereszt\u00fcl foglaltak,<\/li><li>a Szlov\u00e1k K\u00f6zt\u00e1rsas\u00e1g ter\u00fclet\u00e9n ideiglenes mened\u00e9kjogot k\u00e9relmez\u0151k.<\/li><\/ul><p>Minden m\u00e1s, a foglal\u00e1si rendszeren kereszt\u00fcl m\u00e1r lefoglalt k\u00fclf\u00f6ldi, akinek k\u00fcl\u00f6nleges megfontol\u00e1sok miatt tart\u00f3zkod\u00e1si enged\u00e9lyt vagy \u00faj tart\u00f3zkod\u00e1si enged\u00e9lyt kell k\u00e9rnie, e-mailben k\u00e9rheti az illet\u00e9kes hat\u00e1r- \u00e9s bev\u00e1ndorl\u00e1si rend\u0151rs\u00e9gi igazgat\u00f3s\u00e1gt\u00f3l a k\u00f6vetkez\u0151ket\u00a0<strong>mentess\u00e9g megad\u00e1sa<\/strong>\u00a0a p\u00e1ly\u00e1zat beny\u00fajt\u00e1s\u00e1ra. Ellenkez\u0151 esetben az online foglal\u00e1si rendszeren kereszt\u00fcl kell \u00faj id\u0151pontot foglalniuk. Az eredeti id\u0151pontokat nem kell k\u00fcl\u00f6n lemondani, ez automatikusan megt\u00f6rt\u00e9nik.<\/p><p><strong>\u00c9rtes\u00edt\u00e9s<\/strong><\/p><p>Lehets\u00e9ges\u00a0<strong>a tart\u00f3zkod\u00e1s lej\u00e1rta<\/strong>\u00a0a PZ k\u00fclrend\u0151rs\u00e9gi oszt\u00e1lyainak tervezett bez\u00e1r\u00e1sa sor\u00e1n\u00a0<strong>nem ad okot aggodalomra<\/strong>mivel a rendelkez\u00e9s szerint<em>\u00a0A k\u00fclf\u00f6ldiek tart\u00f3zkod\u00e1s\u00e1r\u00f3l sz\u00f3l\u00f3 t\u00f6rv\u00e9ny 131k. \u00a7 (1) bekezd\u00e9se.\u00a0<\/em>a tart\u00f3zkod\u00e1s \u00e9rv\u00e9nyess\u00e9ge automatikusan meghosszabbodik az Ukrajna ter\u00fclet\u00e9n zajl\u00f3 fegyveres konfliktus miatt a Szlov\u00e1k K\u00f6zt\u00e1rsas\u00e1g ter\u00fclet\u00e9re t\u00f6megesen be\u00e1raml\u00f3 k\u00fclf\u00f6ldiekkel kapcsolatos rendk\u00edv\u00fcli helyzet megsz\u0171n\u00e9se \u00f3ta eltelt k\u00e9t h\u00f3napig.\u00a0\u00a0<\/p><p>Ha 2023. szeptember 30. ut\u00e1n sem cs\u00f6kken az illeg\u00e1lis migr\u00e1ci\u00f3, akkor kell\u0151 id\u0151ben t\u00e1j\u00e9koztatni fogjuk a nyilv\u00e1noss\u00e1got a tov\u00e1bbi int\u00e9zked\u00e9sekr\u0151l.<\/p><p><strong>A jelent\u00e9st naprak\u00e9szen fogjuk tartani.<\/strong><\/p><p>Forr\u00e1s: https:\/\/www.minv.sk\/?tlacove-spravy-2&amp;sprava=strankove-pracoviska-cudzineckej-policie-od-11-do-30-septembra-budu-poskytovat-sluzby-v-obmedzenom-rezime<\/p>\t\t\t\t\t\t<\/div>\n\t\t\t\t<\/div>\n\t\t\t\t\t<\/div>\n\t\t<\/div>\n\t\t\t\t\t<\/div>\n\t\t<\/section>\n\t\t\t\t<\/div>","protected":false},"excerpt":{"rendered":"<p>Kedves \u00fcgyfeleink, friss\u00edtett cikket k\u00f6zl\u00fcnk a K\u00fcl\u00fcgyi Rend\u0151rkapit\u00e1nys\u00e1g bez\u00e1r\u00e1s\u00e1val kapcsolatos jelenlegi helyzetr\u0151l. Ellen\u0151rizze rendszeresen ezt a cikket a legfrissebb inform\u00e1ci\u00f3k\u00e9rt. Friss\u00edtve 2023.10.06-\u00e1n: A Rend\u0151rkapit\u00e1nys\u00e1g Eln\u00f6ks\u00e9g\u00e9nek Hat\u00e1r- \u00e9s Idegenrend\u00e9szeti Hivatala 2023. okt\u00f3ber 15-ig meghosszabb\u00edtja a Rend\u0151rkapit\u00e1nys\u00e1g Idegenrend\u00e9szeti Oszt\u00e1lyai valamennyi telephely\u00e9nek m\u0171k\u00f6d\u00e9s\u00e9nek korl\u00e1toz\u00e1s\u00e1t. Ennek oka az illeg\u00e1lis migr\u00e1ci\u00f3 n\u00f6veked\u00e9s\u00e9vel kapcsolatos feladatok folyamatos [...].<\/p>","protected":false},"author":1,"featured_media":6847,"comment_status":"open","ping_status":"open","sticky":false,"template":"","format":"standard","meta":{"footnotes":"","iawp_total_views":146},"categories":[70,52],"tags":[],"acf":[],"_links":{"self":[{"href":"https:\/\/vizum.sk\/hu\/wp-json\/wp\/v2\/posts\/6545"}],"collection":[{"href":"https:\/\/vizum.sk\/hu\/wp-json\/wp\/v2\/posts"}],"about":[{"href":"https:\/\/vizum.sk\/hu\/wp-json\/wp\/v2\/types\/post"}],"author":[{"embeddable":true,"href":"https:\/\/vizum.sk\/hu\/wp-json\/wp\/v2\/users\/1"}],"replies":[{"embeddable":true,"href":"https:\/\/vizum.sk\/hu\/wp-json\/wp\/v2\/comments?post=6545"}],"version-history":[{"count":0,"href":"https:\/\/vizum.sk\/hu\/wp-json\/wp\/v2\/posts\/6545\/revisions"}],"wp:featuredmedia":[{"embeddable":true,"href":"https:\/\/vizum.sk\/hu\/wp-json\/wp\/v2\/media\/6847"}],"wp:attachment":[{"href":"https:\/\/vizum.sk\/hu\/wp-json\/wp\/v2\/media?parent=6545"}],"wp:term":[{"taxonomy":"category","embeddable":true,"href":"https:\/\/vizum.sk\/hu\/wp-json\/wp\/v2\/categories?post=6545"},{"taxonomy":"post_tag","embeddable":true,"href":"https:\/\/vizum.sk\/hu\/wp-json\/wp\/v2\/tags?post=6545"}],"curies":[{"name":"wp","href":"https:\/\/api.w.org\/{rel}","templated":true}]}}