{"id":6666,"date":"2023-09-13T16:55:24","date_gmt":"2023-09-13T14:55:24","guid":{"rendered":"https:\/\/vizum.sk\/?p=6666"},"modified":"2023-09-13T18:03:51","modified_gmt":"2023-09-13T16:03:51","slug":"zrusenie-mimoriadnej-situacie-covid-19","status":"publish","type":"post","link":"https:\/\/vizum.sk\/hu\/a-covid-19-miatti-veszhelyzet-lemondasa\/","title":{"rendered":"A s\u00fcrg\u0151ss\u00e9gi COVID-19 t\u00f6rl\u00e9se"},"content":{"rendered":"<div data-elementor-type=\"wp-post\" data-elementor-id=\"6666\" class=\"elementor elementor-6666\">\n\t\t\t\t\t\t<section class=\"elementor-section elementor-top-section elementor-element elementor-element-fabd455 elementor-section-boxed elementor-section-height-default elementor-section-height-default\" data-id=\"fabd455\" data-element_type=\"section\">\n\t\t\t\t\t\t<div class=\"elementor-container elementor-column-gap-default\">\n\t\t\t\t\t<div class=\"elementor-column elementor-col-100 elementor-top-column elementor-element elementor-element-3033858\" data-id=\"3033858\" data-element_type=\"column\">\n\t\t\t<div class=\"elementor-widget-wrap elementor-element-populated\">\n\t\t\t\t\t\t<div class=\"elementor-element elementor-element-585c2a7 elementor-widget elementor-widget-text-editor\" data-id=\"585c2a7\" data-element_type=\"widget\" data-widget_type=\"text-editor.default\">\n\t\t\t\t<div class=\"elementor-widget-container\">\n\t\t\t\t\t\t\t<p>Kedves \u00dcgyfeleink!<\/p>\n<p>A Szlov\u00e1k K\u00f6zt\u00e1rsas\u00e1g Korm\u00e1nyhivatala 2023.09.11-\u00e9n. <strong>j\u00f3v\u00e1hagyja a COVID-19 terjed\u00e9se miatt kialakult v\u00e9szhelyzet megsz\u00fcntet\u00e9s\u00e9t<\/strong>amely a k\u00f6vetkez\u0151 id\u0151pontban sz\u0171nik meg <strong>15.09.2023 o 6:00<\/strong>. Ezen t\u00e9ny alapj\u00e1n a Z.z. 131i \u00a7 \u00e1tmeneti rendelkez\u00e9s \u00e9rv\u00e9nyess\u00e9ge. 404\/2011. sz\u00e1m\u00fa, a k\u00fclf\u00f6ldiek tart\u00f3zkod\u00e1s\u00e1r\u00f3l sz\u00f3l\u00f3 t\u00f6rv\u00e9ny \u00e1tmeneti rendelkez\u00e9s\u00e9nek \u00e9rv\u00e9nytelens\u00e9g\u00e9t. Jelenleg azonban a t\u00f6rv\u00e9ny 131k. \u00a7-\u00e1nak \u00e1tmeneti rendelkez\u00e9se tov\u00e1bbra is hat\u00e1lyban van. Az ukrajnai fegyveres konfliktussal kapcsolatos k\u00fclf\u00f6ldiek tart\u00f3zkod\u00e1s\u00e1r\u00f3l sz\u00f3l\u00f3 t\u00f6rv\u00e9ny 404\/2011.&nbsp;<\/p>\n<p><strong>A rendk\u00edv\u00fcli helyzet fent eml\u00edtett megsz\u00fcntet\u00e9se alapj\u00e1n az idegenrend\u00e9szetnek \u00edgy lesz tere arra, hogy a Sz\u00edri\u00e1n k\u00edv\u00fcli orsz\u00e1gokb\u00f3l \u00e9rkez\u0151 illeg\u00e1lis migr\u00e1nsok \u00f3ri\u00e1si sz\u00e1m\u00e1val foglalkozzon, ahol jelenleg h\u00e1bor\u00fa d\u00fal.<\/strong><\/p>\n<p>Odor minisztereln\u00f6k augusztusban jelentette be, hogy a COVID-19 miatt a rendk\u00edv\u00fcli \u00e1llapot felold\u00e1s\u00e1ra ir\u00e1nyul\u00f3 t\u00f6rekv\u00e9s van folyamatban. Ugyanakkor figyelmeztetett arra, hogy egyes int\u00e9zked\u00e9seknek a koronav\u00edrus okozta v\u00e9szhelyzettel val\u00f3 \u00f6sszekapcsol\u00e1s\u00e1val foglalkozni kell, \u00e9s azokat esetleg egy m\u00e1sodik v\u00e9szhelyzetbe kell \u00e1thelyezni. H\u00e9tf\u0151n (11\/9) kijelentette, hogy a polg\u00e1rokat seg\u00edteni hivatott int\u00e9zked\u00e9seket nem t\u00f6rlik el.<\/p>\n<p>A sz\u00f3ban forg\u00f3 t\u00f6rv\u00e9ny t\u00e9nyleges sz\u00f6veg\u00e9t az al\u00e1bbiakban csatoljuk. Felt\u00e9telezz\u00fck azonban, hogy ezzel egyidej\u0171leg a t\u00f6rv\u00e9ny egyes s\u00fcrg\u0151ss\u00e9gi rendelkez\u00e9seit is m\u00f3dos\u00edtj\u00e1k \u00e9s \u00e1thelyezik, \u00edgy fenntartva a tart\u00f3zkod\u00e1si enged\u00e9ly meg\u00faj\u00edt\u00e1s\u00e1ra vonatkoz\u00f3 k\u00e9relem beny\u00fajt\u00e1s\u00e1ra vonatkoz\u00f3 hat\u00e1rid\u0151 meghosszabb\u00edt\u00e1s\u00e1nak \u00e9rv\u00e9nyess\u00e9g\u00e9t stb. A t\u00f6rv\u00e9ny konkr\u00e9t v\u00e1ltoz\u00e1sair\u00f3l a megfelel\u0151 id\u0151ben t\u00e1j\u00e9koztatni fogjuk \u00d6n\u00f6ket.<\/p>\n<table class=\"FragsTb\">\n<tbody class=\"Frags\">\n<tr class=\"GO\" data-f=\"3802550\">\n<td class=\"dc L3\">\n<p class=\"PARA\">\u00a7 131i<\/p>\n<\/td>\n<\/tr>\n<tr data-f=\"3802551\">\n<th>&nbsp;<\/th>\n<td class=\"dc L4\">\n<p><s><a id=\"f5154419\"><\/a><\/s><\/p>\n<h3 class=\"NADPIS\">A COVID-19 \u00e1ltal okozott v\u00e9szhelyzetre vonatkoz\u00f3 \u00e1tmeneti rendelkez\u00e9sek<\/h3>\n<\/td>\n<\/tr>\n<tr class=\"GO\" data-f=\"3802552\">\n<th>&nbsp;<\/th>\n<td class=\"dc L4\">\n<p><s><a id=\"p131i-1\"><\/a><a id=\"f5154420\"><\/a><\/s><\/p>\n<p><var>(1)<\/var>&nbsp;Az ideiglenes tart\u00f3zkod\u00e1s, az \u00e1lland\u00f3 tart\u00f3zkod\u00e1s vagy a t\u0171rt tart\u00f3zkod\u00e1s, amely egy\u00e9bk\u00e9nt a COVID-19 betegs\u00e9ggel \u00f6sszef\u00fcgg\u00e9sben kihirdetett rendk\u00edv\u00fcli \u00e1llapot, sz\u00fcks\u00e9g\u00e1llapot vagy sz\u00fcks\u00e9g\u00e1llapot (a tov\u00e1bbiakban: \"sz\u00fcks\u00e9g\u00e1llapot\") alatt j\u00e1rna le, vagy amely a sz\u00fcks\u00e9g\u00e1llapot felold\u00e1s\u00e1t k\u00f6vet\u0151 egy h\u00f3napon bel\u00fcl j\u00e1rna le, a sz\u00fcks\u00e9g\u00e1llapot felold\u00e1s\u00e1t k\u00f6vet\u0151 k\u00e9t h\u00f3nap eltelt\u00e9ig meghosszabb\u00edt\u00e1sra ker\u00fcl.<\/p>\n<\/td>\n<\/tr>\n<tr class=\"GO\" data-f=\"3802553\">\n<th>&nbsp;<\/th>\n<td class=\"dc L4\">\n<p><s><a id=\"p131i-2\"><\/a><a id=\"f5154421\"><\/a><\/s><\/p>\n<p><var>(2)<\/var>&nbsp;Az a harmadik orsz\u00e1gbeli \u00e1llampolg\u00e1r, aki jogszer\u0171en l\u00e9pett be a Szlov\u00e1k K\u00f6zt\u00e1rsas\u00e1g ter\u00fclet\u00e9re, \u00e9s e t\u00f6rv\u00e9ny alapj\u00e1n nem kapott tart\u00f3zkod\u00e1si enged\u00e9lyt, a v\u00e1ls\u00e1ghelyzet megsz\u0171n\u00e9s\u00e9t\u0151l sz\u00e1m\u00edtott egy h\u00f3nap eltelt\u00e9ig jogosult a Szlov\u00e1k K\u00f6zt\u00e1rsas\u00e1g ter\u00fclet\u00e9n tart\u00f3zkodni.<\/p>\n<\/td>\n<\/tr>\n<tr class=\"GO\" data-f=\"3802554\">\n<th>&nbsp;<\/th>\n<td class=\"dc L4\">\n<p><s><a id=\"p131i-3\"><\/a><a id=\"f5154422\"><\/a><\/s><\/p>\n<p><var>(3)<\/var>&nbsp;A v\u00e1ls\u00e1ghelyzetben a Szlov\u00e1k K\u00f6zt\u00e1rsas\u00e1g ter\u00fclet\u00e9n k\u00edv\u00fcl tart\u00f3zkod\u00f3 harmadik orsz\u00e1gbeli \u00e1llampolg\u00e1r a nagyk\u00f6vets\u00e9gen k\u00e9rheti az ideiglenes tart\u00f3zkod\u00e1s meghosszabb\u00edt\u00e1s\u00e1t vagy hat\u00e1rozatlan id\u0151re sz\u00f3l\u00f3 \u00e1lland\u00f3 tart\u00f3zkod\u00e1s ir\u00e1nti k\u00e9relmet.<\/p>\n<\/td>\n<\/tr>\n<tr class=\"GO\" data-f=\"3802555\">\n<th>&nbsp;<\/th>\n<td class=\"dc L4\">\n<p><s><a id=\"p131i-4\"><\/a><a id=\"f5154423\"><\/a><\/s><\/p>\n<p><var>(4)<\/var>&nbsp;A rend\u0151rkapit\u00e1nys\u00e1g elfogadhatja a 32. \u00a7 (2) bekezd\u00e9se, a 34. \u00a7 (3) bekezd\u00e9se, a 45. \u00a7 (3) bekezd\u00e9se, a 47. \u00a7 (3) bekezd\u00e9se, az 53. \u00a7 (3) bekezd\u00e9se vagy az 59. \u00a7 (3) bekezd\u00e9se szerinti dokumentumokat, amelyek a v\u00e1ls\u00e1ghelyzet idej\u00e9n, amely miatt a harmadik orsz\u00e1gbeli \u00e1llampolg\u00e1r nem tudott tart\u00f3zkod\u00e1si vagy tart\u00f3zkod\u00e1si enged\u00e9ly ir\u00e1nti k\u00e9relmet beny\u00fajtani, 90 napn\u00e1l r\u00e9gebbiek voltak, ha a tart\u00f3zkod\u00e1si vagy tart\u00f3zkod\u00e1si enged\u00e9ly ir\u00e1nti k\u00e9relem beny\u00fajt\u00e1s\u00e1nak id\u0151pontj\u00e1ban nem voltak 90 napn\u00e1l r\u00e9gebbiek, \u00e9s a harmadik orsz\u00e1gbeli \u00e1llampolg\u00e1r a tart\u00f3zkod\u00e1si vagy tart\u00f3zkod\u00e1si enged\u00e9ly ir\u00e1nti k\u00e9relem beny\u00fajt\u00e1s\u00e1nak id\u0151pontj\u00e1ig nem hagyta el a Szlov\u00e1k K\u00f6zt\u00e1rsas\u00e1g ter\u00fclet\u00e9t.<\/p>\n<\/td>\n<\/tr>\n<tr class=\"GO\" data-f=\"3802556\">\n<th>&nbsp;<\/th>\n<td class=\"dc L4\">\n<p><s><a id=\"p131i-5\"><\/a><a id=\"f5154424\"><\/a><\/s><\/p>\n<p><var>(5)<\/var>&nbsp;A 36. \u00a7 (3) bekezd\u00e9se \u00e9s a 41. \u00a7 (3) bekezd\u00e9se szerinti hat\u00e1rid\u0151 a v\u00e1ls\u00e1ghelyzet id\u0151tartam\u00e1ra meghosszabbodik.<\/p>\n<\/td>\n<\/tr>\n<tr class=\"GO\" data-f=\"3802557\">\n<th>&nbsp;<\/th>\n<td class=\"dc L4\">\n<p><s><a id=\"p131i-6\"><\/a><a id=\"f5154425\"><\/a><\/s><\/p>\n<p><var>(6)<\/var>&nbsp;(3), (4) \u00e9s (7) bekezd\u00e9se, a 112. \u00a7 (1) bekezd\u00e9s\u00e9nek c), e), k) \u00e9s l) pontja, valamint a 112. \u00a7 (2) bekezd\u00e9s\u00e9nek a), d), f), l) \u00e9s m) pontja a v\u00e1ls\u00e1ghelyzet megsz\u0171n\u00e9s\u00e9ig nem hat\u00e1lyosul.<\/p>\n<\/td>\n<\/tr>\n<tr class=\"GO\" data-f=\"3802558\">\n<th>&nbsp;<\/th>\n<td class=\"dc L4\">\n<p><s><a id=\"p131i-7\"><\/a><a id=\"f5154426\"><\/a><\/s><\/p>\n<p><var>(7)<\/var>&nbsp;A 61a. \u00a7 (4) bekezd\u00e9se, a 62. \u00a7 (3) bekezd\u00e9se \u00e9s a 83. \u00a7 (1) bekezd\u00e9se szerinti k\u00f6telezetts\u00e9gek nem alkalmazand\u00f3k a v\u00e1ls\u00e1ghelyzet megsz\u0171n\u00e9s\u00e9ig.<\/p>\n<\/td>\n<\/tr>\n<tr class=\"GO\" data-f=\"3802559\">\n<th>&nbsp;<\/th>\n<td class=\"dc L4\">\n<p><s><a id=\"p131i-8\"><\/a><a id=\"f5154427\"><\/a><\/s><\/p>\n<p><var>(8)<\/var>&nbsp;A 35. \u00a7 a) pontja \u00e9s a 49. \u00a7 a) pontja szerinti hat\u00e1rid\u0151k nem terjednek ki a v\u00e1ls\u00e1ghelyzet id\u0151tartam\u00e1ra.<\/p>\n<\/td>\n<\/tr>\n<tr class=\"GO\" data-f=\"3802560\">\n<th>&nbsp;<\/th>\n<td class=\"dc L4\">\n<p><s><a id=\"p131i-9\"><\/a><a id=\"f5154428\"><\/a><\/s><\/p>\n<p><var>(9)<\/var>&nbsp;A k\u00f6zigazgat\u00e1si kiutas\u00edt\u00e1si hat\u00e1rozat v\u00e9grehajt\u00e1s\u00e1t a v\u00e1ls\u00e1ghelyzet id\u0151tartam\u00e1ra el kell halasztani. Ez a halaszt\u00e1s nem k\u00e9pezheti a 90. cikk (2) bekezd\u00e9se b) pontj\u00e1nak els\u0151 albekezd\u00e9se szerinti fogva tart\u00e1sb\u00f3l val\u00f3 szabadul\u00e1s alapj\u00e1t.<\/p>\n<\/td>\n<\/tr>\n<tr class=\"GO\" data-f=\"3802561\">\n<th>&nbsp;<\/th>\n<td class=\"dc L4\">\n<p><s><a id=\"p131i-10\"><\/a><a id=\"f5154429\"><\/a><\/s><\/p>\n<p><var>(10)<\/var>&nbsp;A Bel\u00fcgyminiszt\u00e9rium az e t\u00f6rv\u00e9ny szerinti, a (6) bekezd\u00e9sben foglaltakt\u00f3l elt\u00e9r\u0151, elmulasztott hat\u00e1rid\u0151t is elengedheti, ha az a v\u00e1ls\u00e1ghelyzet id\u0151tartama alatt j\u00e1rt le.<\/p>\n<\/td>\n<\/tr>\n<tr class=\"GO\" data-f=\"3802562\">\n<th>&nbsp;<\/th>\n<td class=\"dc L4\">\n<p><s><a id=\"p131i-11\"><\/a><a id=\"f5154430\"><\/a><\/s><\/p>\n<p><var>(11)<\/var>&nbsp;A 34. szakasz (6) \u00e9s (7) bekezd\u00e9s\u00e9ben eml\u00edtett felt\u00e9telek nem alkalmazand\u00f3k, ha a harmadik orsz\u00e1gbeli \u00e1llampolg\u00e1r igazolja a 34. szakasz (6) vagy (7) bekezd\u00e9s\u00e9ben eml\u00edtett felt\u00e9telek teljes\u00fcl\u00e9s\u00e9t arra az el\u0151z\u0151 ad\u00f3id\u0151szakra vonatkoz\u00f3an, amely sor\u00e1n a v\u00e1ls\u00e1ghelyzet fenn\u00e1llt, amennyiben a harmadik orsz\u00e1gbeli \u00e1llampolg\u00e1r nyilatkozatot ny\u00fajt be arr\u00f3l, hogy \u00fczleti tev\u00e9kenys\u00e9g\u00e9t a v\u00e1ls\u00e1ghelyzet id\u0151tartama az el\u0151z\u0151 ad\u00f3id\u0151szakban befoly\u00e1solta.<\/p>\n<\/td>\n<\/tr>\n<\/tbody>\n<\/table>\n<table class=\"FragsTb\">\n<tbody class=\"Frags\">\n<tr class=\"GO\" data-f=\"4098848\">\n<td class=\"dc L3\">\n<p class=\"PARA\">\u00a7 131k<\/p>\n<\/td>\n<\/tr>\n<tr data-f=\"4098849\">\n<th>&nbsp;<\/th>\n<td class=\"dc L4\">\n<p><s><a id=\"f5486311\"><\/a><\/s><\/p>\n<h3 class=\"NADPIS\">Az Ukrajna ter\u00fclet\u00e9n zajl\u00f3 fegyveres konfliktus miatt a Szlov\u00e1k K\u00f6zt\u00e1rsas\u00e1g ter\u00fclet\u00e9re \u00e9rkez\u0151 t\u00f6meges k\u00fclf\u00f6ldi be\u00e1raml\u00e1ssal kapcsolatos v\u00e9szhelyzettel kapcsolatos \u00e1tmeneti rendelkez\u00e9sek<\/h3>\n<\/td>\n<\/tr>\n<tr class=\"GO\" data-f=\"4098850\">\n<th>&nbsp;<\/th>\n<td class=\"dc L4\">\n<p><s><a id=\"p131k-1\"><\/a><a id=\"f5486312\"><\/a><\/s><\/p>\n<p><var>(1)<\/var>&nbsp;Az ideiglenes tart\u00f3zkod\u00e1s, az \u00e1lland\u00f3 tart\u00f3zkod\u00e1s vagy a t\u0171rt tart\u00f3zkod\u00e1s \u00e9rv\u00e9nyess\u00e9ge, amely egy\u00e9bk\u00e9nt az Ukrajna ter\u00fclet\u00e9n zajl\u00f3 fegyveres konfliktus miatt a Szlov\u00e1k K\u00f6zt\u00e1rsas\u00e1g ter\u00fclet\u00e9re t\u00f6megesen be\u00e1raml\u00f3 k\u00fclf\u00f6ldiekkel \u00f6sszef\u00fcgg\u00e9sben kihirdetett rendk\u00edv\u00fcli helyzet (a tov\u00e1bbiakban: \"rendk\u00edv\u00fcli helyzet\") alatt j\u00e1rna le, a rendk\u00edv\u00fcli helyzet megsz\u0171n\u00e9s\u00e9t k\u00f6vet\u0151 k\u00e9t h\u00f3nap lej\u00e1rt\u00e1ig meghosszabbodik. A tart\u00f3zkod\u00e1s \u00e9rv\u00e9nyess\u00e9g\u00e9nek az el\u0151z\u0151 mondat szerinti meghosszabb\u00edt\u00e1s\u00e1val \u00f6sszef\u00fcgg\u00e9sben a rend\u0151rs\u00e9g a Bel\u00fcgyminiszt\u00e9rium hozz\u00e1j\u00e1rul\u00e1s\u00e1val a harmadik orsz\u00e1g \u00e1llampolg\u00e1r\u00e1nak k\u00e9r\u00e9s\u00e9re a harmadik orsz\u00e1g \u00e1llampolg\u00e1ra sz\u00e1m\u00e1ra meghat\u00e1rozott id\u0151pontban meghat\u00e1rozott \u00e9rv\u00e9nyess\u00e9g\u0171 tart\u00f3zkod\u00e1si okm\u00e1nyt \u00e1ll\u00edt ki, amennyiben ez a tart\u00f3zkod\u00e1s c\u00e9lj\u00e1hoz sz\u00fcks\u00e9ges.<a class=\"linknote\" href=\"https:\/\/www.zakonypreludi.sk\/zz\/2011-404#f5486323\" target=\"_blank\" rel=\"noopener\"><sup>104<\/sup>)<\/a><\/p>\n<\/td>\n<\/tr>\n<tr class=\"GO\" data-f=\"4098851\">\n<th>&nbsp;<\/th>\n<td class=\"dc L4\">\n<p><s><a id=\"p131k-2\"><\/a><a id=\"f5486313\"><\/a><\/s><\/p>\n<p><var>(2)<\/var>&nbsp;Az a harmadik orsz\u00e1gbeli \u00e1llampolg\u00e1r, aki a 31. szakasz (3) bekezd\u00e9se szerinti ideiglenes tart\u00f3zkod\u00e1s vagy a 44. szakasz (1) bekezd\u00e9se szerinti \u00e1lland\u00f3 tart\u00f3zkod\u00e1s ir\u00e1nti k\u00e9relmet ny\u00fajtott be a rend\u0151rs\u00e9ghez, a k\u00e9relemr\u0151l sz\u00f3l\u00f3 hat\u00e1rozat meghozatal\u00e1ig jogosult a Szlov\u00e1k K\u00f6zt\u00e1rsas\u00e1g ter\u00fclet\u00e9n tart\u00f3zkodni.<\/p>\n<\/td>\n<\/tr>\n<tr class=\"GO\" data-f=\"4098852\">\n<th>&nbsp;<\/th>\n<td class=\"dc L4\">\n<p><s><a id=\"p131k-3\"><\/a><a id=\"f5486314\"><\/a><\/s><\/p>\n<p><var>(3)<\/var>&nbsp;A Bel\u00fcgyminiszt\u00e9rium indokolt esetben eln\u00e9zheti a k\u00e9sedelmet vagy meghosszabb\u00edthatja az e t\u00f6rv\u00e9ny szerinti hat\u00e1rid\u0151t, ha az a rendk\u00edv\u00fcli helyzet id\u0151tartama alatt lej\u00e1rt.<\/p>\n<\/td>\n<\/tr>\n<tr class=\"GO\" data-f=\"4098853\">\n<th>&nbsp;<\/th>\n<td class=\"dc L4\">\n<p><s><a id=\"p131k-4\"><\/a><a id=\"f5486315\"><\/a><\/s><\/p>\n<p><var>(4)<\/var>&nbsp;Rendk\u00edv\u00fcli helyzet eset\u00e9n a 33. \u00a7 (8) bekezd\u00e9se, a 34. \u00a7 (16) bekezd\u00e9se, a 38. \u00a7 (11) bekezd\u00e9se, a 40. \u00a7 (7) bekezd\u00e9se, a 45. \u00a7 (9) bekezd\u00e9se, a 47. \u00a7 (6) bekezd\u00e9se, az 53. \u00a7 (6) bekezd\u00e9se, az 59. \u00a7 (7) bekezd\u00e9se \u00e9s a 62. \u00a7 (4) bekezd\u00e9se szerinti hat\u00e1rid\u0151k, valamint a k\u00fcl\u00f6n jogszab\u00e1ly szerinti hat\u00e1rid\u0151k nem vonatkoznak a d\u00f6nt\u00e9shozatali elj\u00e1r\u00e1sra.<a class=\"linknote\" href=\"https:\/\/www.zakonypreludi.sk\/zz\/2011-404#f5486324\" target=\"_blank\" rel=\"noopener\"><sup>105<\/sup>)<\/a><\/p>\n<\/td>\n<\/tr>\n<tr class=\"GO\" data-f=\"4098854\">\n<th>&nbsp;<\/th>\n<td class=\"dc L4\">\n<p><s><a id=\"p131k-5\"><\/a><a id=\"f5486316\"><\/a><\/s><\/p>\n<p><var>(5)<\/var>&nbsp;A Szlov\u00e1k K\u00f6zt\u00e1rsas\u00e1g ter\u00fclet\u00e9n ideiglenes mened\u00e9kjogot kapott harmadik orsz\u00e1gbeli \u00e1llampolg\u00e1rnak a Szlov\u00e1k K\u00f6zt\u00e1rsas\u00e1g ter\u00fclet\u00e9n l\u00e9v\u0151 lakc\u00edm\u00e9nek megv\u00e1ltoz\u00e1s\u00e1t k\u00fcl\u00f6n rendelet szerint be kell jelentenie a bejelent\u0151 hivatalnak;<a class=\"linknote\" href=\"https:\/\/www.zakonypreludi.sk\/zz\/2011-404#f5486325\" target=\"_blank\" rel=\"noopener\"><sup>106<\/sup>)<\/a>&nbsp;A 111. \u00a7 (3) bekezd\u00e9se nem alkalmazand\u00f3. Lakc\u00edmv\u00e1ltoz\u00e1s bejelent\u00e9sekor a lak\u00f3helye megv\u00e1ltoz\u00e1s\u00e1nak bejelent\u00e9sekor a bejelent\u0151 hivatalnak be kell ny\u00fajtania a lak\u00f3hely\u00e9t \u00e9s a 122. \u00a7 (1) bekezd\u00e9se szerinti sz\u00e1ll\u00e1sny\u00fajt\u00e1s igazol\u00e1s\u00e1t vagy a sz\u00e1ll\u00e1sny\u00fajt\u00e1s egy\u00e9b igazol\u00e1s\u00e1t.<\/p>\n<\/td>\n<\/tr>\n<tr class=\"GO\" data-f=\"4098855\">\n<th>&nbsp;<\/th>\n<td class=\"dc L4\">\n<p><s><a id=\"p131k-6\"><\/a><a id=\"f5486317\"><\/a><\/s><\/p>\n<p><var>(6)<\/var>&nbsp;Az adatszolg\u00e1ltat\u00f3 hivatal az (5) bekezd\u00e9sben eml\u00edtett jelent\u00e9s alapj\u00e1n<\/p>\n<\/td>\n<\/tr>\n<tr class=\"GO\" data-f=\"4098856\">\n<th>&nbsp;<\/th>\n<td class=\"dc L5\">\n<p><s><a id=\"p131k-6-a\"><\/a><a id=\"f5486318\"><\/a><\/s><\/p>\n<p><var>a)<\/var>&nbsp;halad\u00e9ktalanul r\u00f6gz\u00edti a tart\u00f3zkod\u00e1s bejelent\u00e9s\u00e9re vonatkoz\u00f3 adatokat a Rend\u0151rs\u00e9g inform\u00e1ci\u00f3s rendszer\u00e9ben, \u00e9s \u00faj tart\u00f3zkod\u00e1si okm\u00e1nyt \u00e1ll\u00edt ki a k\u00fclf\u00f6ldi sz\u00e1m\u00e1ra, ha k\u00f6zvetlen hozz\u00e1f\u00e9r\u00e9ssel rendelkezik az inform\u00e1ci\u00f3s rendszerhez, vagy<\/p>\n<\/td>\n<\/tr>\n<tr class=\"GO\" data-f=\"4098857\">\n<th>&nbsp;<\/th>\n<td class=\"dc L5\">\n<p><s><a id=\"p131k-6-b\"><\/a><a id=\"f5486319\"><\/a><\/s><\/p>\n<p><var>b)<\/var>&nbsp;a tart\u00f3zkod\u00e1si c\u00edmv\u00e1ltoz\u00e1sr\u00f3l a beny\u00fajtott tart\u00f3zkod\u00e1si okm\u00e1nyban feljegyz\u00e9st k\u00e9sz\u00edt, \u00e9s ezt k\u00f6vet\u0151en a tart\u00f3zkod\u00e1si c\u00edmv\u00e1ltoz\u00e1s bejelent\u00e9s\u00e9re vonatkoz\u00f3 adatokat halad\u00e9ktalanul \u00e1tadja a k\u00fclf\u00f6ldi tart\u00f3zkod\u00e1si helye szerint illet\u00e9kes rend\u0151rkapit\u00e1nys\u00e1gnak.<\/p>\n<\/td>\n<\/tr>\n<tr class=\"GO\" data-f=\"4098858\">\n<th>&nbsp;<\/th>\n<td class=\"dc L4\">\n<p><s><a id=\"p131k-7\"><\/a><a id=\"f5486320\"><\/a><\/s><\/p>\n<p><var>(7)<\/var>&nbsp;Az a harmadik orsz\u00e1gbeli \u00e1llampolg\u00e1r, aki v\u00e9szhelyzetben a k\u00fcls\u0151 hat\u00e1ron kereszt\u00fcl l\u00e9pett be a Szlov\u00e1k K\u00f6zt\u00e1rsas\u00e1g ter\u00fclet\u00e9re, a t\u00e1mogatott \u00f6nk\u00e9ntes visszat\u00e9r\u00e9s keret\u00e9ben k\u00e9relmezheti a haz\u00e1j\u00e1ba val\u00f3 visszat\u00e9r\u00e9st.<\/p>\n<\/td>\n<\/tr>\n<tr class=\"GO\" data-f=\"4098859\">\n<th>&nbsp;<\/th>\n<td class=\"dc L4\">\n<p><s><a id=\"p131k-8\"><\/a><a id=\"f5486321\"><\/a><\/s><\/p>\n<p><var>(8)<\/var>&nbsp;Az a harmadik orsz\u00e1gbeli \u00e1llampolg\u00e1r, aki v\u00e9szhelyzetben a k\u00fcls\u0151 hat\u00e1ron kereszt\u00fcl l\u00e9pett be a Szlov\u00e1k K\u00f6zt\u00e1rsas\u00e1g ter\u00fclet\u00e9re, \u00e9s nem rendelkezik saj\u00e1t \u00fati okm\u00e1nnyal, a rend\u0151rs\u00e9g k\u00fclf\u00f6ldi \u00fatlevelet \u00e1ll\u00edthat ki utaz\u00e1si c\u00e9llal.<\/p>\n<\/td>\n<\/tr>\n<\/tbody>\n<\/table>\n<p>Forr\u00e1s: TASR; minv.sk; SSVPL.sk<\/p>\t\t\t\t\t\t<\/div>\n\t\t\t\t<\/div>\n\t\t\t\t\t<\/div>\n\t\t<\/div>\n\t\t\t\t\t<\/div>\n\t\t<\/section>\n\t\t\t\t<\/div>","protected":false},"excerpt":{"rendered":"<p>Tisztelt \u00dcgyfeleink, A Szlov\u00e1k K\u00f6zt\u00e1rsas\u00e1g Korm\u00e1nyhivatala 2023.09.11-\u00e9n j\u00f3v\u00e1hagyta a COVID-19 betegs\u00e9g terjed\u00e9se miatt kialakult vesz\u00e9lyhelyzet felold\u00e1s\u00e1t, amely 2023.09.15-\u00e9n 6:00 \u00f3rakor \u00e9r v\u00e9get. Ennek alapj\u00e1n a Z.z. 131i \u00a7 szerinti \u00e1tmeneti rendelkez\u00e9s hat\u00e1ly\u00e1t veszti. A k\u00fclf\u00f6ldiek tart\u00f3zkod\u00e1s\u00e1r\u00f3l sz\u00f3l\u00f3 t\u00f6rv\u00e9ny 404\/2011. Jelenleg azonban a t\u00f6rv\u00e9ny 131k. \u00a7-a szerinti \u00e1tmeneti rendelkez\u00e9s tov\u00e1bbra is hat\u00e1lyban marad. A k\u00fclf\u00f6ldiek tart\u00f3zkod\u00e1s\u00e1r\u00f3l sz\u00f3l\u00f3 t\u00f6rv\u00e9ny 404\/2011 [...]<\/p>","protected":false},"author":1,"featured_media":6667,"comment_status":"open","ping_status":"open","sticky":false,"template":"","format":"standard","meta":{"footnotes":"","iawp_total_views":73},"categories":[70],"tags":[],"acf":[],"_links":{"self":[{"href":"https:\/\/vizum.sk\/hu\/wp-json\/wp\/v2\/posts\/6666"}],"collection":[{"href":"https:\/\/vizum.sk\/hu\/wp-json\/wp\/v2\/posts"}],"about":[{"href":"https:\/\/vizum.sk\/hu\/wp-json\/wp\/v2\/types\/post"}],"author":[{"embeddable":true,"href":"https:\/\/vizum.sk\/hu\/wp-json\/wp\/v2\/users\/1"}],"replies":[{"embeddable":true,"href":"https:\/\/vizum.sk\/hu\/wp-json\/wp\/v2\/comments?post=6666"}],"version-history":[{"count":0,"href":"https:\/\/vizum.sk\/hu\/wp-json\/wp\/v2\/posts\/6666\/revisions"}],"wp:featuredmedia":[{"embeddable":true,"href":"https:\/\/vizum.sk\/hu\/wp-json\/wp\/v2\/media\/6667"}],"wp:attachment":[{"href":"https:\/\/vizum.sk\/hu\/wp-json\/wp\/v2\/media?parent=6666"}],"wp:term":[{"taxonomy":"category","embeddable":true,"href":"https:\/\/vizum.sk\/hu\/wp-json\/wp\/v2\/categories?post=6666"},{"taxonomy":"post_tag","embeddable":true,"href":"https:\/\/vizum.sk\/hu\/wp-json\/wp\/v2\/tags?post=6666"}],"curies":[{"name":"wp","href":"https:\/\/api.w.org\/{rel}","templated":true}]}}