{"id":7069,"date":"2023-10-13T12:24:14","date_gmt":"2023-10-13T10:24:14","guid":{"rendered":"https:\/\/vizum.sk\/?p=7069"},"modified":"2025-02-27T05:14:29","modified_gmt":"2025-02-27T04:14:29","slug":"znovuotvorenie-oddeleni-cudzineckej-policie","status":"publish","type":"post","link":"https:\/\/vizum.sk\/hu\/az-idegenrendeszeti-osztaly-ujranyitasa\/","title":{"rendered":"A K\u00fclf\u00f6ldi Rend\u0151rs\u00e9g \u00fajb\u00f3li megnyit\u00e1sa"},"content":{"rendered":"<div data-elementor-type=\"wp-post\" data-elementor-id=\"7069\" class=\"elementor elementor-7069\">\n\t\t\t\t\t\t<section class=\"elementor-section elementor-top-section elementor-element elementor-element-e77721a elementor-section-boxed elementor-section-height-default elementor-section-height-default\" data-id=\"e77721a\" data-element_type=\"section\">\n\t\t\t\t\t\t<div class=\"elementor-container elementor-column-gap-default\">\n\t\t\t\t\t<div class=\"elementor-column elementor-col-100 elementor-top-column elementor-element elementor-element-f4f53ac\" data-id=\"f4f53ac\" data-element_type=\"column\">\n\t\t\t<div class=\"elementor-widget-wrap elementor-element-populated\">\n\t\t\t\t\t\t<div class=\"elementor-element elementor-element-d5c2232 elementor-widget elementor-widget-text-editor\" data-id=\"d5c2232\" data-element_type=\"widget\" data-widget_type=\"text-editor.default\">\n\t\t\t\t<div class=\"elementor-widget-container\">\n\t\t\t\t\t\t\t<p>Kedves \u00dcgyfeleink!&nbsp;<\/p>\n<p>A Szlov\u00e1k K\u00f6zt\u00e1rsas\u00e1g Bel\u00fcgyminiszt\u00e9riuma 2023.10.13-\u00e1n t\u00e1j\u00e9koztatott.<strong> az Idegenrend\u00e9szeti Hivatal valamennyi munkahely\u00e9nek 2023.10.16-t\u00f3l t\u00f6rt\u00e9n\u0151 \u00fajraind\u00edt\u00e1s\u00e1r\u00f3l.<\/strong> Az al\u00e1bbiakban a Bel\u00fcgyminiszt\u00e9rium hivatalos sajt\u00f3k\u00f6zlem\u00e9nye olvashat\u00f3.<\/p>\n<p><strong>2023. okt\u00f3ber 16-\u00e1n, h\u00e9tf\u0151t\u0151l a Rend\u0151rs\u00e9g Eln\u00f6ks\u00e9g\u00e9nek Hat\u00e1r- \u00e9s Idegenrend\u00e9szeti Hivatala megnyitja az idegenrend\u00e9szet valamennyi oszt\u00e1ly\u00e1nak honlapj\u00e1t. A kihelyez\u0151 irod\u00e1k a szok\u00e1sos \u00fczemm\u00f3dban fognak m\u0171k\u00f6dni, teh\u00e1t ism\u00e9t az \u00f6sszes k\u00fclf\u00f6ldit fogj\u00e1k kezelni, akiket a foglal\u00e1si rendszeren kereszt\u00fcl foglalnak le.&nbsp;<\/strong><\/p>\n<p>A Rend\u0151rs\u00e9g Eln\u00f6ks\u00e9g\u00e9nek Hat\u00e1r- \u00e9s Idegenrend\u00e9szeti Hivatala&nbsp;<strong>felh\u00edvja a figyelmet az al\u00e1bbi rendelkez\u00e9sekre<\/strong><strong>&nbsp;<\/strong><strong>\u00a7<\/strong><strong><em>&nbsp;<\/em><\/strong><em><strong>A k\u00fclf\u00f6ldiek tart\u00f3zkod\u00e1s\u00e1r\u00f3l sz\u00f3l\u00f3 t\u00f6rv\u00e9ny 131k. cikk\u00e9nek (1) bekezd\u00e9se:&nbsp;&nbsp;<\/strong><\/em>\"Pl<em>\u00e9s a tart\u00f3zkod\u00e1si id\u0151 automatikusan meghosszabbodik az Ukrajna ter\u00fclet\u00e9n zajl\u00f3 fegyveres konfliktus miatt a Szlov\u00e1k K\u00f6zt\u00e1rsas\u00e1g ter\u00fclet\u00e9re t\u00f6megesen be\u00e1raml\u00f3 k\u00fclf\u00f6ldiekkel kapcsolatos rendk\u00edv\u00fcli helyzet megsz\u0171n\u00e9s\u00e9t k\u00f6vet\u0151 k\u00e9t h\u00f3nap eltelt\u00e9ig\".<\/em>&nbsp;<strong>Ez azt jelenti, hogy azok a k\u00fclf\u00f6ldiek, akiknek tart\u00f3zkod\u00e1si enged\u00e9ly\u00fck meg\u00faj\u00edt\u00e1s\u00e1t kell k\u00e9relmezni\u00fck, ezt az eredetileg megadott tart\u00f3zkod\u00e1si enged\u00e9ly \u00e9rv\u00e9nyess\u00e9gi idej\u00e9nek lej\u00e1rta ut\u00e1n is megtehetik.<\/strong><\/p>\n<p>A Rend\u0151rkapit\u00e1nys\u00e1g K\u00fcls\u0151rend\u00e9szeti Oszt\u00e1lyai telephelyi munkahelyeinek m\u0171k\u00f6d\u00e9s\u00e9nek korl\u00e1toz\u00e1s\u00e1t az indokolta, hogy a feladatok ell\u00e1t\u00e1s\u00e1hoz kapcsol\u00f3d\u00f3 feladatokat kellett ell\u00e1tni&nbsp;<strong>az illeg\u00e1lis migr\u00e1ci\u00f3 n\u00f6veked\u00e9se a Szlov\u00e1k K\u00f6zt\u00e1rsas\u00e1g ter\u00fclet\u00e9n \u00e9s a Magyarorsz\u00e1ggal val\u00f3 hat\u00e1rellen\u0151rz\u00e9s vissza\u00e1ll\u00edt\u00e1sa.<\/strong><\/p>\n<p>Forr\u00e1s: Szlov\u00e1k K\u00f6zt\u00e1rsas\u00e1g Bel\u00fcgyminiszt\u00e9riuma - Sajt\u00f3k\u00f6zlem\u00e9nyek (minv.sk)<\/p>\t\t\t\t\t\t<\/div>\n\t\t\t\t<\/div>\n\t\t\t\t\t<\/div>\n\t\t<\/div>\n\t\t\t\t\t<\/div>\n\t\t<\/section>\n\t\t\t\t<\/div>","protected":false},"excerpt":{"rendered":"<p>Tisztelt \u00dcgyfeleink, A Szlov\u00e1k K\u00f6zt\u00e1rsas\u00e1g Bel\u00fcgyminiszt\u00e9riuma 2023.10.13-\u00e1n t\u00e1j\u00e9koztatott arr\u00f3l, hogy 2023.10.16-t\u00f3l \u00fajraindul a K\u00fcl\u00fcgyi Rend\u0151rs\u00e9g valamennyi munkahelye. Az al\u00e1bbiakban a Bel\u00fcgyminiszt\u00e9rium hivatalos sajt\u00f3k\u00f6zlem\u00e9nye olvashat\u00f3. 2023. okt\u00f3ber 16-t\u00f3l, h\u00e9tf\u0151t\u0151l, 2023. okt\u00f3ber 16-t\u00f3l a Rend\u0151rs\u00e9g Eln\u00f6ks\u00e9g\u00e9nek Hat\u00e1r- \u00e9s Idegenrend\u00e9szeti Hivatala \u00fajra megnyitja az Idegenrend\u00e9szet valamennyi oszt\u00e1ly\u00e1nak munkahely\u00e9t. A [...]<\/p>","protected":false},"author":1,"featured_media":6847,"comment_status":"open","ping_status":"open","sticky":false,"template":"","format":"standard","meta":{"footnotes":"","iawp_total_views":99},"categories":[70],"tags":[],"acf":[],"_links":{"self":[{"href":"https:\/\/vizum.sk\/hu\/wp-json\/wp\/v2\/posts\/7069"}],"collection":[{"href":"https:\/\/vizum.sk\/hu\/wp-json\/wp\/v2\/posts"}],"about":[{"href":"https:\/\/vizum.sk\/hu\/wp-json\/wp\/v2\/types\/post"}],"author":[{"embeddable":true,"href":"https:\/\/vizum.sk\/hu\/wp-json\/wp\/v2\/users\/1"}],"replies":[{"embeddable":true,"href":"https:\/\/vizum.sk\/hu\/wp-json\/wp\/v2\/comments?post=7069"}],"version-history":[{"count":1,"href":"https:\/\/vizum.sk\/hu\/wp-json\/wp\/v2\/posts\/7069\/revisions"}],"predecessor-version":[{"id":12394,"href":"https:\/\/vizum.sk\/hu\/wp-json\/wp\/v2\/posts\/7069\/revisions\/12394"}],"wp:featuredmedia":[{"embeddable":true,"href":"https:\/\/vizum.sk\/hu\/wp-json\/wp\/v2\/media\/6847"}],"wp:attachment":[{"href":"https:\/\/vizum.sk\/hu\/wp-json\/wp\/v2\/media?parent=7069"}],"wp:term":[{"taxonomy":"category","embeddable":true,"href":"https:\/\/vizum.sk\/hu\/wp-json\/wp\/v2\/categories?post=7069"},{"taxonomy":"post_tag","embeddable":true,"href":"https:\/\/vizum.sk\/hu\/wp-json\/wp\/v2\/tags?post=7069"}],"curies":[{"name":"wp","href":"https:\/\/api.w.org\/{rel}","templated":true}]}}