{"id":7190,"date":"2023-11-03T10:17:52","date_gmt":"2023-11-03T09:17:52","guid":{"rendered":"https:\/\/vizum.sk\/?p=7190"},"modified":"2023-11-03T10:26:11","modified_gmt":"2023-11-03T09:26:11","slug":"vstup-ciny-do-haagskeho-dohovoru","status":"publish","type":"post","link":"https:\/\/vizum.sk\/hu\/kina-csatlakozasa-a-hagai-egyezmenyhez\/","title":{"rendered":"K\u00edna csatlakoz\u00e1sa a H\u00e1gai Egyezm\u00e9nyhez"},"content":{"rendered":"<div data-elementor-type=\"wp-post\" data-elementor-id=\"7190\" class=\"elementor elementor-7190\">\n\t\t\t\t\t\t<section class=\"elementor-section elementor-top-section elementor-element elementor-element-bd47cac elementor-section-boxed elementor-section-height-default elementor-section-height-default\" data-id=\"bd47cac\" data-element_type=\"section\">\n\t\t\t\t\t\t<div class=\"elementor-container elementor-column-gap-default\">\n\t\t\t\t\t<div class=\"elementor-column elementor-col-100 elementor-top-column elementor-element elementor-element-2b4b90a\" data-id=\"2b4b90a\" data-element_type=\"column\">\n\t\t\t<div class=\"elementor-widget-wrap elementor-element-populated\">\n\t\t\t\t\t\t<div class=\"elementor-element elementor-element-17635d1 elementor-widget elementor-widget-text-editor\" data-id=\"17635d1\" data-element_type=\"widget\" data-widget_type=\"text-editor.default\">\n\t\t\t\t<div class=\"elementor-widget-container\">\n\t\t\t\t\t\t\t<p>Kedves \u00dcgyfeleink!<\/p><p><span data-index=\"9\">A K\u00ednai N\u00e9pk\u00f6zt\u00e1rsas\u00e1g 2023. m\u00e1rcius 8-\u00e1n csatlakozott a k\u00fclf\u00f6ldi k\u00f6zokiratok magasabb szint\u0171 hiteles\u00edt\u00e9si k\u00f6vetelm\u00e9ny\u00e9nek elt\u00f6rl\u00e9s\u00e9r\u0151l sz\u00f3l\u00f3 egyezm\u00e9nyhez (H\u00e1gai Egyezm\u00e9ny). A K\u00edna \u00e9s Szlov\u00e1kia k\u00f6z\u00f6tti egyezm\u00e9ny hat\u00e1lyba l\u00e9p. <strong>november 7. 2023<\/strong>.<\/span><\/p><p>Ett\u0151l a napt\u00f3l kezdve a Szlov\u00e1k K\u00f6zt\u00e1rsas\u00e1gban nem lesz sz\u00fcks\u00e9g a szuperlegaliz\u00e1lt dokumentumok beny\u00fajt\u00e1s\u00e1ra a hat\u00f3s\u00e1gokhoz. Az olyan dokumentumok eset\u00e9ben, mint a sz\u00fclet\u00e9si anyak\u00f6nyvi kivonat, h\u00e1zass\u00e1gi anyak\u00f6nyvi kivonat vagy b\u0171n\u00fcgyi nyilv\u00e1ntart\u00e1s, a <strong>elegend\u0151 az apostille-jegyz\u00e9kkel ell\u00e1tott dokumentum<\/strong>.<\/p><p><span data-index=\"9\">A fentiek alapj\u00e1n <strong>november 7-t\u0151l 2023-ig<\/strong>A K\u00ednai N\u00e9pk\u00f6zt\u00e1rsas\u00e1g szlov\u00e1kiai nagyk\u00f6vets\u00e9g\u00e9nek konzuli oszt\u00e1lya\u00a0<strong>felf\u00fcggeszti a szuperlegaliz\u00e1ci\u00f3 m\u0171k\u00f6d\u00e9s\u00e9t<\/strong>Dokumentumok.<\/span><\/p><p><span data-index=\"9\">A Szlov\u00e1ki\u00e1ban \u00e9s K\u00edn\u00e1ban ki\u00e1ll\u00edtott okm\u00e1nyok haszn\u00e1lat\u00e1hoz sz\u00fcks\u00e9g lesz az adott id\u0151pontb\u00f3l sz\u00e1rmaz\u00f3 igazol\u00e1sra, az \u00fan. <strong>apostille<\/strong>. Az apostille egy dokumentum hiteles\u00edt\u00e9se, azaz az al\u00e1\u00edr\u00e1s \u00e9s a b\u00e9lyegz\u0151 elhelyez\u00e9se egy k\u00f6zokiraton annak k\u00fclf\u00f6ldi felhaszn\u00e1l\u00e1sa c\u00e9lj\u00e1b\u00f3l. Az apostille-t annak az orsz\u00e1gnak az illet\u00e9kes hat\u00f3s\u00e1gai \u00e1ll\u00edtj\u00e1k ki, ahol az okm\u00e1nyt ki\u00e1ll\u00edtott\u00e1k (a hat\u00f3s\u00e1gok p\u00e9ld\u00e1it \u00e9s az apostille mint\u00e1j\u00e1t l\u00e1sd az 1. mell\u00e9kletben).<\/span><\/p><p><span data-index=\"9\"><strong>Az apostill\u00e1ci\u00f3 nem jelenti automatikusan azt, hogy a k\u00ednai f\u00e9l elfogadja a hivatalos dokumentumot.<\/strong>. Ez\u00e9rt javasoljuk, hogy az apostil\u00e1l\u00e1s el\u0151tt el\u0151zetesen t\u00e1j\u00e9koz\u00f3djon az okm\u00e1nyt K\u00edn\u00e1ban \u00e1tvev\u0151 hivataln\u00e1l a sz\u00fcks\u00e9ges hivatalos okm\u00e1nyok form\u00e1tum\u00e1ra, tartalm\u00e1ra, hat\u00e1ridej\u00e9re, ford\u00edt\u00e1s\u00e1ra stb. vonatkoz\u00f3 konkr\u00e9t k\u00f6vetelm\u00e9nyekr\u0151l.<br \/><br \/>Forr\u00e1sok:<\/span><\/p><ol><li><span data-index=\"9\">H\u00e1gai Konferencia - Helyzet\u00e9rt\u00e9kel\u0151 t\u00e1bl\u00e1zat<br \/>[https:\/\/www.hcch.net\/en\/instruments\/conventions\/status-table\/?cid=41]<\/span><\/li><li>A K\u00ednai N\u00e9pk\u00f6zt\u00e1rsas\u00e1g Nagyk\u00f6vets\u00e9ge<br \/>[http:\/\/sk.china-embassy.gov.cn\/slo\/sgxx\/xwdt\/202310\/t20231024_11167312.htm]<\/li><\/ol>\t\t\t\t\t\t<\/div>\n\t\t\t\t<\/div>\n\t\t\t\t\t<\/div>\n\t\t<\/div>\n\t\t\t\t\t<\/div>\n\t\t<\/section>\n\t\t\t\t<\/div>","protected":false},"excerpt":{"rendered":"<p>Tisztelt \u00dcgyfeleink, 2023. m\u00e1rcius 8-\u00e1n a K\u00ednai N\u00e9pk\u00f6zt\u00e1rsas\u00e1g csatlakozott a k\u00fclf\u00f6ldi k\u00f6zokiratok magasabb szint\u0171 hiteles\u00edt\u00e9s\u00e9nek k\u00f6vetelm\u00e9nye megsz\u00fcntet\u00e9s\u00e9r\u0151l sz\u00f3l\u00f3 egyezm\u00e9nyhez (a H\u00e1gai Egyezm\u00e9nyhez). A K\u00edna \u00e9s Szlov\u00e1kia k\u00f6z\u00f6tti egyezm\u00e9ny 2023. november 7-\u00e9n l\u00e9p hat\u00e1lyba. Ett\u0151l az id\u0151pontt\u00f3l kezdve m\u00e1r nem lesz sz\u00fcks\u00e9g a Szlov\u00e1k K\u00f6zt\u00e1rsas\u00e1g hat\u00f3s\u00e1gaihoz beny\u00fajtani a fel\u00fclhiteles\u00edtett dokumentumokat. Az olyan dokumentumok eset\u00e9ben, mint p\u00e9ld\u00e1ul a sz\u00fclet\u00e9si anyak\u00f6nyvi kivonatok, h\u00e1zass\u00e1gi [...]<\/p>","protected":false},"author":1,"featured_media":7191,"comment_status":"open","ping_status":"open","sticky":false,"template":"","format":"standard","meta":{"footnotes":"","iawp_total_views":164},"categories":[52,70],"tags":[],"acf":[],"_links":{"self":[{"href":"https:\/\/vizum.sk\/hu\/wp-json\/wp\/v2\/posts\/7190"}],"collection":[{"href":"https:\/\/vizum.sk\/hu\/wp-json\/wp\/v2\/posts"}],"about":[{"href":"https:\/\/vizum.sk\/hu\/wp-json\/wp\/v2\/types\/post"}],"author":[{"embeddable":true,"href":"https:\/\/vizum.sk\/hu\/wp-json\/wp\/v2\/users\/1"}],"replies":[{"embeddable":true,"href":"https:\/\/vizum.sk\/hu\/wp-json\/wp\/v2\/comments?post=7190"}],"version-history":[{"count":0,"href":"https:\/\/vizum.sk\/hu\/wp-json\/wp\/v2\/posts\/7190\/revisions"}],"wp:featuredmedia":[{"embeddable":true,"href":"https:\/\/vizum.sk\/hu\/wp-json\/wp\/v2\/media\/7191"}],"wp:attachment":[{"href":"https:\/\/vizum.sk\/hu\/wp-json\/wp\/v2\/media?parent=7190"}],"wp:term":[{"taxonomy":"category","embeddable":true,"href":"https:\/\/vizum.sk\/hu\/wp-json\/wp\/v2\/categories?post=7190"},{"taxonomy":"post_tag","embeddable":true,"href":"https:\/\/vizum.sk\/hu\/wp-json\/wp\/v2\/tags?post=7190"}],"curies":[{"name":"wp","href":"https:\/\/api.w.org\/{rel}","templated":true}]}}