{"id":7862,"date":"2023-12-07T10:47:03","date_gmt":"2023-12-07T09:47:03","guid":{"rendered":"https:\/\/vizum.sk\/?p=7862"},"modified":"2023-12-07T12:35:48","modified_gmt":"2023-12-07T11:35:48","slug":"zmena-obchodnych-podmienok","status":"publish","type":"post","link":"https:\/\/vizum.sk\/hu\/az-uzleti-feltetelek-valtozasa\/","title":{"rendered":"A felt\u00e9telek m\u00f3dos\u00edt\u00e1sa"},"content":{"rendered":"<div data-elementor-type=\"wp-post\" data-elementor-id=\"7862\" class=\"elementor elementor-7862\">\n\t\t\t\t\t\t<section class=\"elementor-section elementor-top-section elementor-element elementor-element-65993ec elementor-section-boxed elementor-section-height-default elementor-section-height-default\" data-id=\"65993ec\" data-element_type=\"section\">\n\t\t\t\t\t\t<div class=\"elementor-container elementor-column-gap-default\">\n\t\t\t\t\t<div class=\"elementor-column elementor-col-100 elementor-top-column elementor-element elementor-element-19287b7\" data-id=\"19287b7\" data-element_type=\"column\">\n\t\t\t<div class=\"elementor-widget-wrap elementor-element-populated\">\n\t\t\t\t\t\t<div class=\"elementor-element elementor-element-97b28a7 elementor-widget elementor-widget-text-editor\" data-id=\"97b28a7\" data-element_type=\"widget\" data-widget_type=\"text-editor.default\">\n\t\t\t\t<div class=\"elementor-widget-container\">\n\t\t\t\t\t\t\t<p>Kedves \u00dcgyfeleink!\u00a0<\/p><p>t\u00e1j\u00e9koztatjuk \u00d6n\u00f6ket, hogy a <strong>15.12.2023<\/strong> a t\u00e1rsas\u00e1g kereskedelmi \u00e9s szerz\u0151d\u00e9si felt\u00e9telei megv\u00e1ltoznak <strong>MTS Consulting, s. r. o.<\/strong>a 222\/2004 sz. t\u00f6rv\u00e9ny 4. \u00a7 (1) bekezd\u00e9se szerinti h\u00e9afizet\u00e9si k\u00f6telezetts\u00e9g keletkez\u00e9s\u00e9nek m\u00f3dj\u00e1ban. a hozz\u00e1adott\u00e9rt\u00e9k-ad\u00f3r\u00f3l.\u00a0<\/p><p>A fentiek alapj\u00e1n t\u00e1rsas\u00e1gunk 2023.12.15-t\u0151l v\u00e1lik \u00e1faalanyk\u00e9nt az al\u00e1bbi azonos\u00edt\u00f3sz\u00e1mmal <strong>SK2121416231<\/strong>.<\/p><p>Ett\u0151l az id\u0151pontt\u00f3l kezdve minden \u00e1ltalunk ny\u00fajtott szolg\u00e1ltat\u00e1s hozz\u00e1adott\u00e9rt\u00e9k-ad\u00f3k\u00f6teles lesz. <strong>20% \u00f6sszegben.<\/strong><\/p><p>Ezeket a v\u00e1ltoz\u00e1sokat a szerz\u0151d\u00e9ses dokument\u00e1ci\u00f3ban, valamint az \u00c1ltal\u00e1nos Szerz\u0151d\u00e9si Felt\u00e9telek dokumentumban is r\u00f6gz\u00edtik.<\/p><p>K\u00f6sz\u00f6nj\u00fck meg\u00e9rt\u00e9s\u00fcket.\u00a0<br \/><br \/>Tisztelettel,\u00a0<br \/>Visa.sk<\/p>\t\t\t\t\t\t<\/div>\n\t\t\t\t<\/div>\n\t\t\t\t\t<\/div>\n\t\t<\/div>\n\t\t\t\t\t<\/div>\n\t\t<\/section>\n\t\t\t\t<\/div>","protected":false},"excerpt":{"rendered":"<p>Tisztelt \u00dcgyfeleink, t\u00e1j\u00e9koztatjuk \u00d6n\u00f6ket, hogy 2023.12.15-t\u0151l az MTS Consulting, s. r. o. \u00fczleti \u00e9s szerz\u0151d\u00e9si felt\u00e9teleiben v\u00e1ltoz\u00e1s k\u00f6vetkezik be az \u00e1fafizet\u00e9si k\u00f6telezetts\u00e9g keletkez\u00e9s\u00e9nek m\u00f3dj\u00e1ban a 222\/2004 sz. t\u00f6rv\u00e9ny 4. \u00a7 (1) bekezd\u00e9se szerint. a hozz\u00e1adott\u00e9rt\u00e9k-ad\u00f3r\u00f3l sz\u00f3l\u00f3 t\u00f6rv\u00e9ny \u00e9rtelm\u00e9ben. A fentiek alapj\u00e1n t\u00e1rsas\u00e1gunk 2023.12.15-t\u0151l ad\u00f3fizet\u0151 [...]<\/p>","protected":false},"author":1,"featured_media":7869,"comment_status":"open","ping_status":"open","sticky":false,"template":"","format":"standard","meta":{"footnotes":"","iawp_total_views":23},"categories":[51],"tags":[],"acf":[],"_links":{"self":[{"href":"https:\/\/vizum.sk\/hu\/wp-json\/wp\/v2\/posts\/7862"}],"collection":[{"href":"https:\/\/vizum.sk\/hu\/wp-json\/wp\/v2\/posts"}],"about":[{"href":"https:\/\/vizum.sk\/hu\/wp-json\/wp\/v2\/types\/post"}],"author":[{"embeddable":true,"href":"https:\/\/vizum.sk\/hu\/wp-json\/wp\/v2\/users\/1"}],"replies":[{"embeddable":true,"href":"https:\/\/vizum.sk\/hu\/wp-json\/wp\/v2\/comments?post=7862"}],"version-history":[{"count":0,"href":"https:\/\/vizum.sk\/hu\/wp-json\/wp\/v2\/posts\/7862\/revisions"}],"wp:featuredmedia":[{"embeddable":true,"href":"https:\/\/vizum.sk\/hu\/wp-json\/wp\/v2\/media\/7869"}],"wp:attachment":[{"href":"https:\/\/vizum.sk\/hu\/wp-json\/wp\/v2\/media?parent=7862"}],"wp:term":[{"taxonomy":"category","embeddable":true,"href":"https:\/\/vizum.sk\/hu\/wp-json\/wp\/v2\/categories?post=7862"},{"taxonomy":"post_tag","embeddable":true,"href":"https:\/\/vizum.sk\/hu\/wp-json\/wp\/v2\/tags?post=7862"}],"curies":[{"name":"wp","href":"https:\/\/api.w.org\/{rel}","templated":true}]}}