{"id":8248,"date":"2024-01-11T16:09:28","date_gmt":"2024-01-11T15:09:28","guid":{"rendered":"https:\/\/vizum.sk\/?p=8248"},"modified":"2024-07-13T01:25:01","modified_gmt":"2024-07-12T23:25:01","slug":"ekvador-bezpecnostne-upozornenie","status":"publish","type":"post","link":"https:\/\/vizum.sk\/hu\/biztonsagi-figyelmeztetes-ecuadorban\/","title":{"rendered":"Ecuador - Biztons\u00e1gi figyelmeztet\u00e9s"},"content":{"rendered":"<div data-elementor-type=\"wp-post\" data-elementor-id=\"8248\" class=\"elementor elementor-8248\">\n\t\t\t\t\t\t<section class=\"elementor-section elementor-top-section elementor-element elementor-element-bdd0ce0 elementor-section-boxed elementor-section-height-default elementor-section-height-default\" data-id=\"bdd0ce0\" data-element_type=\"section\">\n\t\t\t\t\t\t<div class=\"elementor-container elementor-column-gap-default\">\n\t\t\t\t\t<div class=\"elementor-column elementor-col-100 elementor-top-column elementor-element elementor-element-d907d5d\" data-id=\"d907d5d\" data-element_type=\"column\">\n\t\t\t<div class=\"elementor-widget-wrap elementor-element-populated\">\n\t\t\t\t\t\t<div class=\"elementor-element elementor-element-2491b31 elementor-widget elementor-widget-text-editor\" data-id=\"2491b31\" data-element_type=\"widget\" data-widget_type=\"text-editor.default\">\n\t\t\t\t<div class=\"elementor-widget-container\">\n\t\t\t\t\t\t\t<p>Kedves \u00dcgyfeleink!<br \/>Az Ecuadori K\u00f6zt\u00e1rsas\u00e1g eln\u00f6ke, Daniel Noboa 2024. janu\u00e1r 8-\u00e1n 60 napos sz\u00fcks\u00e9g\u00e1llapotot hirdetett az orsz\u00e1gban, 23.00 \u00f3r\u00e1t\u00f3l 05.00 \u00f3r\u00e1ig tart\u00f3 \u00e9jszakai kij\u00e1r\u00e1si tilalommal.<\/p><p>Ez azut\u00e1n t\u00f6rt\u00e9nt, hogy Jos\u00e9 Adolfo Mac\u00edas Villamar, becenev\u00e9n \"Fito\", a Los Choneros drogkartell vezet\u0151je megsz\u00f6k\u00f6tt a guayaquili b\u00f6rt\u00f6nb\u0151l. Miut\u00e1n Fito sz\u00f6k\u00e9s\u00e9nek h\u00edre elterjedt, a b\u00f6rt\u00f6nl\u00e1zad\u00e1sok az orsz\u00e1g k\u00fcl\u00f6nb\u00f6z\u0151 tartom\u00e1nyaiban legal\u00e1bb hat m\u00e1sik b\u00f6rt\u00f6nre is \u00e1tterjedtek. T\u00f6bb tucat vesz\u00e9lyes b\u0171n\u00f6z\u0151nek siker\u00fclt megsz\u00f6knie a b\u00f6rt\u00f6n\u00f6kb\u0151l. A b\u0171n\u00f6z\u0151i csoportok hadat \u00fczentek az \u00e1llamnak \u00e9s D. Noboa ellen. Ezt k\u00f6vet\u0151en a zavarg\u00e1sok Ecuador minden ter\u00fclet\u00e9re \u00e1tterjedtek. Az orsz\u00e1g nagyv\u00e1rosaiban, Quit\u00f3ban, Guayaquilban, Esmeraldasban, Cuenc\u00e1ban, Loja-ban.\u00a0<strong>a hadsereg \u00e9s a rend\u0151rs\u00e9g elleni er\u0151szak, aut\u00f3kban elhelyezett robban\u00f3szerek felrobbant\u00e1sa, k\u00f6zint\u00e9zm\u00e9nyek felgy\u00fajt\u00e1sa \u00e9s k\u00f6zrendzavar\u00e1sra val\u00f3 felbujt\u00e1s<\/strong>. Az ecuadori rend\u0151rs\u00e9g \u00e9s fegyveres er\u0151k t\u00f6bb ezer tagj\u00e1t vetett\u00e9k be a b\u0171n\u00f6z\u0151i csoportok elleni k\u00fczdelemben. Az ecuadori korm\u00e1ny m\u00e9g nem tartja teljes m\u00e9rt\u00e9kben ellen\u0151rz\u00e9se alatt a helyzetet.<\/p><p>Az orsz\u00e1g biztons\u00e1gi helyzete rossz. Gyakoriak a fegyveres rabl\u00e1sok \u00e9s a rabl\u00e1sok. A nagyobb v\u00e1rosokban fegyveres band\u00e1k terroriz\u00e1lj\u00e1k a lakoss\u00e1got \u00e9s t\u00e1madj\u00e1k az \u00e1llami int\u00e9zm\u00e9nyeket. Jelent\u00e9sek szerint a nagyobb v\u00e1rosok - p\u00e9ld\u00e1ul Portoviejo-Guayaquil - bek\u00f6t\u0151\u00fatjait blok\u00e1d al\u00e1 vett\u00e9k, ami a k\u00f6vetkez\u0151 okokat okozza\u00a0<strong>probl\u00e9m\u00e1k az orsz\u00e1gon bel\u00fcli utaz\u00e1s sor\u00e1n.<\/strong>\u00a0Az orsz\u00e1g m\u00e1sodik legnagyobb v\u00e1ros\u00e1nak, Guayaquilnak a rep\u00fcl\u0151tere bez\u00e1rt. Az \u00e9lelmiszer-ell\u00e1t\u00e1s kezd kifogyni. Az orsz\u00e1g vid\u00e9ki \u00e9s t\u00e1voli r\u00e9szeib\u0151l hi\u00e1nyzik az inform\u00e1ci\u00f3.<\/p><p><strong>Nem javasoljuk az utaz\u00e1st Esmeralda, Guayaquil, Loja, Cuenca v\u00e1rosi ter\u00fcleteire, ahol a biztons\u00e1gi helyzet k\u00fcl\u00f6n\u00f6sen rossz, \u00e9s a tov\u00e1bbi fejlem\u00e9nyek kisz\u00e1m\u00edthatatlanok.<\/strong><\/p><p>Fontos, hogy k\u00f6vesse a rend\u0151rs\u00e9g \u00e9s a fegyveres er\u0151k utas\u00edt\u00e1sait, \u00e9s szigor\u00faan tartsa be a 23.00 \u00e9s 05.00 \u00f3ra k\u00f6z\u00f6tti \u00e9jszakai kij\u00e1r\u00e1si tilalmat.<\/p><p>A jelenlegi helyzetben az orsz\u00e1gon bel\u00fcli utaz\u00e1s csak sz\u00fcks\u00e9g eset\u00e9n aj\u00e1nlott.<\/p><p>Egyes l\u00e9git\u00e1rsas\u00e1gok felf\u00fcggesztett\u00e9k az Ecuadorba ir\u00e1nyul\u00f3 j\u00e1ratokat, ami probl\u00e9m\u00e1t jelenthet az Ecuadorb\u00f3l t\u00f6rt\u00e9n\u0151 kiutaz\u00e1skor.<\/p>\t\t\t\t\t\t<\/div>\n\t\t\t\t<\/div>\n\t\t\t\t\t<\/div>\n\t\t<\/div>\n\t\t\t\t\t<\/div>\n\t\t<\/section>\n\t\t\t\t<\/div>","protected":false},"excerpt":{"rendered":"<p>Tisztelt \u00dcgyfeleink!Az Ecuadori K\u00f6zt\u00e1rsas\u00e1g eln\u00f6ke, Daniel Noboa 2024. janu\u00e1r 8-\u00e1n 60 napos rendk\u00edv\u00fcli \u00e1llapotot hirdetett az orsz\u00e1gban, 23.00 \u00e9s 05.00 \u00f3ra k\u00f6z\u00f6tti \u00e9jszakai kij\u00e1r\u00e1si tilalommal. Ez azt k\u00f6vet\u0151en t\u00f6rt\u00e9nt, hogy Jos\u00e9 Adolfo Mac\u00edas Villamar, becenev\u00e9n \"Fito\", a Los Choneros drogkartell vezet\u0151je megsz\u00f6k\u00f6tt a Guayaquil v\u00e1ros\u00e1ban l\u00e9v\u0151 b\u00f6rt\u00f6nb\u0151l. Miut\u00e1n elterjedt a h\u00edr, hogy Fito megsz\u00f6k\u00f6tt a b\u00f6rt\u00f6nb\u0151l, a b\u00f6rt\u00f6nl\u00e1zad\u00e1sok \u00e1tterjedtek m\u00e1s [...]<\/p>","protected":false},"author":1,"featured_media":8249,"comment_status":"open","ping_status":"open","sticky":false,"template":"","format":"standard","meta":{"footnotes":"","iawp_total_views":38},"categories":[81],"tags":[],"acf":[],"_links":{"self":[{"href":"https:\/\/vizum.sk\/hu\/wp-json\/wp\/v2\/posts\/8248"}],"collection":[{"href":"https:\/\/vizum.sk\/hu\/wp-json\/wp\/v2\/posts"}],"about":[{"href":"https:\/\/vizum.sk\/hu\/wp-json\/wp\/v2\/types\/post"}],"author":[{"embeddable":true,"href":"https:\/\/vizum.sk\/hu\/wp-json\/wp\/v2\/users\/1"}],"replies":[{"embeddable":true,"href":"https:\/\/vizum.sk\/hu\/wp-json\/wp\/v2\/comments?post=8248"}],"version-history":[{"count":0,"href":"https:\/\/vizum.sk\/hu\/wp-json\/wp\/v2\/posts\/8248\/revisions"}],"wp:featuredmedia":[{"embeddable":true,"href":"https:\/\/vizum.sk\/hu\/wp-json\/wp\/v2\/media\/8249"}],"wp:attachment":[{"href":"https:\/\/vizum.sk\/hu\/wp-json\/wp\/v2\/media?parent=8248"}],"wp:term":[{"taxonomy":"category","embeddable":true,"href":"https:\/\/vizum.sk\/hu\/wp-json\/wp\/v2\/categories?post=8248"},{"taxonomy":"post_tag","embeddable":true,"href":"https:\/\/vizum.sk\/hu\/wp-json\/wp\/v2\/tags?post=8248"}],"curies":[{"name":"wp","href":"https:\/\/api.w.org\/{rel}","templated":true}]}}