{"id":8332,"date":"2024-01-24T14:54:32","date_gmt":"2024-01-24T13:54:32","guid":{"rendered":"https:\/\/vizum.sk\/?p=8332"},"modified":"2024-01-24T15:41:34","modified_gmt":"2024-01-24T14:41:34","slug":"planovana-odstavka-rezervacneho-systemu","status":"publish","type":"post","link":"https:\/\/vizum.sk\/hu\/a-foglalasi-rendszer-tervezett-szakasza\/","title":{"rendered":"A foglal\u00e1si rendszer tervezett le\u00e1ll\u00e1sa"},"content":{"rendered":"<div data-elementor-type=\"wp-post\" data-elementor-id=\"8332\" class=\"elementor elementor-8332\">\n\t\t\t\t\t\t<section class=\"elementor-section elementor-top-section elementor-element elementor-element-f48d50a elementor-section-boxed elementor-section-height-default elementor-section-height-default\" data-id=\"f48d50a\" data-element_type=\"section\">\n\t\t\t\t\t\t<div class=\"elementor-container elementor-column-gap-default\">\n\t\t\t\t\t<div class=\"elementor-column elementor-col-100 elementor-top-column elementor-element elementor-element-e455f7d\" data-id=\"e455f7d\" data-element_type=\"column\">\n\t\t\t<div class=\"elementor-widget-wrap elementor-element-populated\">\n\t\t\t\t\t\t<div class=\"elementor-element elementor-element-67801ed elementor-widget elementor-widget-text-editor\" data-id=\"67801ed\" data-element_type=\"widget\" data-widget_type=\"text-editor.default\">\n\t\t\t\t<div class=\"elementor-widget-container\">\n\t\t\t\t\t\t\t<p>Kedves \u00dcgyfeleink!<br \/>A Bel\u00fcgyminiszt\u00e9rium sajt\u00f3k\u00f6zlem\u00e9nye \u00fatj\u00e1n t\u00e1j\u00e9koztatjuk \u00d6n\u00f6ket a Bel\u00fcgyminiszt\u00e9rium foglal\u00e1si rendszer\u00e9nek tervezett technikai le\u00e1ll\u00e1s\u00e1r\u00f3l.<\/p><p><strong>Elker\u00fclhetetlen tervezett m\u0171szaki le\u00e1ll\u00e1s miatt\u00a0<a href=\"https:\/\/portal.minv.sk\/wps\/wcm\/connect\/sk\/site\/main\/Rezervacny-system\/\" target=\"_blank\" rel=\"noopener\">foglal\u00e1si rendszer<\/a>, amely lehet\u0151v\u00e9 teszi, hogy id\u0151pontot k\u00e9rjen az okm\u00e1nyirod\u00e1kban, az idegenrend\u00e9szetn\u00e9l vagy a f\u00f6ldhivatalban, 2024. janu\u00e1r 25-\u00e9n, cs\u00fct\u00f6rt\u00f6k\u00f6n 9 \u00f3r\u00e1t\u00f3l k\u00f6r\u00fclbel\u00fcl 13 \u00f3r\u00e1ig nem lesz el\u00e9rhet\u0151.\u00a0<br \/><\/strong><strong><br \/>Eln\u00e9z\u00e9st k\u00e9r\u00fcnk az e-szolg\u00e1ltat\u00e1sok minden felhaszn\u00e1l\u00f3j\u00e1t\u00f3l az okozott kellemetlens\u00e9gek\u00e9rt.<br \/><br \/><br \/><\/strong>Forr\u00e1s: a Szlov\u00e1k K\u00f6zt\u00e1rsas\u00e1g Bel\u00fcgyminiszt\u00e9rium\u00e1nak sajt\u00f3k\u00f6zlem\u00e9nyei<\/p><div class=\"a2a_kit a2a_kit_size_32 a2a_default_style\" aria-label=\"Cikk megoszt\u00e1sa\">\u00a0<\/div>\t\t\t\t\t\t<\/div>\n\t\t\t\t<\/div>\n\t\t\t\t\t<\/div>\n\t\t<\/div>\n\t\t\t\t\t<\/div>\n\t\t<\/section>\n\t\t\t\t<\/div>","protected":false},"excerpt":{"rendered":"<p>Tisztelt \u00dcgyfeleink, A Bel\u00fcgyminiszt\u00e9rium sajt\u00f3k\u00f6zlem\u00e9nye \u00fatj\u00e1n szeretn\u00e9nk t\u00e1j\u00e9koztatni \u00d6n\u00f6ket a Bel\u00fcgyminiszt\u00e9rium foglal\u00e1si rendszer\u00e9nek tervezett technikai le\u00e1ll\u00e1s\u00e1r\u00f3l. Az elker\u00fclhetetlen tervezett m\u0171szaki \u00fczemzavar miatt 2024. janu\u00e1r 25-\u00e9n, cs\u00fct\u00f6rt\u00f6k\u00f6n reggel 9 \u00f3r\u00e1t\u00f3l k\u00f6r\u00fclbel\u00fcl 13 \u00f3r\u00e1ig nem lesz el\u00e9rhet\u0151 az el\u0151jegyz\u00e9si rendszer, amely lehet\u0151v\u00e9 teszi, hogy id\u0151pontot foglaljon az okm\u00e1nyirod\u00e1kban, az idegenrend\u00e9szetn\u00e9l vagy a kataszterben. Az e-szolg\u00e1ltat\u00e1sok valamennyi felhaszn\u00e1l\u00f3ja [...]<\/p>","protected":false},"author":1,"featured_media":8333,"comment_status":"open","ping_status":"open","sticky":false,"template":"","format":"standard","meta":{"footnotes":"","iawp_total_views":26},"categories":[70],"tags":[],"acf":[],"_links":{"self":[{"href":"https:\/\/vizum.sk\/hu\/wp-json\/wp\/v2\/posts\/8332"}],"collection":[{"href":"https:\/\/vizum.sk\/hu\/wp-json\/wp\/v2\/posts"}],"about":[{"href":"https:\/\/vizum.sk\/hu\/wp-json\/wp\/v2\/types\/post"}],"author":[{"embeddable":true,"href":"https:\/\/vizum.sk\/hu\/wp-json\/wp\/v2\/users\/1"}],"replies":[{"embeddable":true,"href":"https:\/\/vizum.sk\/hu\/wp-json\/wp\/v2\/comments?post=8332"}],"version-history":[{"count":0,"href":"https:\/\/vizum.sk\/hu\/wp-json\/wp\/v2\/posts\/8332\/revisions"}],"wp:featuredmedia":[{"embeddable":true,"href":"https:\/\/vizum.sk\/hu\/wp-json\/wp\/v2\/media\/8333"}],"wp:attachment":[{"href":"https:\/\/vizum.sk\/hu\/wp-json\/wp\/v2\/media?parent=8332"}],"wp:term":[{"taxonomy":"category","embeddable":true,"href":"https:\/\/vizum.sk\/hu\/wp-json\/wp\/v2\/categories?post=8332"},{"taxonomy":"post_tag","embeddable":true,"href":"https:\/\/vizum.sk\/hu\/wp-json\/wp\/v2\/tags?post=8332"}],"curies":[{"name":"wp","href":"https:\/\/api.w.org\/{rel}","templated":true}]}}